{"id":9209,"name":"A Fed\u00e9l N\u00e9lk\u00fcl Szerkeszt\u0151s\u00e9g","url":"","description":"","link":"https:\/\/fedelnelkul.hu\/en\/author\/a-fedel-nelkul-szerkesztoseg\/","slug":"a-fedel-nelkul-szerkesztoseg","avatar_urls":{"24":"https:\/\/secure.gravatar.com\/avatar\/5cf793f4329b1a710d0d909cb57e4f40?s=24&d=mm&r=g","48":"https:\/\/secure.gravatar.com\/avatar\/5cf793f4329b1a710d0d909cb57e4f40?s=48&d=mm&r=g","96":"https:\/\/secure.gravatar.com\/avatar\/5cf793f4329b1a710d0d909cb57e4f40?s=96&d=mm&r=g"},"meta":[],"_links":{"self":[{"href":"https:\/\/fedelnelkul.hu\/en\/wp-json\/wp\/v2\/users\/9209","targetHints":{"allow":["GET"]}}],"collection":[{"href":"https:\/\/fedelnelkul.hu\/en\/wp-json\/wp\/v2\/users"}]}}