{"id":9916,"date":"2021-01-14T17:38:00","date_gmt":"2021-01-14T16:38:00","guid":{"rendered":"https:\/\/fedelnelkul.hu\/?p=9916"},"modified":"2020-12-18T14:16:25","modified_gmt":"2020-12-18T13:16:25","slug":"kormos-anett","status":"publish","type":"post","link":"https:\/\/fedelnelkul.hu\/en\/2021\/01\/14\/kormos-anett\/","title":{"rendered":"Kormos Anett"},"content":{"rendered":"<p>Nagyr\u00e9szben az \u00edr\u00e1sb\u00f3l \u00e9l, fell\u00e9p\u00e9sei sz\u00e1m\u00e1t megnyirb\u00e1lta a j\u00e1rv\u00e1ny. Ennek ellen\u00e9re Kormos Anett \u00e9lete nem sokat v\u00e1ltozott. Alaptev\u00e9kenys\u00e9g\u00e9ben \u00e9s \u00e9letm\u00f3dj\u00e1ban egy kanap\u00e9n \u00fclve t\u00f6lti napjait, huszonn\u00e9gy \u00f3r\u00e1b\u00f3l huszonkett\u0151t. K\u00e9t k\u00f6lt\u00f6ztet\u0151 \u00e9s a dobozok k\u00f6zt csak el\u00e9rt\u00fck egym\u00e1st. Hangja nyugodt, a jelenleg \u0151t k\u00f6r\u00fclvev\u0151 k\u00e1osz ellen\u00e9re. K\u00edv\u00e1ncsiv\u00e1 tett, honnan ered ez az \u0151si rugalmass\u00e1g. Mintha m\u00e1r \u00edgy sz\u00fcletett volna. Halad, amerre az \u00e9let sodorja. Receptje nincs r\u00e1, de \u00fagy t\u0171nik, ez valahogy m\u00e9gis bej\u00f6tt.<br \/>\n<!--more--><\/p>\n<h2>Humor, mint a t\u00fal\u00e9l\u00e9s eszk\u00f6ze<\/h2>\n<h2>\u201eN\u00e9mely \u00fct\u00e9s \u00e1ld\u00e1snak is t\u0171nhet\u201d<\/h2>\n<h2>\u2013 Kormos Anett interj\u00fa<\/h2>\n<p><strong>Fed\u00e9l N\u00e9lk\u00fcl 2020. december 31. 689. sz\u00e1m<\/strong><\/p>\n<p><span style=\"color: #ff0000;\">Mi az, amit h\u00e1tr\u00e1nyk\u00e9nt \u00e9lt\u00e9l meg \u00e9s mi az, amit tan\u00edtott ez az id\u0151szak?<\/span><\/p>\n<p>\u00d6sszesen tal\u00e1n annyi, hogy m\u00e1r nem csak h\u00e1romszor-n\u00e9gyszer kell visszaszaladnom, mert valamit otthon hagytam, hanem eggyel t\u00f6bbsz\u00f6r, mert a maszkot is elfelejtem. Szerintem mi emberek alapvet\u0151en \u00fagy vagyunk \u00f6sszerakva, hogy nagyon meg tudunk ijedni, \u00e9s akkor hirtelen nagy fogadalmakat tesz\u00fcnk, ami az ijedts\u00e9g elm\u00falt\u00e1val el is sziv\u00e1rog. Joggal fesz\u00fclt az eg\u00e9sz t\u00e1rsadalom, ez a bizonytalans\u00e1g senkinek sem j\u00f3. \u00c9n a szem\u00e9lyis\u00e9\u00adgemb\u0151l fakad\u00f3an tal\u00e1n picit higgadtabb vagyok az \u00e1tlagn\u00e1l. Mindig a k\u00f6vetkez\u0151 napig tervezek, \u00e9s ha az ok\u00e9, el\u00e9gedett vagyok. \u0150szint\u00e9n sz\u00f3lva ez a v\u00edrus ennek a t\u00edpus\u00fa embernek az\u00e9rt nem okoz der\u00admeszt\u0151 v\u00e1ltoz\u00e1st.<\/p>\n<p><span style=\"color: #ff0000;\">Forgat\u00f3k\u00f6nyveket is \u00edrsz. Van most esetleg valami aktu\u00e1lis, amir\u0151l besz\u00e9lhetsz?<\/span><\/p>\n<p>Az els\u0151 h\u00e1rom \u00e9vadban \u201eA mi kis falunk\u201d-nak, most a \u201eMintaap\u00e1k\u201d-nak vagyok vezet\u0151 forgat\u00f3k\u00f6nyv\u00ad\u00edr\u00f3ja. Jelenleg egy nagyon j\u00f3 kis csapat \u00e1ll m\u00f6g\u00f6ttem, akikkel \u00f6r\u00f6m egy\u00fctt dolgozni. Mivel ez egy napi sorozat, \u0151szint\u00e9n sz\u00f3lva el\u00e9g sok id\u0151met felem\u00e9szti, de nyilv\u00e1n terjesztgetem a sz\u00e1rnyaimat ide, oda, amoda. Pr\u00f3b\u00e1lom m\u00e1s ter\u00fcleteken is megvetni a l\u00e1bam, keresem a szakmai kih\u00edv\u00e1sokat, az inspir\u00e1l\u00f3 feladatokat.<\/p>\n<p><span style=\"color: #ff0000;\">A kommunik\u00e1ci\u00f3 el\u00e9gg\u00e9 hi\u00e1nyzik a t\u00e1rsadalmunkb\u00f3l. Mondhatjuk azt, hogy a munk\u00e1d k\u00f6zvet\u00edt\u0151i szerepet is bet\u00f6lt?<\/span><\/p>\n<p>Nem akarom ezt t\u00faldimenzion\u00e1lni, mert azt gondolom, a stand up-osok dolga, hogy megnevettess\u00e9k a k\u00f6z\u00f6ns\u00e9get. Ha ez egy kocsm\u00e1ban, r\u00e9szegen, diszn\u00f3\u00f6l\u00e9s ut\u00e1n \u00f6sszever\u0151d\u00f6tt t\u00e1rsas\u00e1g, akkor \u0151ket. Ha pedig egy orvosi konferencia ut\u00e1n, lazul\u00e1sra v\u00e1gy\u00f3 doktoranduszok gy\u00fclekezete, akkor \u0151ket. Amikor \u00e1ruba bocs\u00e1tjuk a m\u0171v\u00e9szet\u00fcnket, legyen az egy stand up el\u0151ad\u00e1s vagy egy forgat\u00f3k\u00f6nyv, akkor illik figyelembe venni a megrendel\u0151i ig\u00e9nyeket, a k\u00f6z\u00f6ns\u00e9g ig\u00e9ny\u00e9t. Nyilv\u00e1n egy \u00f6n\u00e1ll\u00f3 est el\u0151ad\u00e1sa sz\u00ednh\u00e1zi k\u00f6r\u00fclm\u00e9nyek k\u00f6z\u00f6tt nagyobb teret enged az \u00f6nmegval\u00f3s\u00edt\u00e1snak.<\/p>\n<p><span style=\"color: #ff0000;\">\u00c9s mi van a po\u00e9nok m\u00f6g\u00f6tt?<\/span><\/p>\n<p>Nagyon szeretn\u00e9m megfejteni a saj\u00e1t munk\u00e1ss\u00e1gomat, de nincs tudatoss\u00e1g m\u00f6g\u00f6tte. \u00c9n az\u00e9rt megyek sz\u00ednpadra, hogy az emberek nevessenek \u00e9s az\u00e9rt fogok tollat, hogy hat\u00e1ssal legyek a k\u00f6z\u00f6ns\u00e9gre. Ha siker\u00fcl g\u00e1tl\u00e1sokat felszabad\u00edtanom, siker\u00fcl ironikusan, vagy ak\u00e1r csak egy picit m\u00e1s szemsz\u00f6gb\u0151l r\u00e1n\u00e9zni a saj\u00e1t probl\u00e9m\u00e1inkra, a vil\u00e1g probl\u00e9m\u00e1ira, ha siker\u00fcl valamennyi fesz\u00fclts\u00e9get felszabad\u00edtani azzal, hogy ott \u00f6nfeledten r\u00f6h\u00f6g\u00fcnk a saj\u00e1t h\u00fclyes\u00e9g\u00fcnk\u00f6n, akkor meg\u00e9rte. Igyekszem olyan t\u00f6rt\u00e9neteket mes\u00e9lni, ami mindannyiunkra igaz, mindannyiunkat \u00e9rint.<\/p>\n<p><span style=\"color: #ff0000;\">Abszol\u00fat. R\u00e1ad\u00e1sul sz\u00f3kimond\u00f3 t\u00edpus vagy, egy igazi tabud\u00f6nt\u00f6get\u0151, ami a mai, k\u00f6nt\u00f6sbe b\u00fajtatott vil\u00e1gban m\u00e1r ritkas\u00e1g sz\u00e1mban megy. Honnan j\u00f6n bel\u0151led ez a nagy igazs\u00e1g, vagy h\u00edvjuk ink\u00e1bb szabads\u00e1gnak?<\/span><\/p>\n<p>Azt hiszem, m\u00e1r a csal\u00e1dom is arra nevelt, hogy szabadon alkossak v\u00e9lem\u00e9nyt \u00e9s gondolkodjak a vil\u00e1g dolgair\u00f3l. Ezt l\u00e1ttam otthon, \u00e9s j\u00f3 t\u00e1ptalajra hullottam ilyen \u00e9rtelemben. T\u00e1mogattak, meghallgattak gyerekkoromt\u00f3l kezdve. Sz\u00f3kimond\u00e1s. Azt hiszem, ezt ap\u00e1mt\u00f3l siker\u00fclt hozni, aki ezt g\u00e1tl\u00e1stalanul csin\u00e1lja. Ami els\u0151 k\u00f6rben megh\u00f6kkent\u0151, azt\u00e1n felszabad\u00edt\u00f3. Ha szem\u00e9lyesen tal\u00e1lkoztunk volna, \u00e9n t\u00e9nyleg el\u00e9g k\u00f6zvetlen vagyok. K\u00e9t perc m\u00falva m\u00e1r val\u00f3sz\u00edn\u0171leg besz\u00e9ln\u00e9l arr\u00f3l, hogy milyen gondjaid vannak a pasiddal vagy a csajoddal \u00e9s \u00e9n sz\u00edvesen meghallgatn\u00e1lak.<br \/>\nA tabud\u00f6nt\u00f6get\u00e9s nem sz\u00e1nd\u00e9kos, de igencsak r\u00e1f\u00e9r a t\u00e1rsadalmunkra, mert egyre er\u0151sebb a k\u00fcls\u0151 nyom\u00e1s, hogy zabszemmel a segg\u00fcnkben \u00e9lj\u00fck le az \u00e9let\u00fcnket. Tudom, hogy ord\u00edt\u00f3an nagy k\u00f6zhelynek hangzik, de kapaszkodnunk kell a szabads\u00e1gunk morzs\u00e1iba, mert ha a gondolataink is kalitk\u00e1ba szorulnak, onnan nincs vissza\u00fat. Nem hiszem, hogy a \u201ekuss a neved\u201d egy \u00e9letresz\u00f3l\u00f3 mott\u00f3 lehet, s\u0151t pont az ellenkez\u0151j\u00e9t gondolom: nem hallgatni kellene megtan\u00edtani a gyerekeinket, hanem kommunik\u00e1lni. Nem er\u0151szakkal bepr\u00e9selni \u0151ket, mindannyiunkat egy csord\u00e1ba, hanem megtan\u00edtani gondolkodni, d\u00f6nteni, v\u00e9lem\u00e9nyt alkotni \u00e9s azt kifejezni. Ez a d\u00e9lib\u00e1b lebeg olykor a szemeim el\u0151tt, ha sz\u00e9ps\u00e9gkir\u00e1lyn\u0151 lenn\u00e9k, val\u00f3sz\u00edn\u0171leg ez\u00e9rt \u201ek\u00fczden\u00e9k\u201d a vil\u00e1gb\u00e9ke helyett.<\/p>\n<p><span style=\"color: #ff0000;\">Mennyire tartod fontosnak a t\u00e1rsadalmi \u00e9rz\u00e9keny\u00edt\u00e9st? P\u00e9ld\u00e1ul a hajl\u00e9ktalans\u00e1g, szeg\u00e9nys\u00e9g t\u00e9mak\u00f6r\u00e9ben, vagy legyen sz\u00f3 csak arr\u00f3l, hogy emp\u00e1tia.<\/span><\/p>\n<p>Nagyon fontosnak tartan\u00e1m. Viszont nem fektet erre el\u00e9g hangs\u00falyt az oktat\u00e1s sem. R\u00e1ad\u00e1sul a vall\u00e1s a mostani gener\u00e1ci\u00f3nak gyakorlatilag ciki, \u00e9s lassan m\u00e1r csak eml\u00e9kk\u00e9peink vannak arr\u00f3l, hogy milyen egy templom. Vannak bizonyos alapk\u00f6vei az embernek, az \u00e9letnek \u00e9s a t\u00e1rsadalomnak. Nem gondolom, hogy sokszor tapintatosak vagy empatikusak lenn\u00e9nk, de nem is mindig k\u00f6nny\u0171 egy\u00e9bk\u00e9nt. Alapvet\u0151en j\u00f3 \u00e9rz\u00e9s\u0171 emberekkel van tele a vil\u00e1g, de nagyon neh\u00e9z ma seg\u00edteni kock\u00e1zat n\u00e9lk\u00fcl. Annyira az \u00e9letben marad\u00e1s\u00e9rt kaparunk mindannyian, mindennap, hogy eg\u00e9sz egyszer\u0171en csak arra v\u00e1gyunk, hogy haza\u00e9rj\u00fcnk a nap v\u00e9g\u00e9n \u00fagy, hogy nem t\u00f6rt\u00e9nt semmi szar. Akkor ez egy kiv\u00e9teles nap volt. Az pedig, hogy a gyerekek \u00e9rz\u00e9kenyek-e vagy sem, az nagyr\u00e9szt att\u00f3l f\u00fcgg, mit l\u00e1tnak otthon a sz\u00fcleikt\u0151l. De nem k\u00f6nny\u0171, nek\u00fcnk sz\u00fcl\u0151knek nagyon r\u00e9sen kell lenn\u00fcnk, \u00e9s sokat kell besz\u00e9lgetn\u00fcnk a gyerekeinkkel, ha nem akarjuk, hogy a kev\u00e9sb\u00e9 \u00e9rz\u00e9keny \u00e9s sajnos kiterjedt k\u00f6rnyezet m\u00e1s ir\u00e1nyokkal fert\u0151zze meg \u0151ket.<br \/>\nAzt hinni, hogy nek\u00fcnk az\u00e9rt megy a szek\u00e9r, mert kurva j\u00f3k vagyunk, minimum botors\u00e1g. Egyr\u00e9szt a szerencse forgand\u00f3 \u2013 csak hogy l\u00e1sd: nem riadok vissza a \u201eb\u00f6lcsess\u00e9gek\u201d puffogtat\u00e1s\u00e1t\u00f3l \u2013 sz\u00f3val a szerencse egyr\u00e9szt forgand\u00f3, m\u00e1sr\u00e9szt a sikert, az anyagi javakat, az elismer\u00e9st nem mindig \u00e9rdemek szerint osztja ki a g\u00e9p. \u00c9n is megj\u00e1rtam a magam hull\u00e1mv\u00f6lgyeit, \u00e9s nem mindig a cs\u00facson voltam a legb\u00fcszk\u00e9bb magamra, az \u00e9rdemeimre.<\/p>\n<p><span style=\"color: #ff0000;\">Mi az, amit szerinted mindegyik\u0151nk meg tud annak \u00e9rdek\u00e9ben tenni, hogy egy kicsit is jobb legyen a helyzet?<\/span><\/p>\n<p>Karny\u00fajt\u00e1snyira vagyunk felel\u0151sek egym\u00e1s\u00e9rt. Els\u0151sorban a saj\u00e1t gyerekeimet tudom ilyen \u00e9rtelemben emp\u00e1ti\u00e1ra nevelni. \u00c9s sz\u00fcks\u00e9g\u00fck van erre, mert a sodr\u00e1s m\u00e1s ir\u00e1nyba vinn\u00e9 \u0151ket.<br \/>\nJ\u00f3 lenne, ha mindenki a saj\u00e1t k\u00f6rnyezet\u00e9ben l\u00e9v\u0151ket volna k\u00e9pes egy kicsit toleranci\u00e1ra buzd\u00edtani, elfogad\u00f3v\u00e1 tenni. A fel\u00fclr\u0151l j\u00f6v\u0151 kezdem\u00e9nyez\u00e9sekben, nagy ki\u00e1ltv\u00e1nyokban az\u00e9rt hiszek egy picit kev\u00e9sb\u00e9, mert azt gondolom, hogy az \u00e9rz\u00e9sek nem v\u00e1ltoznak parancsra. P\u00e9ld\u00e1ul a n\u0151i egyenjog\u00fas\u00e1g\u00e9rt lehet harcolni, mi t\u00f6bb, kell is, de a t\u00f6rv\u00e9ny el\u0151tti egyenl\u0151s\u00e9g sajnos nagyon t\u00e1vol \u00e1ll a val\u00f3di egyenl\u0151s\u00e9gt\u0151l. Van, amit nem lehet kiharcolni, csak ki\u00e9rdemelni.<\/p>\n<p><span style=\"color: #ff0000;\">Ugorjunk egyet az otthon \u00e9s a csal\u00e1d t\u00e9mak\u00f6r\u00e9re. J\u00f3 esetben, egy stabil pont az ember \u00e9let\u00e9ben. Neked mi jelenti vagy jelentette ezt a stabilit\u00e1st gyerekkorodban \u00e9s most?<\/span><\/p>\n<p>\u00c9n egy nagyon j\u00f3 csal\u00e1dba sz\u00fclettem, \u00e9s ez\u00e9rt h\u00e1l\u00e1s vagyok. Azt gondolom, hogy a legt\u00f6bb \u00fatraval\u00f3t az embernek a csal\u00e1dja adja. A pszichol\u00f3gusn\u00e1l az emberek nem v\u00e9letlen\u00fcl besz\u00e9lnek annyit az anyjukkal val\u00f3 kapcsolatukr\u00f3l, sajnos az meghat\u00e1roz rengeteg dolgot.<br \/>\nMindenki el tudja mondani, hogy milyen probl\u00e9m\u00e1i vannak a sz\u00fcleivel, \u00e9n is. F\u00e9lre\u00e9rt\u00e9s ne ess\u00e9k, ide\u00e1lis kapcsolat ide vagy oda, tudn\u00e9k sorolni b\u0151ven. De el kell \u00e9rkezni a feln\u0151tts\u00e9gnek arra a szintj\u00e9re, amikor az ember elengedi ezeket \u00e9s azt n\u00e9zi, hogy mennyi mindent kapott a csal\u00e1dj\u00e1t\u00f3l, mert k\u00f6nnyebb lesz az \u00e9let.<br \/>\nLehet a s\u00e9relmeket magaddal vinni, egy kicsit \u00f6lelgetni, kicsit magadhoz fogni, hadd ragadjon a testedre, a b\u0151r\u00f6dre, de szerintem ez h\u00fclyes\u00e9g. Ha az alap\u00e1ll\u00edt\u00e1s igaz, hogy t\u00e9ged a sz\u00fcleid szeretni pr\u00f3b\u00e1ltak, akkor l\u00e9nyeg\u00e9ben \u0151k a k\u00e9pess\u00e9geikhez m\u00e9rten megtett\u00e9k, amit meg tudtak. Ha ez sem igaz, az sajnos er\u0151s h\u00e1tr\u00e1ny. \u00c9n is rajong\u00e1sig szeretem a gyerekeimet, de rengeteget hib\u00e1zom. Ezeket nyilv\u00e1n majd \u0151k is elmes\u00e9lik a pszichol\u00f3gusuknak.<\/p>\n<p><span style=\"color: #ff0000;\">Volt gyermekkorodban a k\u00f6rnyezetedben olyan szem\u00e9ly vagy csal\u00e1d, aki neh\u00e9z k\u00f6r\u00fclm\u00e9nyek k\u00f6z\u00f6tt \u00e9lt? Mit tapasztalt\u00e1l ebb\u0151l?<\/span><\/p>\n<p>Mi magunk is \u00e9lt\u00fcnk nagyon neh\u00e9z k\u00f6r\u00fclm\u00e9nyek k\u00f6z\u00f6tt. Lehet, hogy most azt gondolod, hogy t\u00falzok, de nem. Volt id\u0151szak, amikor mi j\u00f3m\u00f3d\u00fa csal\u00e1dnak sz\u00e1m\u00edtottunk a Balaton k\u00f6rny\u00e9k\u00e9n, de ez v\u00e1ltozott ide-oda. Gyakorlatilag szinte a null\u00e1ra. Volt, hogy probl\u00e9m\u00e1t jelentett a napi meg\u00e9lhet\u00e9s a csal\u00e1d sz\u00e1m\u00e1ra, mert ap\u00e1mat kiragadt\u00e1k a csal\u00e1di k\u00f6zegb\u0151l, mi meg egyed\u00fcl maradtunk any\u00e1mmal, aki addig h\u00e1ztart\u00e1sbelik\u00e9nt rengeteget dolgozott, de az nem sz\u00e1m\u00edt keres\u0151 foglalkoz\u00e1snak.<br \/>\n\u00dagyhogy ker\u00fclt\u00fcnk szorult helyzetbe, s\u0151t, amikor felk\u00f6lt\u00f6ztem Pestre, \u00e9n magam is, majd a f\u00e9rjemmel is voltak olyan hull\u00e1mv\u00f6lgyeink, hogy nagyon meg kellett sz\u00e1molni, h\u00e1ny pelenk\u00e1nk van m\u00e9g. Utc\u00e1ra nem ker\u00fclt\u00fcnk, mondjuk ez t\u00e9ny, de voltak necces pillanatok. \u00c9n csak a gyerekeimmel tudok p\u00e9ld\u00e1l\u00f3zni, mert minden ilyen szerencs\u00e9tlen inform\u00e1ci\u00f3t meg tanuls\u00e1got r\u00e1juk tukm\u00e1lok. Alapvet\u0151en az\u00e9rt keresek p\u00e9nzt, hogy meg tudjuk venni, amit szeretn\u00e9nk. \u0150k is, \u00e9n is, n\u00e9ha f\u00f6l\u00f6sleges dolgokat is, de ha nekik \u00f6r\u00f6met okoz, engem nem k\u00fcl\u00f6n\u00f6sebben \u00e9rdekel. Nyilv\u00e1n az \u00e9sszer\u0171s\u00e9g hat\u00e1rain bel\u00fcl, \u00e9s ritk\u00e1n k\u00edv\u00fcl. De fontos, hogy tudj\u00e1k, ha nincs, akkor nincs. Azzal is kell tudni menni.<\/p>\n<p><span style=\"color: #ff0000;\">Szerinted van mit \u00fcnnepelni az \u00e9v v\u00e9g\u00e9n?<\/span><\/p>\n<p>Van. Szerintem, aki \u00e9l, az \u00fcnnepeljen, hogy m\u00e9g \u00e9l, gondoljon a k\u00f6vetkez\u0151 napra \u00e9s b\u00edzzon benne, hogy a k\u00f6vetkez\u0151 nap is \u00e9lni fog. Tudom, \u00fagy t\u0171nik, ez nem el\u00e9g ok az \u00f6r\u00f6mre, de szerintem el\u00e9g. Ez egy nagyon neh\u00e9z id\u0151szak, pr\u00f3b\u00e1ra teszi az embereket, a csal\u00e1dokat, a kapcsolatokat, \u00e9s sz\u00e1mos el\u0151re nem l\u00e1that\u00f3 k\u00f6vetkezm\u00e9nye lesz.<br \/>\nDe egyszer\u0171en nem lehet feladni. Az apr\u00f3 \u00f6r\u00f6m\u00f6kbe kell kapaszkodni. Mindenkit \u00e9rnek olyan csap\u00e1sok, ami ut\u00e1n lehetetlennek t\u0171nik felkelni \u00e9s tov\u00e1bb menni. De \u00e9rdemes, mert visszatekintve n\u00e9mely \u00fct\u00e9s ak\u00e1r \u00e1ld\u00e1snak is t\u0171nhet, vagy legal\u00e1bbis egy kij\u00f3zan\u00edt\u00f3 pofonnak, hogy v\u00e1ltoztatni kell.<\/p>\n<p><span style=\"color: #ff0000;\">Ajkai M\u00f3nika<\/span><\/p>\n<p><span style=\"color: #000000;\">fot\u00f3: Dumasz\u00ednh\u00e1z<\/span><\/p>\n<div class='watch-action'><div class='watch-position align-left'><div class='action-like'><a class='lbg-style1 like-9916 jlk' href='javascript:void(0)' data-task='like' data-post_id='9916' data-nonce='f48ebca404' rel='nofollow'><img class='wti-pixel' src='https:\/\/fedelnelkul.hu\/wp-content\/plugins\/wti-like-post\/images\/pixel.gif' title='Like' \/><span class='lc-9916 lc'>+2<\/span><\/a><\/div><\/div> <div class='status-9916 status align-left'><\/div><\/div><div class='wti-clear'><\/div>","protected":false},"excerpt":{"rendered":"<p>Nagyr\u00e9szben az \u00edr\u00e1sb\u00f3l \u00e9l, fell\u00e9p\u00e9sei sz\u00e1m\u00e1t megnyirb\u00e1lta a j\u00e1rv\u00e1ny. Ennek ellen\u00e9re Kormos Anett \u00e9lete nem sokat v\u00e1ltozott. Alaptev\u00e9kenys\u00e9g\u00e9ben \u00e9s \u00e9letm\u00f3dj\u00e1ban egy kanap\u00e9n \u00fclve t\u00f6lti napjait, huszonn\u00e9gy \u00f3r\u00e1b\u00f3l huszonkett\u0151t. K\u00e9t k\u00f6lt\u00f6ztet\u0151 \u00e9s a dobozok k\u00f6zt csak el\u00e9rt\u00fck egym\u00e1st. Hangja nyugodt, a jelenleg \u0151t k\u00f6r\u00fclvev\u0151 k\u00e1osz ellen\u00e9re. K\u00edv\u00e1ncsiv\u00e1 tett, honnan ered ez az \u0151si rugalmass\u00e1g. Mintha m\u00e1r &hellip; <a href=\"https:\/\/fedelnelkul.hu\/en\/2021\/01\/14\/kormos-anett\/\" class=\"more-link\">Continue reading <span class=\"screen-reader-text\">Kormos Anett<\/span><\/a><\/p>\n","protected":false},"author":9211,"featured_media":9917,"comment_status":"closed","ping_status":"open","sticky":false,"template":"","format":"standard","meta":{"footnotes":""},"categories":[478,276],"tags":[],"class_list":["post-9916","post","type-post","status-publish","format-standard","has-post-thumbnail","hentry","category-478","category-sztarinterju"],"_links":{"self":[{"href":"https:\/\/fedelnelkul.hu\/en\/wp-json\/wp\/v2\/posts\/9916","targetHints":{"allow":["GET"]}}],"collection":[{"href":"https:\/\/fedelnelkul.hu\/en\/wp-json\/wp\/v2\/posts"}],"about":[{"href":"https:\/\/fedelnelkul.hu\/en\/wp-json\/wp\/v2\/types\/post"}],"author":[{"embeddable":true,"href":"https:\/\/fedelnelkul.hu\/en\/wp-json\/wp\/v2\/users\/9211"}],"replies":[{"embeddable":true,"href":"https:\/\/fedelnelkul.hu\/en\/wp-json\/wp\/v2\/comments?post=9916"}],"version-history":[{"count":4,"href":"https:\/\/fedelnelkul.hu\/en\/wp-json\/wp\/v2\/posts\/9916\/revisions"}],"predecessor-version":[{"id":9975,"href":"https:\/\/fedelnelkul.hu\/en\/wp-json\/wp\/v2\/posts\/9916\/revisions\/9975"}],"wp:featuredmedia":[{"embeddable":true,"href":"https:\/\/fedelnelkul.hu\/en\/wp-json\/wp\/v2\/media\/9917"}],"wp:attachment":[{"href":"https:\/\/fedelnelkul.hu\/en\/wp-json\/wp\/v2\/media?parent=9916"}],"wp:term":[{"taxonomy":"category","embeddable":true,"href":"https:\/\/fedelnelkul.hu\/en\/wp-json\/wp\/v2\/categories?post=9916"},{"taxonomy":"post_tag","embeddable":true,"href":"https:\/\/fedelnelkul.hu\/en\/wp-json\/wp\/v2\/tags?post=9916"}],"curies":[{"name":"wp","href":"https:\/\/api.w.org\/{rel}","templated":true}]}}