{"id":9602,"date":"2020-11-12T19:03:10","date_gmt":"2020-11-12T18:03:10","guid":{"rendered":"https:\/\/fedelnelkul.hu\/?p=9602"},"modified":"2020-11-24T13:48:06","modified_gmt":"2020-11-24T12:48:06","slug":"muller-peter-sziami","status":"publish","type":"post","link":"https:\/\/fedelnelkul.hu\/en\/2020\/11\/12\/muller-peter-sziami\/","title":{"rendered":"M\u00fcller P\u00e9ter Szi\u00e1mi"},"content":{"rendered":"<p>M\u00fcller P\u00e9ter Szi\u00e1mi 1951-ben sz\u00fcletett Budapesten. Sz\u00fclet\u00e9si neve Kovalcze V\u00e9gh P\u00e9ter Iv\u00e1n. Miut\u00e1n M\u00fcller P\u00e9ter \u00edr\u00f3, akit az \u00e9desapjak\u00e9nt tisztel, nev\u00e9re vette, \u00edgy lett M\u00fcller P\u00e9ter Iv\u00e1n. K\u00f6lt\u0151, dalszerz\u0151, \u00e9nekes, filmrendez\u0151, kult\u00far\u00e1lis szakember. A magyar alternat\u00edv kult\u00fara egyik meghat\u00e1roz\u00f3 egy\u00e9nis\u00e9gek\u00e9nt tartj\u00e1k sz\u00e1mon. Legh\u00edresebb zenekara a Szi\u00e1mi volt, de szerz\u0151t\u00e1rsa, Gasner J\u00e1nos hal\u00e1la ut\u00e1n 2009-ben bejelentette, hogy a Szi\u00e1mi megsz\u0171nt l\u00e9tezni. 2012-ben alap\u00edtotta Kirschner P\u00e9terrel a M\u00fcller P\u00e9ter Szi\u00e1mi And Friends egy\u00fcttest, de m\u00e1s form\u00e1ci\u00f3kkal is fell\u00e9p. 2008 \u00f3ta j\u00e1tszik a Baltaz\u00e1r Sz\u00ednh\u00e1zban, t\u00f6bb el\u0151ad\u00e1sban is szerepel. K\u00f6zrem\u0171k\u00f6d\u00e9s\u00e9vel val\u00f3sult meg az \u00c1rad a szeretet c\u00edm\u0171 koncert a M\u0171v\u00e9szetek Palot\u00e1j\u00e1ban, ahol a Baltaz\u00e1r t\u00e1rsulata a magyar k\u00f6nny\u0171\u00adzene legjelent\u0151sebb k\u00e9pvisel\u0151ivel l\u00e9pett fel.<!--more--><\/p>\n<h2>\u201e\u00c9n is l\u00e1tom, hogy beteg a vil\u00e1g\u201d<\/h2>\n<h2>Interj\u00fa M\u00fcller P\u00e9ter Szi\u00e1mival<\/h2>\n<p><strong>Fed\u00e9l N\u00e9lk\u00fcl 2020. november 19. 686. sz\u00e1m<\/strong><\/p>\n<p><span style=\"color: #ff0000;\">T\u00e9ged M\u00fcller P\u00e9ter Iv\u00e1nnak h\u00edvnak. Hogyan lett\u00e9l Szi\u00e1mi?<\/span><\/p>\n<p>M\u00fcller P\u00e9ter, aki \u00f6r\u00f6kbe fogadott, akit \u00e9desap\u00e1mnak h\u00edvok \u00e9s aki \u00edr\u00f3 volt, \u00e9n meg k\u00f6lt\u0151, m\u00e1r pici korom \u00f3ta \u00edrtam verseket, valahogy kor\u00e1n megkezdte az irodalmi nevel\u00e9semet. Feladatokat kaptam, \u00fajs\u00e1gh\u00edrek alapj\u00e1n \u00edrtam novell\u00e1kat. 15 \u00e9ves voltam, amikor elhat\u00e1roztam, hogy belev\u00e1gok egy reg\u00e9nybe. Nekem \u00e1ltal\u00e1ban az ilyen nagy\u00edv\u0171 dolgok nem igaz\u00e1n fekszenek, b\u00e1r \u00edrtam forgat\u00f3k\u00f6nyvet, sz\u00edndarabot is. Elj\u00f6tt a ny\u00e1r \u00e9s elhat\u00e1roztam, hogy \u00edrok egy reg\u00e9nyt, nyilv\u00e1n abb\u00f3l az amb\u00edci\u00f3b\u00f3l, hogy feln\u0151jek a pap\u00e1hoz. A c\u00edme \u00e9s a t\u00e9m\u00e1ja az volt, \u201eHogyan \u00e9ljen a szi\u00e1mi ikerp\u00e1r?\u201d. Bele\u00e1stam magam a szakirodalomba, ki\u00adtal\u00e1ltam a t\u00e9m\u00e1t, tanulm\u00e1nyoztam, hogyan dolgozik a t\u00f6bbi \u00edr\u00f3. Olvastam, hogy volt, aki napi t\u00edz \u00f3r\u00e1t \u00edrt, \u00e9n is napi t\u00edz \u00f3r\u00e1t dol\u00adgoz\u00adtam, t\u00edz oldal volt a napi teljes\u00edtm\u00e9nyem. 150 oldalig eljutottam, amikor r\u00e1j\u00f6ttem, hogy ez nagyon rossz, haszn\u00e1lhatatlan, abbahagytam. Igen \u00e1m, de mes\u00e9ltem r\u00f3la a bar\u00e1taimnak, \u0151k k\u00e9rdezgett\u00e9k, hol tartok, mi fog t\u00f6rt\u00e9nni \u00e9s elkezdtek Szi\u00e1minak h\u00edvni. Azt\u00e1n apuval sz\u00fclettek k\u00f6z\u00f6s sz\u00ednpadi m\u0171veink, ez\u00e9rt a n\u00e9vazonoss\u00e1g elker\u00fcl\u00e9se v\u00e9gett felvettem a Szi\u00e1mit. K\u00e9s\u0151bb lett is egy ilyen nev\u0171 zenekarom.<\/p>\n<p><span style=\"color: #ff0000;\">Nagyon sokf\u00e9le tanulm\u00e1nyokat v\u00e9gezt\u00e9l, t\u00f6bbek k\u00f6z\u00f6tt j\u00e1rt\u00e1l az artistak\u00e9pz\u0151be is, ahol maoista \u00f6sszeesk\u00fcv\u0151 volt\u00e1l \u00e9s cirkuszrendez\u0151 lett\u00e9l.<\/span><\/p>\n<p>L\u00e1tod, te is bed\u0151lsz a mendemond\u00e1knak! Nem voltam maoista \u00f6sszeesk\u00fcv\u0151, de v\u00e9g\u00fcl ez\u00e9rt kellett elj\u00f6nn\u00f6m onnan. Kiv\u00e1l\u00f3 tan\u00e1raim voltak, de az\u00e9rt nem voltam igaz\u00e1n tehets\u00e9ges boh\u00f3c. A m\u00e1sod\u00e9ves z\u00e1r\u00f3vizsg\u00e1m \u00e9rz\u00e9sem szerint el\u00e9g j\u00f3l siker\u00fclt, ehhez k\u00e9pest csupa egyest kaptam. Nem \u00e9rtettem, mi van, ott is hagytam \u0151ket. \u00c9n akkoriban a b\u00f6lcs\u00e9szkarra j\u00e1rtam magyar\u2013francia szakra, d\u00e9lut\u00e1n \u00f6tt\u0151l voltak az \u00f3r\u00e1k az artistak\u00e9pz\u0151ben \u00e9s m\u00e9g a telev\u00edzi\u00f3ban is dolgoztam, mint szerkeszt\u0151-forgat\u00f3k\u00f6nyv\u00edr\u00f3 gyakornok. Bej\u00f6tt egy vid\u00e9ki forgat\u00e1s, tan\u00e1rk\u00e9pz\u0151 f\u0151iskol\u00e1k vet\u00e9lkedtek egym\u00e1ssal, s nekem Szombathelyre kellett mennem, sz\u00f3ltam is az artistak\u00e9pz\u0151ben, hogy egy ideig nem l\u00e1togatom az \u00f3r\u00e1kat. Igen \u00e1m, de t\u00e1voll\u00e9temben megjelent a BM az iskol\u00e1ban, \u00e9rdekl\u0151dtek ut\u00e1nam, kider\u00fclt, hogy belekeveredtem egy maoista \u00f6sszeesk\u00fcv\u00e9s gyan\u00faj\u00e1ba. Az iskol\u00e1ban k\u00f6zben az adminisztr\u00e1ci\u00f3ban v\u00e1lt\u00e1s volt, ezek betojtak, azt hitt\u00e9k, sitten voltam, az\u00e9rt nem j\u00e1rok be \u00e9s emiatt buktattak meg. Kider\u00fclt, hogy a bar\u00e1taim az egyetemen h\u00fcly\u00e9sked\u00e9sb\u0151l alak\u00edtottak egy maoista k\u00f6rt, b\u00e9lyegz\u0151j\u00fck volt, mao bibli\u00e1juk, ez kider\u00fclt \u00e9s kir\u00fagt\u00e1k \u0151ket, a b\u00f6rt\u00f6n sz\u00e9l\u00e9re ker\u00fcltek, de \u00e9n err\u0151l az eg\u00e9szr\u0151l nem is tudtam semmit. Tekintve, hogy megbuktam, kir\u00fagtak, azt\u00e1n amikor a dolgok tiszt\u00e1z\u00f3dtak, vissza akartak venni, de mondtam, engem ne vegyenek vissza, v\u00e9g\u00fcl is kaptam egy cirkuszrendez\u0151i bizony\u00edtv\u00e1nyt, az orsz\u00e1gban csak nekem van ilyen.<\/p>\n<p><span style=\"color: #ff0000;\">Tov\u00e1bbra sem kedveltek t\u00e9ged a hatalmon l\u00e9v\u0151k, t\u00f6bb zenekarod is volt: URH, Kontroll Csoport, Szi\u00e1mi, de lemezetek nem jelenhetett meg.<\/span><\/p>\n<p>Amikor belekeveredtem ebbe az eg\u00e9sz rockzen\u00e9be, m\u00e1r 30 \u00e9ves voltam. A Sz\u00ednm\u0171v\u00e9szetire j\u00e1rtam, amikor megkeresett egy bar\u00e1tom, lenne itt egy zenekar, k\u00e9t h\u00e9t m\u00falva fell\u00e9p\u00e9s, a zen\u00e9k megvannak, de nincsenek sz\u00f6vegek. \u00d6sszeismerkedtem a zen\u00e9szekkel, az\u00f3ta is j\u00f3 bar\u00e1taim, akkor K\u0151b\u00e1nya-\u00dajhegyen laktam, s n\u00e1lunk a konyh\u00e1ban, a Menyh\u00e1rt Jen\u0151vel meg\u00edrtuk m\u00e1sf\u00e9l nap alatt a teljes sz\u00f6veget. Rendben van, mondt\u00e1k, de el is kellene \u00e9nekelni, r\u00e1d gondoltunk. Szabadkoztam, nem tudok \u00e9nekelni. Nem kell ide akkora tud\u00e1s, mondt\u00e1k, n\u00e9zzem meg pl. a Mick Jaggert. V\u00e9g\u00fcl\u00adis elv\u00e1llaltam. Az URH egy\u00fcttesnek \u00f6sszesen 8 koncertje volt, azut\u00e1n feloszlottunk, de k\u00f6zben vil\u00e1gh\u00edr\u0171ek lett\u00fcnk valahogy, az egyik koncert\u00fcnkre odakeveredett egy \u00fajs\u00e1g\u00edr\u00f3 a legtekint\u00e9lyesebb zenei szaklapt\u00f3l, a New Musical Expresszt\u0151l. Igen kedvez\u0151 kritika jelent meg r\u00f3lunk. K\u00f6zben megint megjelent a BM, most a Sz\u00ednm\u0171v\u00e9szeti F\u0151iskol\u00e1n, ahol filmrendez\u0151 szakra j\u00e1rtam. V\u00e1rkonyi Zolt\u00e1n volt a rektor, beh\u00edvatt\u00e1k az oszt\u00e1lyf\u00f6n\u00f6k\u00f6met, Szinet\u00e1r Mikl\u00f3st \u00e9s k\u00f6z\u00f6lt\u00e9k vel\u00fck, hogy \u00e9n rendszerellenes sz\u00f6vegeket \u00edrok, szidom a Szovjetuni\u00f3t, r\u00fagjanak ki. V\u00e1rkonyi bek\u00e9rte az indexemet, megmutatta nekik, sz\u00ednjeles voltam, azt mondta, nem fog kir\u00fagni, elk\u00fcldte \u0151ket. \u00c1tmentem a Kontrollba, m\u00e9gpedig az\u00e9rt, mert beleszerettem az \u00e9nekesn\u0151be. A Kontroll volt 80-t\u00f3l 84-ig, azut\u00e1n Szi\u00e1mi, majd a mostani zenekarom neve M\u00fcller P\u00e9ter Szi\u00e1mi And Friends. A rendszerv\u00e1lt\u00e1s el\u0151tt h\u00e1rom nagylemeznyi anyagunkat is felvett\u00fck a Hanglemezgy\u00e1rt\u00f3 V\u00e1llalatn\u00e1l Wilpert Imre szerkeszt\u0151 seg\u00edt\u00e9s\u00e9g\u00e9vel, de ezek nem jelentek meg.<\/p>\n<p><span style=\"color: #ff0000;\">J\u00e1rv\u00e1ny idej\u00e9n vagyunk. Mit jelent ez a te \u00e9letedben, a zenekar \u00e9let\u00e9ben? Egy\u00e1ltal\u00e1n hogyan szerezt\u00e9l tudom\u00e1st a koronav\u00edrusr\u00f3l?<\/span><\/p>\n<p>Megkock\u00e1ztatom, hogy sugallat \u00fatj\u00e1n. Tavaly okt\u00f3berben Erd\u00e9lyben j\u00e1rtunk koncertk\u00f6r\u00faton, amikor eszembe jutott egy refr\u00e9n \u201e\u00c9n is l\u00e1tom, hogy beteg a vil\u00e1g, de h\u00e1tha csak n\u00e1tha, \u00e9s minden megy tov\u00e1bb.\u201d<\/p>\n<p>Dalszerz\u0151nek tekintem magam, sokaknak \u00edrtam sz\u00f6veget, de ford\u00edtottam oper\u00e1t, operettet, sz\u00f3val mindennel foglalkoztam, ami ehhez kapcsol\u00f3dik. Janu\u00e1r 11-\u00e9n otthon tettem-vettem, azt\u00e1n f\u00f6lmentem a padl\u00e1sszob\u00e1ba, \u00edrtam egy dalsz\u00f6veget, elhat\u00e1roztam, minden nap csin\u00e1lok egyet, am\u00edg meg nem unom, egy \u00e9vre terveztem. Nem ment el a kedvem, egyenletes sz\u00ednvonalon dolgoztam, valamikor \u00e1prilisban m\u00e1r 104-n\u00e9l tartottam. Azt\u00e1n arra gondoltam, l\u00e9trehozok egy YouTube csatorn\u00e1t, eredetileg oktat\u00e1si c\u00e9llal, dalsz\u00f6veg\u00edr\u00e1st tan\u00edtok. Olyan 20-30 emberre gondoltam, ehhez k\u00e9pest egy h\u00e9t alatt ezren lett\u00fcnk, ez a sz\u00e1m az\u00f3ta is n\u00f6vekszik. Nem csak sz\u00f6vegr\u0151l van sz\u00f3, adok n\u00e9h\u00e1ny t\u00e1mpontot a szerz\u0151nek a zeneszerz\u00e9shez is. Irgalmatlanul megkedveltem, sokan jelentkeztek, a 9 \u00e9ves orgonista gyerekt\u0151l a Kossuth-d\u00edjasig. Kital\u00e1ltuk a feles\u00e9gemmel, hogy a sz\u00f6vegek sorsz\u00e1mait bedobjuk egy kalapba, h\u00fazunk \u00e9s aznap azt a verset aj\u00e1nljuk a szerz\u0151k figyelm\u00e9be. (P\u00e9ld\u00e1ul az eml\u00edtett Beteg a vil\u00e1gra m\u00e1r t\u00f6bb zenei verzi\u00f3 is sz\u00fcletett). A legjobban azt szeretn\u00e9m, ha \u00f6ssze tudn\u00e1nk j\u00f6nni klubszer\u0171en. Egy\u00e9bk\u00e9nt itthon vagyunk a feles\u00e9gemmel \u00e9s a h\u00e1rom gyerekkel, senki nem j\u00e1r hozz\u00e1nk, csak a fi\u00fak bar\u00e1tn\u0151i, megtanultak f\u0151zni, egy\u00e1ltal\u00e1n sokkal intenz\u00edvebb a csal\u00e1di \u00e9let\u00fcnk. Sajnos cs\u00f6kkent a koncertjeink sz\u00e1ma, de az\u00e9rt volt n\u00e9h\u00e1ny k\u00f6z\u00f6ns\u00e9g n\u00e9lk\u00fcl k\u00e9sz\u00fclt felv\u00e9tel\u00fcnk. Eml\u00e9kszel, \u00f6tsz\u00e1z f\u0151 alatt nem lehetett zen\u00e9s rendezv\u00e9nyeket tartani, ma m\u00e1r teljesen megsz\u0171nt ez a lehet\u0151s\u00e9g is. Az\u00e9rt fell\u00e9pt\u00fcnk a ny\u00e1ron a Kobuciban, s\u0151t volt egy bar\u00e1tom, esk\u00fcv\u0151t rendezett, ami \u00e1tfordult koncertbe. Egy nagy mez\u0151n voltunk, az emberek tartott\u00e1k a tisztes t\u00e1vols\u00e1got, am\u00edg be nem r\u00fagtak&#8230; K\u00f6zben Egressy Zolt\u00e1nnal \u00e9s Sebesty\u00e9n \u00c1ronnal \u00edrtunk egy zen\u00e9s darabot Tesl\u00e1r\u00f3l, \u00f6t h\u00f3napra el\u0151re eladt\u00e1k a jegyeket, ennek csak a bemutat\u00f3ja volt meg febru\u00e1rban, azt\u00e1n a t\u00f6bbi el\u0151ad\u00e1s elmaradt. Szeptemberben m\u00e9g \u00e9pp siker\u00fclt bep\u00f3tolni \u0151ket. Mostanra alapvet\u0151en megv\u00e1ltozott a helyzet, rengeteg koncertet nem tudunk megtartani, a ny\u00e1r is ment a levesbe. \u00c9n \u00e9ppen karant\u00e9nban vagyok, nem t\u00fal s\u00falyos, de elh\u00faz\u00f3d\u00f3 t\u00fcnetekkel \u00e9s k\u00e9t m\u00e1sik zenekari tag is megfert\u0151z\u0151d\u00f6tt. Azonban sem az \u00e1lmodoz\u00e1sban \u00e9s a zenei \u00f6tletek megoszt\u00e1s\u00e1ban, k\u00f6z\u00f6s zenekari gondolkod\u00e1sban, sem a napi dal projekt k\u00f6vetkezetes folytat\u00e1s\u00e1ban nem tud megakad\u00e1lyozni. A csal\u00e1dommal val\u00f3 vide\u00f3s kapcsolattart\u00e1son k\u00edv\u00fcl az is az \u00e9letkedvem forr\u00e1sa, hogy a napi dal t\u00e1rsszerz\u0151 j\u00e1t\u00e9kban mostanra 200 zeneszerz\u0151 partner kapcsol\u00f3dott be. Sz\u00e1mos szerzem\u00e9ny\u00fcnk bejegyz\u00e9sre ker\u00fclt, valakikkel eg\u00e9sz lemez- vagy koncertanyag sz\u00fcletett. A 200. dalelk\u00e9pzel\u00e9st osztottam meg nemr\u00e9g, huszonegyneh\u00e9ny dalonk\u00e9nt video\u00f6sszefoglal\u00f3t tartunk, megmutatjuk, melyik dal fejleszt\u00e9se hol tart.<\/p>\n<p><span style=\"color: #ff0000;\">Hadd k\u00e9rdezzem meg a Baltaz\u00e1r sz\u00ednpaddal, hogy ker\u00fclt\u00e9l kapcsolatba?<\/span><\/p>\n<p>T\u00f3th Krisztina \u00edr\u00f3, k\u00f6lt\u0151 bar\u00e1tom r\u00e9v\u00e9n ker\u00fcltem vel\u00fck kapcsolatba, \u00edrtam egy verset Baltaz\u00e1r c\u00edmmel, ehhez zene is k\u00e9sz\u00fclt, megjelent az egyik nagylemez\u00fcnk\u00f6n is. Kriszta \u00edrt egy darabot, M\u00fal\u00f3 R\u00fazs c\u00edmmel, iszony\u00faan tetszett, kialakult egy j\u00f3 kapcsolat, m\u00e9g szerepeltem is, b\u00e1r kiss\u00e9 vonakodva v\u00e1llaltam el, mint rendez\u0151 meg tudom \u00edt\u00e9lni, milyen egy j\u00f3 sz\u00edn\u00e9sz, \u00e9n egy\u00e1ltal\u00e1n nem tartottam magam annak, de r\u00e1besz\u00e9ltek, els\u0151sorban Elek D\u00f3ra, a sz\u00ednh\u00e1z vezet\u0151je. Nem b\u00e1ntam meg, d\u00f6bbenetesen j\u00f3l \u00e9reztem magam. Valahogy olyan sz\u00edvmeleg az eg\u00e9sz k\u00f6zeg. Az\u00f3ta is tagja vagyok.<\/p>\n<p><span style=\"color: #ff0000;\">Van-e \u00e9l\u0151 kapcsolatod hajl\u00e9ktalan emberrel?<\/span><br \/>\nK\u00f6nykiad\u00f3k\u00e9nt fiatal szociol\u00f3gusokat k\u00e9rtem fel, akik t\u00f6bb ezer oldalnyi \u00e9let\u00fatinterj\u00fat k\u00e9sz\u00edtettek hajl\u00e9ktalan emberekkel, \u00e9s k\u00e9t CD-nyi hangfelv\u00e9tel is k\u00e9sz\u00fclt, amin a kedvenc dalaikat \u00e9neklik. Mindig megveszem a Fed\u00e9l N\u00e9lk\u00fcl-t, a Csillagsz\u00e1ll\u00f3t is. Rendeztem zen\u00e9s-t\u00e1ncos darabot \u201eMitugr\u00e1szok menyegz\u0151je\u201d c\u00edmmel Juh\u00e1sz Kat\u00e1val a Millen\u00e1rison, ebben 20 hajl\u00e9ktalan is szerepelt profi sz\u00edn\u00e9szekkel, David Merlini illuzionist\u00e1val \u00e9s a Fren\u00e1k P\u00e1l T\u00e1rsulatra \u00e9p\u00fcl\u0151 nemzetk\u00f6zi t\u00e1ncos csapattal egy\u00fctt. Sokszor besz\u00e9lgetek hajl\u00e9ktalanokkal. Dolgozom a M\u00e1ltai Szereretszolg\u00e1lattal a 300-as programban, \u00e9s r\u00e9szt veszek egy roma kultur\u00e1lis felz\u00e1rk\u00f3ztat\u00e1si programban is.<\/p>\n<p><span style=\"color: #ff0000;\">K\u00f6sz\u00f6n\u00f6m a besz\u00e9lget\u00e9st, k\u00edv\u00e1nom, hogy j\u00f3 eg\u00e9szs\u00e9gben, t\u00f6retlen alkot\u00f3kedvvel v\u00e9szeld \u00e1t ezeket a mindannyiunk sz\u00e1m\u00e1ra neh\u00e9z id\u0151ket.<\/span><\/p>\n<p><span style=\"color: #ff0000;\">Ak\u00f3 T\u00edci\u00e1n<\/span><\/p>\n<p>fot\u00f3: Nagy L\u00e1szl\u00f3<\/p>\n<div class='watch-action'><div class='watch-position align-left'><div class='action-like'><a class='lbg-style1 like-9602 jlk' href='javascript:void(0)' data-task='like' data-post_id='9602' data-nonce='f48ebca404' rel='nofollow'><img class='wti-pixel' src='https:\/\/fedelnelkul.hu\/wp-content\/plugins\/wti-like-post\/images\/pixel.gif' title='Like' \/><span class='lc-9602 lc'>0<\/span><\/a><\/div><\/div> <div class='status-9602 status align-left'><\/div><\/div><div class='wti-clear'><\/div>","protected":false},"excerpt":{"rendered":"<p>M\u00fcller P\u00e9ter Szi\u00e1mi 1951-ben sz\u00fcletett Budapesten. Sz\u00fclet\u00e9si neve Kovalcze V\u00e9gh P\u00e9ter Iv\u00e1n. Miut\u00e1n M\u00fcller P\u00e9ter \u00edr\u00f3, akit az \u00e9desapjak\u00e9nt tisztel, nev\u00e9re vette, \u00edgy lett M\u00fcller P\u00e9ter Iv\u00e1n. K\u00f6lt\u0151, dalszerz\u0151, \u00e9nekes, filmrendez\u0151, kult\u00far\u00e1lis szakember. A magyar alternat\u00edv kult\u00fara egyik meghat\u00e1roz\u00f3 egy\u00e9nis\u00e9gek\u00e9nt tartj\u00e1k sz\u00e1mon. Legh\u00edresebb zenekara a Szi\u00e1mi volt, de szerz\u0151t\u00e1rsa, Gasner J\u00e1nos hal\u00e1la ut\u00e1n 2009-ben bejelentette, &hellip; <a href=\"https:\/\/fedelnelkul.hu\/en\/2020\/11\/12\/muller-peter-sziami\/\" class=\"more-link\">Continue reading <span class=\"screen-reader-text\">M\u00fcller P\u00e9ter Szi\u00e1mi<\/span><\/a><\/p>\n","protected":false},"author":6,"featured_media":9603,"comment_status":"closed","ping_status":"open","sticky":false,"template":"","format":"standard","meta":{"footnotes":""},"categories":[475,276],"tags":[],"class_list":["post-9602","post","type-post","status-publish","format-standard","has-post-thumbnail","hentry","category-475","category-sztarinterju"],"_links":{"self":[{"href":"https:\/\/fedelnelkul.hu\/en\/wp-json\/wp\/v2\/posts\/9602","targetHints":{"allow":["GET"]}}],"collection":[{"href":"https:\/\/fedelnelkul.hu\/en\/wp-json\/wp\/v2\/posts"}],"about":[{"href":"https:\/\/fedelnelkul.hu\/en\/wp-json\/wp\/v2\/types\/post"}],"author":[{"embeddable":true,"href":"https:\/\/fedelnelkul.hu\/en\/wp-json\/wp\/v2\/users\/6"}],"replies":[{"embeddable":true,"href":"https:\/\/fedelnelkul.hu\/en\/wp-json\/wp\/v2\/comments?post=9602"}],"version-history":[{"count":2,"href":"https:\/\/fedelnelkul.hu\/en\/wp-json\/wp\/v2\/posts\/9602\/revisions"}],"predecessor-version":[{"id":9605,"href":"https:\/\/fedelnelkul.hu\/en\/wp-json\/wp\/v2\/posts\/9602\/revisions\/9605"}],"wp:featuredmedia":[{"embeddable":true,"href":"https:\/\/fedelnelkul.hu\/en\/wp-json\/wp\/v2\/media\/9603"}],"wp:attachment":[{"href":"https:\/\/fedelnelkul.hu\/en\/wp-json\/wp\/v2\/media?parent=9602"}],"wp:term":[{"taxonomy":"category","embeddable":true,"href":"https:\/\/fedelnelkul.hu\/en\/wp-json\/wp\/v2\/categories?post=9602"},{"taxonomy":"post_tag","embeddable":true,"href":"https:\/\/fedelnelkul.hu\/en\/wp-json\/wp\/v2\/tags?post=9602"}],"curies":[{"name":"wp","href":"https:\/\/api.w.org\/{rel}","templated":true}]}}