{"id":9588,"date":"2020-11-12T18:30:34","date_gmt":"2020-11-12T17:30:34","guid":{"rendered":"https:\/\/fedelnelkul.hu\/?p=9588"},"modified":"2020-11-24T13:48:54","modified_gmt":"2020-11-24T12:48:54","slug":"meg-lett-irva","status":"publish","type":"post","link":"https:\/\/fedelnelkul.hu\/en\/2020\/11\/12\/meg-lett-irva\/","title":{"rendered":"Meg lett \u00edrva"},"content":{"rendered":"<p>\u2013 Igen, nagyon sz\u00e9p ez a k\u00f6nyv, de \u00edgy m\u00e9g hi\u00e1nyos \u2013 mondta a f\u00e9rfi a n\u0151nek, miut\u00e1n megk\u00f6sz\u00f6nte. \u00d6reg padon \u00fcltek a k\u00e9s\u0151 ny\u00e1ri naps\u00fct\u00e9sben, a k\u00f6tetet sz\u00fclet\u00e9snapj\u00e1ra kapta.<\/p>\n<p>\u2013 K\u00e9rlek, \u00edrj bele valamit, szem\u00e9lyeset, ha lehet, hosszasabban! \u00c9s rajzolj a bels\u0151 oldal\u00e1ra, hiszen olyan j\u00f3l tudsz!<\/p>\n<p>\u2013 De h\u00e1t van benne k\u00e9peslap, direkt, hogy ne cs\u00faf\u00edtsam el\u2026<\/p>\n<p>\u2013 Tudod j\u00f3l, annyira m\u00e1r ismersz, mi\u00e9rt k\u00e9rem ezt \u2013 v\u00e1laszolt zavartan. Majd hirtelen b\u00e1tors\u00e1ggal folytatta. \u2013 K\u00fcl\u00f6nben eladn\u00e1m, \u00e9s borra meg doh\u00e1nyra vern\u00e9m el azt a kis p\u00e9nzt, azt\u00e1n soha t\u00f6bb\u00e9 nem tudn\u00e9k a szemedbe n\u00e9zni.<\/p>\n<p>A n\u0151t meghatotta ez az \u0151szintes\u00e9g. B\u00e1r \u0151 lak\u00e1sban \u00e9lt, bar\u00e1tja \u2013 akivel alig p\u00e1r hete ismerkedett \u00f6ssze \u2013 sz\u00e1ll\u00f3n, \u00e1t tudta \u00e9rezni kil\u00e1t\u00e1stalans\u00e1g\u00e1t. L\u00e1tta, hogy kor\u00e1ntsem mindenbe belet\u00f6r\u0151d\u00f6tt szenved\u00e9lybeteg, csup\u00e1n \u00e9rthet\u0151 m\u00f3don megviselte, ahogy egyik napr\u00f3l a m\u00e1sikra vesztette el az otthon\u00e1t, csal\u00e1dj\u00e1t. Egy borzalmas h\u00e1zass\u00e1ggal a h\u00e1\u00ad\u00adta m\u00f6g\u00f6tt m\u00e9\u00adgis titkon re\u00adm\u00e9nykedett az \u00faj kezdet si\u00adke\u00adress\u00e9g\u00e9ben.<\/p>\n<p>\u2013 Gyere, van m\u00e9g n\u00e1lam annyi, vesz\u00fcnk, sz\u00fclinapos vagy! \u2013 k\u00e9rlelte, aki azonnal tiltakozott.<\/p>\n<p>\u2013 Nem, nem \u00fagy van az! Nagyon k\u00f6sz\u00f6n\u00f6m az aj\u00e1nd\u00e9kot, de sosem voltam pof\u00e1tlan!<\/p>\n<p>V\u00e9g\u00fcl gy\u00f6ngy\u00adbe\u00adt\u0171k\u00adkel megannyi sz\u00e9p \u00e9s j\u00f3 k\u00edv\u00e1ns\u00e1g ker\u00fclt a k\u00f6nyvbe, rajzzal, mely \u00f6sszef\u00e9rcelt sz\u00edvet \u00e1br\u00e1zolt. Miel\u0151tt elb\u00facs\u00faztak egym\u00e1st\u00f3l, m\u00e1snapra \u00fajabb tal\u00e1lk\u00e1t besz\u00e9ltek meg. \u0150 kor\u00e1bban \u00e9rkezett, \u00e9s m\u00edg v\u00e1rt, el\u0151sz\u00f6r gondolt bizakod\u00f3n a j\u00f6v\u0151re: van munkahelye, csak gy\u0171jtenie kell, azt\u00e1n itt ez a csupasz\u00edv n\u0151, aki (ki tudja, mi okb\u00f3l), szimpatiz\u00e1l vele, tal\u00e1n, tal\u00e1n lehets\u00e9ges, \u00e1tfordulhat a sorsa. Nagysz\u00fcleit\u0151l tanulta, minden a hozz\u00e1\u00e1ll\u00e1s\u00e1n, rajta m\u00falik. Mikor enn\u00e9l a gondolatmenetn\u00e9l j\u00e1rt, megpillantotta k\u00f6zeled\u0151 szerelm\u00e9t (\u00f3vatosan \u00edzlelgette a sz\u00f3t), kez\u00e9ben nagy, fonott kos\u00e1rral. A n\u0151 k\u00e9zen fogva invit\u00e1lta, \u00fcljenek a pad melletti fa al\u00e1, legyenek kicsit \u00e1rny\u00e9kosabb helyen. El\u0151vette a pl\u00e9det, leter\u00edtette. Ezut\u00e1n kivette az \u00fcveg kiv\u00e1l\u00f3 min\u0151s\u00e9g\u0171 bort, k\u00e9t poharat, cigarett\u00e1t.<br \/>\n\u2013 K\u00e9sz\u00edtettem p\u00e1r szendvicset, ez\u00e9rt k\u00e9stem kicsit \u2013 mosolygott. A f\u00e9rfi szeme k\u00f6nnybe l\u00e1badt. \u2013 Ne haragudj, ez nem t\u00fal f\u00e9rfias \u2013 szabadkozott.<br \/>\nA n\u0151 ek\u00f6zben kinyitotta a palackot, t\u00f6lt\u00f6tt mindkett\u0151j\u00fcknek, felbontotta a cigarett\u00e1t. Koccint\u00e1s ut\u00e1n kortyolt az italb\u00f3l, r\u00e1gy\u00fajtott, kif\u00fajta a f\u00fcst\u00f6t, \u00e9s vill\u00e1mgyorsan megcs\u00f3kolta \u2013 imm\u00e1r a kedves\u00e9t.<\/p>\n<p>\u2013 Ez pedig egy\u00e1ltal\u00e1n nem volt n\u0151ies \u2013 jegyezte meg komoly, elm\u00e9ly\u00edtett hangon, \u00e9s belenevetett a tovasz\u00e1ll\u00f3 f\u00fcstkarik\u00e1ba.<\/p>\n<p style=\"text-align: right;\">\n2020. szeptember, harmadik d\u00edj<\/p>\n<div class='watch-action'><div class='watch-position align-left'><div class='action-like'><a class='lbg-style1 like-9588 jlk' href='javascript:void(0)' data-task='like' data-post_id='9588' data-nonce='f48ebca404' rel='nofollow'><img class='wti-pixel' src='https:\/\/fedelnelkul.hu\/wp-content\/plugins\/wti-like-post\/images\/pixel.gif' title='Like' \/><span class='lc-9588 lc'>0<\/span><\/a><\/div><\/div> <div class='status-9588 status align-left'><\/div><\/div><div class='wti-clear'><\/div>","protected":false},"excerpt":{"rendered":"<p>\u2013 Igen, nagyon sz\u00e9p ez a k\u00f6nyv, de \u00edgy m\u00e9g hi\u00e1nyos \u2013 mondta a f\u00e9rfi a n\u0151nek, miut\u00e1n megk\u00f6sz\u00f6nte. \u00d6reg padon \u00fcltek a k\u00e9s\u0151 ny\u00e1ri naps\u00fct\u00e9sben, a k\u00f6tetet sz\u00fclet\u00e9snapj\u00e1ra kapta. \u2013 K\u00e9rlek, \u00edrj bele valamit, szem\u00e9lyeset, ha lehet, hosszasabban! \u00c9s rajzolj a bels\u0151 oldal\u00e1ra, hiszen olyan j\u00f3l tudsz! \u2013 De h\u00e1t van benne k\u00e9peslap, direkt, &hellip; <a href=\"https:\/\/fedelnelkul.hu\/en\/2020\/11\/12\/meg-lett-irva\/\" class=\"more-link\">Continue reading <span class=\"screen-reader-text\">Meg lett \u00edrva<\/span><\/a><\/p>\n","protected":false},"author":352,"featured_media":0,"comment_status":"closed","ping_status":"open","sticky":false,"template":"","format":"standard","meta":{"footnotes":""},"categories":[475,9],"tags":[],"class_list":["post-9588","post","type-post","status-publish","format-standard","hentry","category-475","category-szepproza"],"_links":{"self":[{"href":"https:\/\/fedelnelkul.hu\/en\/wp-json\/wp\/v2\/posts\/9588","targetHints":{"allow":["GET"]}}],"collection":[{"href":"https:\/\/fedelnelkul.hu\/en\/wp-json\/wp\/v2\/posts"}],"about":[{"href":"https:\/\/fedelnelkul.hu\/en\/wp-json\/wp\/v2\/types\/post"}],"author":[{"embeddable":true,"href":"https:\/\/fedelnelkul.hu\/en\/wp-json\/wp\/v2\/users\/352"}],"replies":[{"embeddable":true,"href":"https:\/\/fedelnelkul.hu\/en\/wp-json\/wp\/v2\/comments?post=9588"}],"version-history":[{"count":1,"href":"https:\/\/fedelnelkul.hu\/en\/wp-json\/wp\/v2\/posts\/9588\/revisions"}],"predecessor-version":[{"id":9589,"href":"https:\/\/fedelnelkul.hu\/en\/wp-json\/wp\/v2\/posts\/9588\/revisions\/9589"}],"wp:attachment":[{"href":"https:\/\/fedelnelkul.hu\/en\/wp-json\/wp\/v2\/media?parent=9588"}],"wp:term":[{"taxonomy":"category","embeddable":true,"href":"https:\/\/fedelnelkul.hu\/en\/wp-json\/wp\/v2\/categories?post=9588"},{"taxonomy":"post_tag","embeddable":true,"href":"https:\/\/fedelnelkul.hu\/en\/wp-json\/wp\/v2\/tags?post=9588"}],"curies":[{"name":"wp","href":"https:\/\/api.w.org\/{rel}","templated":true}]}}