{"id":9586,"date":"2020-11-12T18:28:27","date_gmt":"2020-11-12T17:28:27","guid":{"rendered":"https:\/\/fedelnelkul.hu\/?p=9586"},"modified":"2020-11-24T13:49:00","modified_gmt":"2020-11-24T12:49:00","slug":"oeszaki","status":"publish","type":"post","link":"https:\/\/fedelnelkul.hu\/en\/2020\/11\/12\/oeszaki\/","title":{"rendered":"\u00d3\u00c9SZAKI"},"content":{"rendered":"<p>Az \u00fagy volt hogy k\u00e1liz endr\u00e9vel \u00e9s burstin emillel m\u00e9g a poznanyi mickiewicz egyetem skandinavisztikai tansz\u00e9k\u00e9n ismerkedtem meg hab\u00e1r t\u00f6bb id\u0151t t\u00f6lt\u00f6tt\u00fcnk a l\u00e1nyokkal a b\u00fcf\u00e9ben \u00e9s a fi\u00fakkal a szemk\u00f6zti kocsm\u00e1ban mint az \u00f3\u00e9szaki irodalomt\u00f6rt\u00e9neti szemin\u00e1riumon a legjobb csal\u00e1dban is van egy s\u00f6t\u00e9tebb gyapj\u00fa birka mi azt\u00e1n val\u00f3ban kormos gyapjasok lett\u00fcnk a szemeszter v\u00e9g\u00e9re ezek a rigai kocsm\u00e1k gy\u00f6ny\u00f6r\u0171ek rusztikus b\u00fatoraikkal sajna a becherovka k\u00e9szlet \u00e9ppen lemer\u00fclt \u00edgy n\u00e9gerbarna rigai balzsamot vedelt\u00fcnk viszockij r\u00e9szegen fetrengett valahol bulat a m\u0171egyetemen adott koncertet ergo nekem kellett \u00e9nekelnem pedig hangom az nulla ugyanis m\u00falt \u00e9jszaka becsajoztam ez a t\u00fcnd\u00e9r r\u00f3za olyan perfekt az \u00e1gyban mint goethe n\u00e9metb\u0151l sz\u00f3val bekrep\u00e1lt a torkom mert r\u00f3z\u00e1val az eg\u00e9sz k\u00e1ma sz\u00fatr\u00e1t bemutattuk egym\u00e1snak&#8230;<\/p>\n<div class='watch-action'><div class='watch-position align-left'><div class='action-like'><a class='lbg-style1 like-9586 jlk' href='javascript:void(0)' data-task='like' data-post_id='9586' data-nonce='f48ebca404' rel='nofollow'><img class='wti-pixel' src='https:\/\/fedelnelkul.hu\/wp-content\/plugins\/wti-like-post\/images\/pixel.gif' title='Like' \/><span class='lc-9586 lc'>0<\/span><\/a><\/div><\/div> <div class='status-9586 status align-left'><\/div><\/div><div class='wti-clear'><\/div>","protected":false},"excerpt":{"rendered":"<p>Az \u00fagy volt hogy k\u00e1liz endr\u00e9vel \u00e9s burstin emillel m\u00e9g a poznanyi mickiewicz egyetem skandinavisztikai tansz\u00e9k\u00e9n ismerkedtem meg hab\u00e1r t\u00f6bb id\u0151t t\u00f6lt\u00f6tt\u00fcnk a l\u00e1nyokkal a b\u00fcf\u00e9ben \u00e9s a fi\u00fakkal a szemk\u00f6zti kocsm\u00e1ban mint az \u00f3\u00e9szaki irodalomt\u00f6rt\u00e9neti szemin\u00e1riumon a legjobb csal\u00e1dban is van egy s\u00f6t\u00e9tebb gyapj\u00fa birka mi azt\u00e1n val\u00f3ban kormos gyapjasok lett\u00fcnk a szemeszter v\u00e9g\u00e9re &hellip; <a href=\"https:\/\/fedelnelkul.hu\/en\/2020\/11\/12\/oeszaki\/\" class=\"more-link\">Continue reading <span class=\"screen-reader-text\">\u00d3\u00c9SZAKI<\/span><\/a><\/p>\n","protected":false},"author":9114,"featured_media":0,"comment_status":"closed","ping_status":"open","sticky":false,"template":"","format":"standard","meta":{"footnotes":""},"categories":[475,9],"tags":[],"class_list":["post-9586","post","type-post","status-publish","format-standard","hentry","category-475","category-szepproza"],"_links":{"self":[{"href":"https:\/\/fedelnelkul.hu\/en\/wp-json\/wp\/v2\/posts\/9586","targetHints":{"allow":["GET"]}}],"collection":[{"href":"https:\/\/fedelnelkul.hu\/en\/wp-json\/wp\/v2\/posts"}],"about":[{"href":"https:\/\/fedelnelkul.hu\/en\/wp-json\/wp\/v2\/types\/post"}],"author":[{"embeddable":true,"href":"https:\/\/fedelnelkul.hu\/en\/wp-json\/wp\/v2\/users\/9114"}],"replies":[{"embeddable":true,"href":"https:\/\/fedelnelkul.hu\/en\/wp-json\/wp\/v2\/comments?post=9586"}],"version-history":[{"count":1,"href":"https:\/\/fedelnelkul.hu\/en\/wp-json\/wp\/v2\/posts\/9586\/revisions"}],"predecessor-version":[{"id":9587,"href":"https:\/\/fedelnelkul.hu\/en\/wp-json\/wp\/v2\/posts\/9586\/revisions\/9587"}],"wp:attachment":[{"href":"https:\/\/fedelnelkul.hu\/en\/wp-json\/wp\/v2\/media?parent=9586"}],"wp:term":[{"taxonomy":"category","embeddable":true,"href":"https:\/\/fedelnelkul.hu\/en\/wp-json\/wp\/v2\/categories?post=9586"},{"taxonomy":"post_tag","embeddable":true,"href":"https:\/\/fedelnelkul.hu\/en\/wp-json\/wp\/v2\/tags?post=9586"}],"curies":[{"name":"wp","href":"https:\/\/api.w.org\/{rel}","templated":true}]}}