{"id":9582,"date":"2020-11-12T18:23:14","date_gmt":"2020-11-12T17:23:14","guid":{"rendered":"https:\/\/fedelnelkul.hu\/?p=9582"},"modified":"2020-11-24T13:49:07","modified_gmt":"2020-11-24T12:49:07","slug":"oroszlan-fiaihoz","status":"publish","type":"post","link":"https:\/\/fedelnelkul.hu\/en\/2020\/11\/12\/oroszlan-fiaihoz\/","title":{"rendered":"Oroszl\u00e1n fiaihoz"},"content":{"rendered":"<p style=\"padding-left: 120px;\">felejts\u00e9tek el mit tanultatok t\u0151lem<br \/>\nnem vagytok ti j\u00f3k \u00e9s nem j\u00f3l haszn\u00e1lj\u00e1tok<br \/>\nde vigy\u00e1zzatok ha f\u00f6lt\u00e1mad a g\u00f3lem<br \/>\nnem r\u00e1m fog t\u00e1madni hanem csak tire\u00e1tok<\/p>\n<p style=\"padding-left: 120px;\">akik egykor a gyermekeim voltak<br \/>\nf\u00f6lr\u00fagt\u00e1k egy \u00e9gi t\u00f6rv\u00e9ny szab\u00e1lyait<br \/>\nrokonaim ma m\u00e1r ink\u00e1bb a holtak<br \/>\n\u0151k jobban \u00e9rtik hogy mi is van ma itt<\/p>\n<p style=\"padding-left: 120px;\">csal\u00f3k bolondok h\u00edzelg\u0151k \u00e1lnok enyvek<br \/>\nbekennek m\u00e9zzel m\u00e1zzal s magukr\u00f3l majd lenyalj\u00e1k<br \/>\na sohasem tanult fegyelmet<br \/>\nmint segg\u00fcket a marh\u00e1k<\/p>\n<div class='watch-action'><div class='watch-position align-left'><div class='action-like'><a class='lbg-style1 like-9582 jlk' href='javascript:void(0)' data-task='like' data-post_id='9582' data-nonce='f48ebca404' rel='nofollow'><img class='wti-pixel' src='https:\/\/fedelnelkul.hu\/wp-content\/plugins\/wti-like-post\/images\/pixel.gif' title='Like' \/><span class='lc-9582 lc'>0<\/span><\/a><\/div><\/div> <div class='status-9582 status align-left'><\/div><\/div><div class='wti-clear'><\/div>","protected":false},"excerpt":{"rendered":"<p>felejts\u00e9tek el mit tanultatok t\u0151lem nem vagytok ti j\u00f3k \u00e9s nem j\u00f3l haszn\u00e1lj\u00e1tok de vigy\u00e1zzatok ha f\u00f6lt\u00e1mad a g\u00f3lem nem r\u00e1m fog t\u00e1madni hanem csak tire\u00e1tok akik egykor a gyermekeim voltak f\u00f6lr\u00fagt\u00e1k egy \u00e9gi t\u00f6rv\u00e9ny szab\u00e1lyait rokonaim ma m\u00e1r ink\u00e1bb a holtak \u0151k jobban \u00e9rtik hogy mi is van ma itt csal\u00f3k bolondok h\u00edzelg\u0151k \u00e1lnok &hellip; <a href=\"https:\/\/fedelnelkul.hu\/en\/2020\/11\/12\/oroszlan-fiaihoz\/\" class=\"more-link\">Continue reading <span class=\"screen-reader-text\">Oroszl\u00e1n fiaihoz<\/span><\/a><\/p>\n","protected":false},"author":9110,"featured_media":0,"comment_status":"closed","ping_status":"open","sticky":false,"template":"","format":"standard","meta":{"footnotes":""},"categories":[475,10],"tags":[],"class_list":["post-9582","post","type-post","status-publish","format-standard","hentry","category-475","category-vers"],"_links":{"self":[{"href":"https:\/\/fedelnelkul.hu\/en\/wp-json\/wp\/v2\/posts\/9582","targetHints":{"allow":["GET"]}}],"collection":[{"href":"https:\/\/fedelnelkul.hu\/en\/wp-json\/wp\/v2\/posts"}],"about":[{"href":"https:\/\/fedelnelkul.hu\/en\/wp-json\/wp\/v2\/types\/post"}],"author":[{"embeddable":true,"href":"https:\/\/fedelnelkul.hu\/en\/wp-json\/wp\/v2\/users\/9110"}],"replies":[{"embeddable":true,"href":"https:\/\/fedelnelkul.hu\/en\/wp-json\/wp\/v2\/comments?post=9582"}],"version-history":[{"count":1,"href":"https:\/\/fedelnelkul.hu\/en\/wp-json\/wp\/v2\/posts\/9582\/revisions"}],"predecessor-version":[{"id":9583,"href":"https:\/\/fedelnelkul.hu\/en\/wp-json\/wp\/v2\/posts\/9582\/revisions\/9583"}],"wp:attachment":[{"href":"https:\/\/fedelnelkul.hu\/en\/wp-json\/wp\/v2\/media?parent=9582"}],"wp:term":[{"taxonomy":"category","embeddable":true,"href":"https:\/\/fedelnelkul.hu\/en\/wp-json\/wp\/v2\/categories?post=9582"},{"taxonomy":"post_tag","embeddable":true,"href":"https:\/\/fedelnelkul.hu\/en\/wp-json\/wp\/v2\/tags?post=9582"}],"curies":[{"name":"wp","href":"https:\/\/api.w.org\/{rel}","templated":true}]}}