{"id":9563,"date":"2020-11-12T18:08:11","date_gmt":"2020-11-12T17:08:11","guid":{"rendered":"https:\/\/fedelnelkul.hu\/?p=9563"},"modified":"2020-11-24T13:50:34","modified_gmt":"2020-11-24T12:50:34","slug":"egy-fa-panaszai","status":"publish","type":"post","link":"https:\/\/fedelnelkul.hu\/en\/2020\/11\/12\/egy-fa-panaszai\/","title":{"rendered":"Egy fa panaszai"},"content":{"rendered":"<p>Boldogs\u00e1g volt oszt\u00e1lyr\u00e9szem,<br \/>\n\u00e9s nem gondoltam arra:<br \/>\nvajon ezt a beton eget,<br \/>\nmilyenf\u00e9le k\u00e9z tartja.<\/p>\n<p>L\u00e1bam alatt leng\u0151 p\u00e1fr\u00e1ny,<br \/>\ngyant\u00e1m m\u00e9zsz\u00edn\u0171 szurok,<br \/>\nn\u0151ttem \u00e9n m\u00e1r ezer \u00e9vet,<br \/>\ntov\u00e1bb n\u0151ni nem tudok.<\/p>\n<p>T\u00e1rsaimmal egy\u00fctt \u00e9ltem,<br \/>\nam\u00edg er\u0151mb\u0151l maradt:<br \/>\ndarazsaknak adtam otthont,<br \/>\naltattam a madarat.<\/p>\n<p>Gyakran f\u00fcrk\u00e9sztem az eget,<br \/>\nmost engem az \u00e9g figyel.<br \/>\nTegnap f\u0171r\u00e9sz berregett fel,<br \/>\nnem tudtam, hogy f\u00e9lni kell.<\/p>\n<p>Ilies Ren\u00e1ta<\/p>\n<div class='watch-action'><div class='watch-position align-left'><div class='action-like'><a class='lbg-style1 like-9563 jlk' href='javascript:void(0)' data-task='like' data-post_id='9563' data-nonce='f48ebca404' rel='nofollow'><img class='wti-pixel' src='https:\/\/fedelnelkul.hu\/wp-content\/plugins\/wti-like-post\/images\/pixel.gif' title='Like' \/><span class='lc-9563 lc'>0<\/span><\/a><\/div><\/div> <div class='status-9563 status align-left'><\/div><\/div><div class='wti-clear'><\/div>","protected":false},"excerpt":{"rendered":"<p>Boldogs\u00e1g volt oszt\u00e1lyr\u00e9szem, \u00e9s nem gondoltam arra: vajon ezt a beton eget, milyenf\u00e9le k\u00e9z tartja. L\u00e1bam alatt leng\u0151 p\u00e1fr\u00e1ny, gyant\u00e1m m\u00e9zsz\u00edn\u0171 szurok, n\u0151ttem \u00e9n m\u00e1r ezer \u00e9vet, tov\u00e1bb n\u0151ni nem tudok. T\u00e1rsaimmal egy\u00fctt \u00e9ltem, am\u00edg er\u0151mb\u0151l maradt: darazsaknak adtam otthont, altattam a madarat. Gyakran f\u00fcrk\u00e9sztem az eget, most engem az \u00e9g figyel. Tegnap f\u0171r\u00e9sz berregett &hellip; <a href=\"https:\/\/fedelnelkul.hu\/en\/2020\/11\/12\/egy-fa-panaszai\/\" class=\"more-link\">Continue reading <span class=\"screen-reader-text\">Egy fa panaszai<\/span><\/a><\/p>\n","protected":false},"author":9201,"featured_media":0,"comment_status":"closed","ping_status":"open","sticky":false,"template":"","format":"standard","meta":{"footnotes":""},"categories":[475,10],"tags":[],"class_list":["post-9563","post","type-post","status-publish","format-standard","hentry","category-475","category-vers"],"_links":{"self":[{"href":"https:\/\/fedelnelkul.hu\/en\/wp-json\/wp\/v2\/posts\/9563","targetHints":{"allow":["GET"]}}],"collection":[{"href":"https:\/\/fedelnelkul.hu\/en\/wp-json\/wp\/v2\/posts"}],"about":[{"href":"https:\/\/fedelnelkul.hu\/en\/wp-json\/wp\/v2\/types\/post"}],"author":[{"embeddable":true,"href":"https:\/\/fedelnelkul.hu\/en\/wp-json\/wp\/v2\/users\/9201"}],"replies":[{"embeddable":true,"href":"https:\/\/fedelnelkul.hu\/en\/wp-json\/wp\/v2\/comments?post=9563"}],"version-history":[{"count":1,"href":"https:\/\/fedelnelkul.hu\/en\/wp-json\/wp\/v2\/posts\/9563\/revisions"}],"predecessor-version":[{"id":9564,"href":"https:\/\/fedelnelkul.hu\/en\/wp-json\/wp\/v2\/posts\/9563\/revisions\/9564"}],"wp:attachment":[{"href":"https:\/\/fedelnelkul.hu\/en\/wp-json\/wp\/v2\/media?parent=9563"}],"wp:term":[{"taxonomy":"category","embeddable":true,"href":"https:\/\/fedelnelkul.hu\/en\/wp-json\/wp\/v2\/categories?post=9563"},{"taxonomy":"post_tag","embeddable":true,"href":"https:\/\/fedelnelkul.hu\/en\/wp-json\/wp\/v2\/tags?post=9563"}],"curies":[{"name":"wp","href":"https:\/\/api.w.org\/{rel}","templated":true}]}}