{"id":9561,"date":"2020-11-12T18:06:22","date_gmt":"2020-11-12T17:06:22","guid":{"rendered":"https:\/\/fedelnelkul.hu\/?p=9561"},"modified":"2020-11-24T13:50:42","modified_gmt":"2020-11-24T12:50:42","slug":"duna-part-oktober-vege","status":"publish","type":"post","link":"https:\/\/fedelnelkul.hu\/en\/2020\/11\/12\/duna-part-oktober-vege\/","title":{"rendered":"Duna-part, okt\u00f3ber v\u00e9ge"},"content":{"rendered":"<p style=\"padding-left: 120px;\">Karcos filmet vet\u00edt most az \u0150sz,<br \/>\nfentr\u0151l, feny\u0151imr\u0151l t\u0171lev\u00e9l szit\u00e1l.<br \/>\nTer\u00edtene al\u00e1nk finom sz\u0151nyeget;<br \/>\nde a Szerelem bizony m\u00e1r messze j\u00e1r.<br \/>\nF\u00e1radt fuvallat foszl\u00e1nyk\u00f6d\u00f6ket<br \/>\nf\u00fajdog\u00e1l a foly\u00f3v\u00edz felett,<br \/>\nez m\u00e9g csak aff\u00e9le furcsa el\u0151\u00e9rzet,<br \/>\nk\u00e9s\u0151bb kerekedik bel\u0151le f\u00f6rgeteg.<br \/>\nAddigra kecses l\u00e1bnyom\u00e1t se l\u00e1tom,<br \/>\nhull\u00e1m mosta el a parti f\u00f6venyen,<br \/>\nk\u00f6db\u0151l lecsap\u00f3d\u00f3 csillog\u00f3 v\u00edzcseppek<br \/>\ncsurrannak lefel\u00e9 szem\u00fcvegemen.<\/p>\n<div class='watch-action'><div class='watch-position align-left'><div class='action-like'><a class='lbg-style1 like-9561 jlk' href='javascript:void(0)' data-task='like' data-post_id='9561' data-nonce='f48ebca404' rel='nofollow'><img class='wti-pixel' src='https:\/\/fedelnelkul.hu\/wp-content\/plugins\/wti-like-post\/images\/pixel.gif' title='Like' \/><span class='lc-9561 lc'>0<\/span><\/a><\/div><\/div> <div class='status-9561 status align-left'><\/div><\/div><div class='wti-clear'><\/div>","protected":false},"excerpt":{"rendered":"<p>Karcos filmet vet\u00edt most az \u0150sz, fentr\u0151l, feny\u0151imr\u0151l t\u0171lev\u00e9l szit\u00e1l. Ter\u00edtene al\u00e1nk finom sz\u0151nyeget; de a Szerelem bizony m\u00e1r messze j\u00e1r. F\u00e1radt fuvallat foszl\u00e1nyk\u00f6d\u00f6ket f\u00fajdog\u00e1l a foly\u00f3v\u00edz felett, ez m\u00e9g csak aff\u00e9le furcsa el\u0151\u00e9rzet, k\u00e9s\u0151bb kerekedik bel\u0151le f\u00f6rgeteg. Addigra kecses l\u00e1bnyom\u00e1t se l\u00e1tom, hull\u00e1m mosta el a parti f\u00f6venyen, k\u00f6db\u0151l lecsap\u00f3d\u00f3 csillog\u00f3 v\u00edzcseppek csurrannak lefel\u00e9 &hellip; <a href=\"https:\/\/fedelnelkul.hu\/en\/2020\/11\/12\/duna-part-oktober-vege\/\" class=\"more-link\">Continue reading <span class=\"screen-reader-text\">Duna-part, okt\u00f3ber v\u00e9ge<\/span><\/a><\/p>\n","protected":false},"author":184,"featured_media":0,"comment_status":"closed","ping_status":"open","sticky":false,"template":"","format":"standard","meta":{"footnotes":""},"categories":[475,10],"tags":[],"class_list":["post-9561","post","type-post","status-publish","format-standard","hentry","category-475","category-vers"],"_links":{"self":[{"href":"https:\/\/fedelnelkul.hu\/en\/wp-json\/wp\/v2\/posts\/9561","targetHints":{"allow":["GET"]}}],"collection":[{"href":"https:\/\/fedelnelkul.hu\/en\/wp-json\/wp\/v2\/posts"}],"about":[{"href":"https:\/\/fedelnelkul.hu\/en\/wp-json\/wp\/v2\/types\/post"}],"author":[{"embeddable":true,"href":"https:\/\/fedelnelkul.hu\/en\/wp-json\/wp\/v2\/users\/184"}],"replies":[{"embeddable":true,"href":"https:\/\/fedelnelkul.hu\/en\/wp-json\/wp\/v2\/comments?post=9561"}],"version-history":[{"count":1,"href":"https:\/\/fedelnelkul.hu\/en\/wp-json\/wp\/v2\/posts\/9561\/revisions"}],"predecessor-version":[{"id":9562,"href":"https:\/\/fedelnelkul.hu\/en\/wp-json\/wp\/v2\/posts\/9561\/revisions\/9562"}],"wp:attachment":[{"href":"https:\/\/fedelnelkul.hu\/en\/wp-json\/wp\/v2\/media?parent=9561"}],"wp:term":[{"taxonomy":"category","embeddable":true,"href":"https:\/\/fedelnelkul.hu\/en\/wp-json\/wp\/v2\/categories?post=9561"},{"taxonomy":"post_tag","embeddable":true,"href":"https:\/\/fedelnelkul.hu\/en\/wp-json\/wp\/v2\/tags?post=9561"}],"curies":[{"name":"wp","href":"https:\/\/api.w.org\/{rel}","templated":true}]}}