{"id":9555,"date":"2020-11-12T17:35:55","date_gmt":"2020-11-12T16:35:55","guid":{"rendered":"https:\/\/fedelnelkul.hu\/?p=9555"},"modified":"2020-11-24T13:51:04","modified_gmt":"2020-11-24T12:51:04","slug":"az-osz-asszony","status":"publish","type":"post","link":"https:\/\/fedelnelkul.hu\/en\/2020\/11\/12\/az-osz-asszony\/","title":{"rendered":"Az \u0151sz asszony"},"content":{"rendered":"<p style=\"padding-left: 80px;\">B\u00e1natos \u0151sz, \u00f6reg szem\u00e9t les\u00fctve<br \/>\nj\u00e1rja \u00fat por\u00e1t, nem n\u00e9zi, merre megy,<br \/>\ncsak baktat s lassan halad tov\u00e1bb.<br \/>\nA k\u00f6nny, ami \u00e1titatja szem\u00e9t,<br \/>\nesz\u00e9be juttatja r\u00e9g l\u00e1tott szerelm\u00e9t,<br \/>\nmeg\u00e1ll s n\u00e9z, ak\u00e1r az elm\u00fal\u00f3 ny\u00e1rra,<br \/>\nlehull\u00f3 levelek az \u0151szi t\u00e1jban.<\/p>\n<p style=\"padding-left: 80px;\">Meg\u0151sz\u00fclt, csoszog\u00f3 asszony l\u00e9p mell\u00e9je,<br \/>\nR\u00e1tal\u00e1lt r\u00e9g nem l\u00e1tott kedves\u00e9re.<br \/>\nBorulj a keblemre, lelkem rezed\u00e1ja,<br \/>\nkedves \u00f6regasszony, \u00e9letem vir\u00e1ga!<\/p>\n<p style=\"padding-left: 80px;\">Csod\u00e1latos eml\u00e9k, mi \u00f6sszek\u00f6t minket,<br \/>\n\u00e1ldott legyen a sors, amit adott:<br \/>\nsok gy\u00f6ny\u00f6r\u0171 eml\u00e9ket.<\/p>\n<p style=\"padding-left: 80px;\">Elindulnak egy\u00fctt a t\u00e1voli vil\u00e1gba,<br \/>\neml\u00e9ket itt hagyva, az \u00f6r\u00f6k megv\u00e1lt\u00e1sra.<\/p>\n<div class='watch-action'><div class='watch-position align-left'><div class='action-like'><a class='lbg-style1 like-9555 jlk' href='javascript:void(0)' data-task='like' data-post_id='9555' data-nonce='f48ebca404' rel='nofollow'><img class='wti-pixel' src='https:\/\/fedelnelkul.hu\/wp-content\/plugins\/wti-like-post\/images\/pixel.gif' title='Like' \/><span class='lc-9555 lc'>+4<\/span><\/a><\/div><\/div> <div class='status-9555 status align-left'><\/div><\/div><div class='wti-clear'><\/div>","protected":false},"excerpt":{"rendered":"<p>B\u00e1natos \u0151sz, \u00f6reg szem\u00e9t les\u00fctve j\u00e1rja \u00fat por\u00e1t, nem n\u00e9zi, merre megy, csak baktat s lassan halad tov\u00e1bb. A k\u00f6nny, ami \u00e1titatja szem\u00e9t, esz\u00e9be juttatja r\u00e9g l\u00e1tott szerelm\u00e9t, meg\u00e1ll s n\u00e9z, ak\u00e1r az elm\u00fal\u00f3 ny\u00e1rra, lehull\u00f3 levelek az \u0151szi t\u00e1jban. Meg\u0151sz\u00fclt, csoszog\u00f3 asszony l\u00e9p mell\u00e9je, R\u00e1tal\u00e1lt r\u00e9g nem l\u00e1tott kedves\u00e9re. Borulj a keblemre, lelkem rezed\u00e1ja, &hellip; <a href=\"https:\/\/fedelnelkul.hu\/en\/2020\/11\/12\/az-osz-asszony\/\" class=\"more-link\">Continue reading <span class=\"screen-reader-text\">Az \u0151sz asszony<\/span><\/a><\/p>\n","protected":false},"author":9200,"featured_media":0,"comment_status":"closed","ping_status":"open","sticky":false,"template":"","format":"standard","meta":{"footnotes":""},"categories":[475,10],"tags":[],"class_list":["post-9555","post","type-post","status-publish","format-standard","hentry","category-475","category-vers"],"_links":{"self":[{"href":"https:\/\/fedelnelkul.hu\/en\/wp-json\/wp\/v2\/posts\/9555","targetHints":{"allow":["GET"]}}],"collection":[{"href":"https:\/\/fedelnelkul.hu\/en\/wp-json\/wp\/v2\/posts"}],"about":[{"href":"https:\/\/fedelnelkul.hu\/en\/wp-json\/wp\/v2\/types\/post"}],"author":[{"embeddable":true,"href":"https:\/\/fedelnelkul.hu\/en\/wp-json\/wp\/v2\/users\/9200"}],"replies":[{"embeddable":true,"href":"https:\/\/fedelnelkul.hu\/en\/wp-json\/wp\/v2\/comments?post=9555"}],"version-history":[{"count":1,"href":"https:\/\/fedelnelkul.hu\/en\/wp-json\/wp\/v2\/posts\/9555\/revisions"}],"predecessor-version":[{"id":9556,"href":"https:\/\/fedelnelkul.hu\/en\/wp-json\/wp\/v2\/posts\/9555\/revisions\/9556"}],"wp:attachment":[{"href":"https:\/\/fedelnelkul.hu\/en\/wp-json\/wp\/v2\/media?parent=9555"}],"wp:term":[{"taxonomy":"category","embeddable":true,"href":"https:\/\/fedelnelkul.hu\/en\/wp-json\/wp\/v2\/categories?post=9555"},{"taxonomy":"post_tag","embeddable":true,"href":"https:\/\/fedelnelkul.hu\/en\/wp-json\/wp\/v2\/tags?post=9555"}],"curies":[{"name":"wp","href":"https:\/\/api.w.org\/{rel}","templated":true}]}}