{"id":947,"date":"2018-02-10T20:33:32","date_gmt":"2018-02-10T20:33:32","guid":{"rendered":"http:\/\/fedelnelkul.hu\/2018\/02\/10\/szirena\/"},"modified":"2020-03-04T19:53:50","modified_gmt":"2020-03-04T18:53:50","slug":"szirena","status":"publish","type":"post","link":"https:\/\/fedelnelkul.hu\/en\/2018\/02\/10\/szirena\/","title":{"rendered":"Szir\u00e9na"},"content":{"rendered":"<div align=\"right\">\nJulinak szeretettel!<\/div>\n<p>Ez a szir\u00e9n\u00e1k v\u00e1rosa. Lehet este nyolc, hajnali h\u00e1rom, vagy ak\u00e1r reggel h\u00e9t. Lehetnek az ajt\u00f3k, ablakok z\u00e1rva, a red\u0151ny\u00f6k leeresztve. Ez akkor is a szir\u00e9n\u00e1k v\u00e1rosa marad. K\u00edm\u00e9letlen\u00fcl \u00e9s t\u00e1ntor\u00edthatatlanul visszhangzik a sok v\u00e1ltakoz\u00f3 vinnyog\u00e1s a fejemben.<br \/>\nAz \u00e1gyon fekszem, cigarett\u00e1zom. A f\u00fcst ny\u00fajt\u00f3zkodik a plafon fel\u00e9, a v\u00e9ge hull\u00e1mozva, mint egy bar\u00e1tn\u0151m haja, aki igaz\u00e1b\u00f3l nem is a bar\u00e1tn\u0151m, mert egy darab t\u00e1rgy (titok, hogy mi) nagyobb jelent\u0151s\u00e9ggel b\u00edr \u00e9let\u00e9ben b\u00e1rmin\u00e9l. A bar\u00e1ts\u00e1gn\u00e1l pl\u00e1ne.<br \/>\nHa az ember nagyon unatkozik, vagy csak egyszer\u0171en el akarja nyomni a f\u00e1jdalmait\/ ami \u00fagyse megy \/ sz\u00f3val akkor mindenf\u00e9le \u00e9rtelmetlen dolgokat k\u00e9pes produk\u00e1lni. P\u00e9ld\u00e1nak itt vagyok: ujjaim k\u00f6zt cigi, m\u00e9g mindig, csukl\u00f3mat kisebb-nagyobb intenzit\u00e1ssal forgatom\u2026 feltal\u00e1lva \u00edgy a sz\u00e1j n\u00e9lk\u00fcli f\u00fcstkarik\u00e1t.<br \/>\nP\u00e1r m\u00e1sodperc, \u00e9s j\u00f6n, pontosabban t\u00f6r fel a k\u00e1v\u00e9 a kotyog\u00f3b\u00f3l. Mivel valami irdatlan nagy gyullad\u00e1s lehet a szervezetemben, nem is k\u00edv\u00e1nom. \u00c1tizzadva, f\u00e1zva \u00e9bredek, \u00e9s f\u00e9lek. R\u00fchellem a k\u00f3rh\u00e1zakat. Kedvenc sz\u00edneim a z\u00f6ld (ld.m\u0171t\u0151, intenz\u00edv oszt\u00e1ly), illetve a feh\u00e9r (v\u00f6.steril-steril-steril). Miel\u0151tt b\u00e1rki a FTC-re gondolna: csup\u00e1n v\u00e9letlen egybees\u00e9sr\u0151l van sz\u00f3! A j\u00e9gt\u00e1ncon k\u00edv\u00fcl nem rajongok a sport\u00e9rt, amennyiben a j\u00e9gt\u00e1nc sport, mert szerintem m\u0171v\u00e9szet, de mindegy\u2026<br \/>\nSzam\u00e1rf\u00e9szek. Mama \u00edgy h\u00edvta a bevetetlen \u00e1gyat. Nos, jelenleg egy ilyen f\u00e9szek kell\u0151s k\u00f6zep\u00e9n \u00fcl\u00f6k, \u00e9s azon elm\u00e9lkedem, hogy a l\u00e9lek gyullad\u00e1sa is fel tud-e sz\u00edv\u00f3dni, ak\u00e1rcsak a test\u00e9. Hat nap. Pszichi\u00e1ter. \u00dajranekifut\u00e1s sokadszorra. Mert m\u00e1r kezdem azt hinni, csak bennem szir\u00e9n\u00e1znak. Hangosan \u00e9s folyamatosan.<\/p>\n<div align=\"left\">\n2009 szeptember, harmadik d\u00edj<\/div>\n<div class='watch-action'><div class='watch-position align-left'><div class='action-like'><a class='lbg-style1 like-947 jlk' href='javascript:void(0)' data-task='like' data-post_id='947' data-nonce='0fc93b1003' rel='nofollow'><img class='wti-pixel' src='https:\/\/fedelnelkul.hu\/wp-content\/plugins\/wti-like-post\/images\/pixel.gif' title='Like' \/><span class='lc-947 lc'>0<\/span><\/a><\/div><\/div> <div class='status-947 status align-left'><\/div><\/div><div class='wti-clear'><\/div>","protected":false},"excerpt":{"rendered":"<p>Julinak szeretettel! Ez a szir\u00e9n\u00e1k v\u00e1rosa. Lehet este nyolc, hajnali h\u00e1rom, vagy ak\u00e1r reggel h\u00e9t. Lehetnek az ajt\u00f3k, ablakok z\u00e1rva, a red\u0151ny\u00f6k leeresztve. Ez akkor is a szir\u00e9n\u00e1k v\u00e1rosa marad. K\u00edm\u00e9letlen\u00fcl \u00e9s t\u00e1ntor\u00edthatatlanul visszhangzik a sok v\u00e1ltakoz\u00f3 vinnyog\u00e1s a fejemben. Az \u00e1gyon fekszem, cigarett\u00e1zom. A f\u00fcst ny\u00fajt\u00f3zkodik a plafon fel\u00e9, a v\u00e9ge hull\u00e1mozva, mint egy &hellip; <a href=\"https:\/\/fedelnelkul.hu\/en\/2018\/02\/10\/szirena\/\" class=\"more-link\">Continue reading <span class=\"screen-reader-text\">Szir\u00e9na<\/span><\/a><\/p>\n","protected":false},"author":352,"featured_media":0,"comment_status":"closed","ping_status":"open","sticky":false,"template":"","format":"standard","meta":{"footnotes":""},"categories":[68,9],"tags":[],"class_list":["post-947","post","type-post","status-publish","format-standard","hentry","category-68","category-szepproza"],"_links":{"self":[{"href":"https:\/\/fedelnelkul.hu\/en\/wp-json\/wp\/v2\/posts\/947","targetHints":{"allow":["GET"]}}],"collection":[{"href":"https:\/\/fedelnelkul.hu\/en\/wp-json\/wp\/v2\/posts"}],"about":[{"href":"https:\/\/fedelnelkul.hu\/en\/wp-json\/wp\/v2\/types\/post"}],"author":[{"embeddable":true,"href":"https:\/\/fedelnelkul.hu\/en\/wp-json\/wp\/v2\/users\/352"}],"replies":[{"embeddable":true,"href":"https:\/\/fedelnelkul.hu\/en\/wp-json\/wp\/v2\/comments?post=947"}],"version-history":[{"count":1,"href":"https:\/\/fedelnelkul.hu\/en\/wp-json\/wp\/v2\/posts\/947\/revisions"}],"predecessor-version":[{"id":6412,"href":"https:\/\/fedelnelkul.hu\/en\/wp-json\/wp\/v2\/posts\/947\/revisions\/6412"}],"wp:attachment":[{"href":"https:\/\/fedelnelkul.hu\/en\/wp-json\/wp\/v2\/media?parent=947"}],"wp:term":[{"taxonomy":"category","embeddable":true,"href":"https:\/\/fedelnelkul.hu\/en\/wp-json\/wp\/v2\/categories?post=947"},{"taxonomy":"post_tag","embeddable":true,"href":"https:\/\/fedelnelkul.hu\/en\/wp-json\/wp\/v2\/tags?post=947"}],"curies":[{"name":"wp","href":"https:\/\/api.w.org\/{rel}","templated":true}]}}