{"id":9377,"date":"2020-10-22T15:56:14","date_gmt":"2020-10-22T13:56:14","guid":{"rendered":"https:\/\/fedelnelkul.hu\/?p=9377"},"modified":"2020-11-05T16:01:48","modified_gmt":"2020-11-05T15:01:48","slug":"egy-szocmunkas-naploja-15-resz","status":"publish","type":"post","link":"https:\/\/fedelnelkul.hu\/en\/2020\/10\/22\/egy-szocmunkas-naploja-15-resz\/","title":{"rendered":"Egy szocmunk\u00e1s napl\u00f3ja 15. r\u00e9sz"},"content":{"rendered":"<h3 style=\"text-align: center;\">Nincs mese<\/h3>\n<p>\u00c9s ez most a legnagyobb bajom. Hogy nincs. Kir\u00e1lyfisra \u00e9s kir\u00e1lyl\u00e1nyosra nem v\u00e1gyn\u00e9k, az \u00f6sszesnek koron\u00e1ja van, nincs annyi le\u00fct\u00e9s-lehet\u0151s\u00e9g a cikkben, mint ah\u00e1ny PCR tesztet k\u00e9ne bele\u00edrni, ha meg m\u00e9g a h\u00e9tfej\u0171 s\u00e1rk\u00e1nyt is belevenn\u00e9m, az m\u00e1r plusz h\u00e9t garat, ennyi lenne a sztori, hogy levetett\u00e9k a tesztet, ez a mai r\u00f6gval\u00f3, M\u00c1S mes\u00e9r\u0151l meg nem is \u00e1lmodhatom, tudom j\u00f3l. Pedig v\u00e1gyn\u00e1m a j\u00f3 mes\u00e9t, amiben a gonosz elnyeri m\u00e9lt\u00f3 b\u00fcntet\u00e9s\u00e9t, a j\u00f3 boldog \u00e9s a mesek\u00f6nyv v\u00e9g\u00e9n a sziv\u00e1rv\u00e1ny alatt \u00f6sszecs\u00f3kol\u00f3zik, aki ellens\u00e9g volt, itt a v\u00e9ge, fuss el v\u00e9le, \u00e9s soha, de soha nincs t\u00e9l.<\/p>\n<p>L\u00e1tom magam el\u0151tt, ahogy t\u00e9lim\u00e1d\u00f3 ismer\u0151seim feljajdulnak, van nekem ilyen is, nem is egy, soksz\u00edn\u0171 a szeretteim k\u00f6re, van, aki herceg l\u00e9t\u00e9re herceget szeret, kir\u00e1lyl\u00e1ny l\u00e9t\u00e9re kir\u00e1lyl\u00e1nyt, csador van a fej\u00e9n vagy kipa, h\u00e1za van vagy nincs h\u00e1za, de hi\u00e1ba a szoros k\u00f6tel\u00e9k n\u00e9melyik\u00fckkel, olyan meggy\u0151\u00adz\u0151 \u00e9rvet m\u00e9g nem hallottam egyik\u00fckt\u0151l sem, amit\u0151l megszerettem volna a hideget, egyszer\u0171en mindig f\u00e1zom, ak\u00e1rmennyire fel\u00f6lt\u00f6z\u00f6m.<\/p>\n<p>Amikor kicsi voltam, anyuk\u00e1m tett k\u00f3sza k\u00eds\u00e9rleteket arra, hogy norm\u00e1lis gyerek m\u00f3dj\u00e1ra felcsillanjon a szemem, ha elhangzik, hogy megy\u00fcnk sz\u00e1nk\u00f3zni. A h\u00f3goly\u00f3val nem pr\u00f3b\u00e1lkozott eml\u00e9keim szerint, azt hamar bel\u00e1tta, hogy es\u00e9lytelen. De a sz\u00e1nk\u00f3n csak \u00fclni kell, anya h\u00faz, h\u00e1t nem csod\u00e1latos? A bajok ott kezd\u0151dtek, hogy szimpl\u00e1n a h\u00f3t\u00f3l els\u00edrtam magam \u00e9s j\u00f6hetett nekem a t\u00e9lkir\u00e1llyal, aki megr\u00e1zta a szak\u00e1ll\u00e1t, n\u00e9zd csak, az a h\u00f3, ami a szak\u00e1ll\u00e1b\u00f3l hullik, \u00e9n udvariasan elmentem vele sz\u00e1nk\u00f3zni, de az arcomra volt \u00edrva, hogy \u00fagy ut\u00e1lom a rohadt t\u00e9lkir\u00e1lyt szak\u00e1llastul, amennyire egy 5 \u00e9v k\u00f6r\u00fcli kisl\u00e1ny csak ut\u00e1lni tud.<\/p>\n<p>Nagyany\u00e1m pr\u00f3b\u00e1lt m\u00e9g valamit tenni az \u00fcgy\u00e9rt, nyugati hat\u00e1rsz\u00e9li faluban \u00e9ltek, dimbes-dombos, j\u00f3 \u00f6tletnek l\u00e1tta, ha megtan\u00edt valaki s\u00edelni, sport is, m\u00f3ka is. \u00c1lltam a k\u00e9t copfommal l\u00e1ngv\u00f6r\u00f6sen mellette, amikor a temet\u0151 el\u0151tt s\u00e9t\u00e1lva elkapta a falu legszebb leg\u00e9ny\u00e9t, ugyan tan\u00edtson m\u00e1r meg engem s\u00edelni. Minden s\u00ednen volt m\u00e1r, \u00e9n is belet\u00f6r\u0151dtem a sorsomba, amikor elhangzott a v\u00e9gzetes mondat:<\/p>\n<p>\u2013 Arra soha ne menjetek \u2013 mutatott egy k\u00f6zeli helyre \u2013, mert az m\u00e1r Ausztria majdnem, seggbe ne l\u0151jenek, mert azt hiszik, disszid\u00e1lni akartok!<br \/>\nNa k\u00f6sz, gondoltam, meg is \u00e9rtettem r\u00f6gvest a k\u00f6zeli temet\u0151t, \u00f6sszeraktam vill\u00e1mgyorsan, hogy ezek itt mind meg akart\u00e1k szeretni a telet \u00e9s lel\u0151tt\u00e9k \u0151ket, \u00e9n ebb\u0151l nem k\u00e9rek. Sosem volt s\u00edl\u00e9c a l\u00e1bamon az\u00f3ta sem, de minden t\u00e9len le akarok l\u00e9celni az\u00f3ta is valami melegebb helyre.<\/p>\n<p>Ami biztos volt onnant\u00f3l, hogy olyan munk\u00e1t v\u00e1lasztok majd, ahol otthon, a pattog\u00f3 t\u0171z mellett v\u00e9szelem \u00e1t a t\u00e9li est\u00e9ket, nincs az az Isten, hogy kimer\u00e9szkedjek a metsz\u0151 hidegbe.<\/p>\n<p>Lett az az Isten, kimegyek, mert enn\u00e9l jobban m\u00e1r csak azok \u00e9rzik a b\u0151r\u00fck\u00f6n a hideget \u00e9s a telet, akikhez megyek, vagy akiket est\u00e9nk\u00e9nt beengedek az aznapi \u00e1gyukra.<\/p>\n<p>\u00c9n szerencs\u00e9s vagyok, ha a t\u0171z nem is pattog, de meleg a panel, ahol most ezt \u00edrom \u00e9s ahol a saj\u00e1t szab\u00e1lyaim szerint \u00e9lhetek. De ez a meseorsz\u00e1g nem mindenki\u00e9. Vigy\u00e1zzanak, ha tudnak azokra, akik nem ilyen szerencs\u00e9sek, k\u00e9rem. Mert j\u00f6n a t\u00e9l, nincs mese.<\/p>\n<p style=\"text-align: left;\">Szeretettel:<\/p>\n<p style=\"text-align: right;\"><span style=\"color: #ff0000;\">Nuszer Mirjam Johanna<\/span><\/p>\n<p>Fed\u00e9l N\u00e9lk\u00fcl, 2020.10.22.<\/p>\n<div class='watch-action'><div class='watch-position align-left'><div class='action-like'><a class='lbg-style1 like-9377 jlk' href='javascript:void(0)' data-task='like' data-post_id='9377' data-nonce='a4559c5496' rel='nofollow'><img class='wti-pixel' src='https:\/\/fedelnelkul.hu\/wp-content\/plugins\/wti-like-post\/images\/pixel.gif' title='Like' \/><span class='lc-9377 lc'>0<\/span><\/a><\/div><\/div> <div class='status-9377 status align-left'><\/div><\/div><div class='wti-clear'><\/div>","protected":false},"excerpt":{"rendered":"<p>Nincs mese \u00c9s ez most a legnagyobb bajom. Hogy nincs. Kir\u00e1lyfisra \u00e9s kir\u00e1lyl\u00e1nyosra nem v\u00e1gyn\u00e9k, az \u00f6sszesnek koron\u00e1ja van, nincs annyi le\u00fct\u00e9s-lehet\u0151s\u00e9g a cikkben, mint ah\u00e1ny PCR tesztet k\u00e9ne bele\u00edrni, ha meg m\u00e9g a h\u00e9tfej\u0171 s\u00e1rk\u00e1nyt is belevenn\u00e9m, az m\u00e1r plusz h\u00e9t garat, ennyi lenne a sztori, hogy levetett\u00e9k a tesztet, ez a mai r\u00f6gval\u00f3, &hellip; <a href=\"https:\/\/fedelnelkul.hu\/en\/2020\/10\/22\/egy-szocmunkas-naploja-15-resz\/\" class=\"more-link\">Continue reading <span class=\"screen-reader-text\">Egy szocmunk\u00e1s napl\u00f3ja 15. r\u00e9sz<\/span><\/a><\/p>\n","protected":false},"author":9130,"featured_media":0,"comment_status":"closed","ping_status":"open","sticky":false,"template":"","format":"standard","meta":{"footnotes":""},"categories":[472,453,454],"tags":[],"class_list":["post-9377","post","type-post","status-publish","format-standard","hentry","category-472","category-blog","category-mirjam"],"_links":{"self":[{"href":"https:\/\/fedelnelkul.hu\/en\/wp-json\/wp\/v2\/posts\/9377","targetHints":{"allow":["GET"]}}],"collection":[{"href":"https:\/\/fedelnelkul.hu\/en\/wp-json\/wp\/v2\/posts"}],"about":[{"href":"https:\/\/fedelnelkul.hu\/en\/wp-json\/wp\/v2\/types\/post"}],"author":[{"embeddable":true,"href":"https:\/\/fedelnelkul.hu\/en\/wp-json\/wp\/v2\/users\/9130"}],"replies":[{"embeddable":true,"href":"https:\/\/fedelnelkul.hu\/en\/wp-json\/wp\/v2\/comments?post=9377"}],"version-history":[{"count":1,"href":"https:\/\/fedelnelkul.hu\/en\/wp-json\/wp\/v2\/posts\/9377\/revisions"}],"predecessor-version":[{"id":9378,"href":"https:\/\/fedelnelkul.hu\/en\/wp-json\/wp\/v2\/posts\/9377\/revisions\/9378"}],"wp:attachment":[{"href":"https:\/\/fedelnelkul.hu\/en\/wp-json\/wp\/v2\/media?parent=9377"}],"wp:term":[{"taxonomy":"category","embeddable":true,"href":"https:\/\/fedelnelkul.hu\/en\/wp-json\/wp\/v2\/categories?post=9377"},{"taxonomy":"post_tag","embeddable":true,"href":"https:\/\/fedelnelkul.hu\/en\/wp-json\/wp\/v2\/tags?post=9377"}],"curies":[{"name":"wp","href":"https:\/\/api.w.org\/{rel}","templated":true}]}}