{"id":9344,"date":"2020-10-19T14:37:57","date_gmt":"2020-10-19T12:37:57","guid":{"rendered":"https:\/\/fedelnelkul.hu\/?p=9344"},"modified":"2020-10-19T14:37:59","modified_gmt":"2020-10-19T12:37:59","slug":"koronaplo-kinek-mit-hozott-a-karanten","status":"publish","type":"post","link":"https:\/\/fedelnelkul.hu\/en\/2020\/10\/19\/koronaplo-kinek-mit-hozott-a-karanten\/","title":{"rendered":"KoroNapl\u00f3 Kinek mit hozott a karant\u00e9n?"},"content":{"rendered":"<p><em>A Fed\u00e9l N\u00e9lk\u00fcl utcalap szerkeszt\u0151s\u00e9ge \u00fagy gondolta, megk\u00e9rdez n\u00e9h\u00e1ny hajl\u00e9ktalan \u00e9s otthonnal rendelkez\u0151 embert, mik\u00e9ppen hatott az \u00e9let\u00e9re a korona j\u00e1rv\u00e1ny. Megnyugtat\u00e1sk\u00e9nt jelzem, hogy az Open Society Foundation j\u00f3volt\u00e1b\u00f3l kb. 5000 tesztet v\u00e9geztek el a budapesti hajl\u00e9ktalan emberek \u00e9s szoci\u00e1lis munk\u00e1sok k\u00f6r\u00e9ben, melyb\u0151l kider\u00fclt, alig p\u00e1r int\u00e9zm\u00e9nybe tudott behatolni a v\u00edrus, \u00e9s ott is csup\u00e1n elv\u00e9tve voltak pozit\u00edvak a tesztek.<\/em><\/p>\n<p><em>Ez meglep\u0151en j\u00f3 h\u00edr az eg\u00e9szs\u00e9g\u00fcgyileg \u00e9s szoci\u00e1lisan igencsak vesz\u00e9lyeztetett r\u00e9teg szempontj\u00e1b\u00f3l, de n\u00e9zz\u00fck csak a koronav\u00edrus \u00e9s az ellene hozott szankci\u00f3k egy\u00e9nekre gyakorolt hat\u00e1s\u00e1t. A teljes szerkeszt\u0151s\u00e9g \u00e9ppen Barcelon\u00e1ban lett volna tapasztalatcser\u00e9n, mikor ennek a rovatnak az \u00f6tlete megsz\u00fcletett.<\/em><\/p>\n<p><em>A szerkeszt\u0151s\u00e9g<\/em><\/p>\n<p style=\"text-align: center;\"><strong>Egy exhajl\u00e9ktalan<\/strong><\/p>\n<p>1994. j\u00falius 11-t\u0151l \u00e9lveztem 23 \u00e9ven kereszt\u00fcl a hajl\u00e9ktalan-ell\u00e1t\u00e1s szolg\u00e1latait. Ezut\u00e1n pr\u00f3b\u00e1lkoztam csak a budapesti szobab\u00e9rletekkel, de egy \u00e9ven kereszt\u00fcl egyikb\u0151l a m\u00e1sikba menek\u00fcltem, mire 2018-ban r\u00e1leltem a jelenlegi lakhat\u00e1somra. Ez is csak egy szoba, de erk\u00e9llyel \u00e9s norm\u00e1lis k\u00f6r\u00fclm\u00e9nyekkel \u00e9s fenntart\u00e1si hozz\u00e1j\u00e1rul\u00e1ssal.<\/p>\n<p>Lakhat\u00e1som fenntart\u00e1s\u00e1hoz egy t\u00e1rsadalmi \u00e9rz\u00e9keny\u00edt\u0151 program, az \u201eEls\u0151 K\u00e9zb\u0151l a Hajl\u00e9ktalans\u00e1gr\u00f3l\u201d \u2013 EKH \u2013 kital\u00e1l\u00e1sa, elind\u00edt\u00e1sa \u00e9s koordin\u00e1l\u00e1sa seg\u00edt hozz\u00e1. Ezenfel\u00fcl a C\u00edm n\u00e9lk\u00fcl \/ hajl\u00e9k-kaland-j\u00e1t\u00e9k darabban is szerepelek, ami\u00e9rt eg\u00e9szen j\u00f3 g\u00e1zsit kapok. A fix k\u00f6zmunk\u00e1s j\u00f6vedelmem pedig majdnem el\u00e9ri az 55.000 forintot.<\/p>\n<p>Azonban m\u00e1rcius 4-\u00e9n volt az utols\u00f3 EKH el\u0151ad\u00e1sunk \u00e9s csup\u00e1n ebben a h\u00f3napban n\u00e9gy C\u00edm n\u00e9lk\u00fcl sz\u00edniel\u0151ad\u00e1s maradt el, ami 100 ezer forint vesztes\u00e9get jelentett, \u00edgy m\u00e1jus k\u00f6zep\u00e9re elfogyott az \u00f6sszes megtakar\u00edtott p\u00e9nzem. Ebb\u0151l l\u00e1tszik, hogy a k\u00f6zmunk\u00e1s b\u00e9rem ugyan fedezi a lakhat\u00e1somat, de 2 h\u00e9ten bel\u00fcl \u00e9hen haln\u00e9k.<\/p>\n<p>A kij\u00e1r\u00e1si szankci\u00f3k kezdet\u00e9n hi\u00e1ba kerestem maszkot \u00e9s gumikeszty\u0171t a patik\u00e1kban, azt m\u00e9g egy h\u00f3napig nem lehetett kapni. V\u00e9g\u00fcl \u00fagy jutottam ezekhez, hogy egy bar\u00e1tom felh\u00edvta a figyelmemet a j\u00f3zsefv\u00e1rosi \u00f6nk\u00e9ntes z\u00f6ld h\u00edv\u00f3sz\u00e1mra \u00e9s egy ker\u00e9kp\u00e1ros \u00f6nk\u00e9ntes hozott h\u00e1zilag varrt maszkot. A Fed\u00e9l N\u00e9lk\u00fcl Szerkeszt\u0151s\u00e9gbe sem mehettem be a korom \u2013 60 elm\u00faltam \u2013 valamint t\u00fcd\u0151- \u00e9s sz\u00edvbetegs\u00e9geim miatt, csup\u00e1n a szob\u00e1mb\u00f3l dolgozhattam online.<\/p>\n<p>A szerkeszt\u0151s\u00e9gben a karant\u00e9n \u00f3ta mind\u00f6ssze k\u00e9tszer voltam. Mindk\u00e9t alkalommal kaptam tart\u00f3s \u00e9lelmiszer t\u00e1mogat\u00e1st \u00e9s a m\u00e1sodik alkalommal engem is megsz\u0171rtek, aminek az eredm\u00e9nye negat\u00edv lett. Nekem aktivista \u00e9s el\u0151ad\u00f3i tev\u00e9kenys\u00e9geim folyt\u00e1n sz\u00e9lesk\u00f6r\u0171 t\u00e1rsadalmi kapcsolataim vannak, ami sajnos egy\u00e1ltal\u00e1n nem jellemz\u0151 a hajl\u00e9ktalan emberek t\u00f6bbs\u00e9g\u00e9re. Aktivista t\u00e1rsam \u00e9s a sz\u00ednh\u00e1zi rendez\u0151m is hozott m\u00e1r \u00e9lelmiszer csomagot, t\u00f6bb bar\u00e1tom is felaj\u00e1nlotta anyagi t\u00e1mogat\u00e1s\u00e1t, de a szerkeszt\u0151s\u00e9gt\u0151l is kaphatok seg\u00edts\u00e9get. A lak\u00f3t\u00e1rsammal \u2013 a tulaj \u00e9desanyja \u2013 is megosztjuk az adom\u00e1nyba kapott \u00e9lelmiszert. Sajnos a laptopom hi\u00e1nyoss\u00e1gai miatt t\u00f6bb online \u00e9rtekezletr\u0151l is lemaradtam.<\/p>\n<p>Bez\u00e1rts\u00e1gomnak azonban el\u0151nyei is vannak. K\u00e9tszer annyit tudok gimnasztik\u00e1zni, mint eddig. M\u00e1r nemcsak a komputerem mellett doh\u00e1nyzom, hanem kimegyek az erk\u00e9lyre d\u00e9lel\u0151tt \u00e9s a leng\u0151folyos\u00f3ra d\u00e9lut\u00e1n a napra. T\u00f6bb id\u0151m van az \u0171rhaj\u00f3z\u00e1s kutat\u00e1s\u00e1ra is. Elkezdtem a lak\u00f3t\u00e1rsam ir\u00e1ny\u00edt\u00e1s\u00e1val f\u0151zni tanulni, hogy ne csak a h\u00edres r\u00e1ntott\u00e1mat tudjam elk\u00e9sz\u00edteni.<\/p>\n<p>A leginnovat\u00edvabb \u00e9letelemem azonban a kert\u00e9szked\u00e9s lett. M\u00e1jus 15-\u00e9n kib\u00fajt az els\u0151 h\u00e1rom paprika pal\u00e1nt\u00e1m. Most is ezek fejl\u0151d\u00e9s\u00e9t k\u00f6vetem. Rem\u00e9lem, m\u00e1soknak is kialakult hasonl\u00f3an \u00faj, hasznos elfoglalts\u00e1ga a bez\u00e1rts\u00e1g ilyen hossz\u00fa id\u0151szak\u00e1ban.<\/p>\n<p>Balog Gyula alkoholista, exhajl\u00e9ktalan, aktivista, el\u0151ad\u00f3, sz\u00edn\u00e9sz<\/p>\n<p>a KoroNapl\u00f3 rovat szerkeszt\u0151je<\/p>\n<p style=\"text-align: center;\"><strong>13 \u00e9vesen<\/strong><\/p>\n<p>Mindaddig, am\u00edg be nem \u00fct\u00f6tt a Covid-19, z\u00f6kken\u0151mentesen zajlott (4 testv\u00e9remmel, sz\u00fcleimmel) az \u00e9let. Mindannyian a V\u00e1rba j\u00e1rtunk iskol\u00e1ba, k\u00e9s\u0151bb tov\u00e1bbment\u00fcnk er\u0151sebb iskol\u00e1kba. Apuk\u00e1mnak biztos j\u00f6vedelme van matektan\u00e1rk\u00e9nt ahhoz, hogy eltartsa az \u00f6t \u00e9hes sz\u00e1jat. M\u00e9g miel\u0151tt igaz\u00e1n meg\u00e9rkezett volna a v\u00edrus, sz\u00fcleinkkel, akik felismert\u00e9k a vesz\u00e9lyt, \u00e9s k\u00e9t unokates\u00f3-csal\u00e1ddal lek\u00f6lt\u00f6zt\u00fcnk R\u00e9v\u00adf\u00fcl\u00f6pre, k\u00f6z\u00f6s nagysz\u00fcleink nyaral\u00f3j\u00e1ba, hat\u00e1rozatlan id\u0151re.<\/p>\n<p>Vid\u00e9ken nem igaz\u00e1n m\u0171k\u00f6d\u00f6tt az onli\u00adne tanul\u00e1s, mert kev\u00e9s okoseszk\u00f6z \u00e1llt ren\u00addelkez\u00e9s\u00fcnkre. K\u00e9s\u0151bb ez a probl\u00e9ma megold\u00f3dott n\u00e9h\u00e1ny tabletnek k\u00f6sz\u00f6nhet\u0151en. \u00cdgy, hogy mindenkinek volt min tanulnia, valamelyest beindult a tanul\u00e1s, de szerintem sokkal nehezebb otthon, mert nem igaz\u00e1n tudja elmagyar\u00e1zni a tan\u00e1r az anyagot, \u00e9s ami feladatokat k\u00fcldenek, az sokszor t\u00f6bb id\u0151be telik, mint 45 perc. G\u00e9pen tanultunk, j\u00e1tszottunk, ami kicsit t\u00f6bb lett, mint amikor iskol\u00e1ba j\u00e1rtunk volna. Volt egy hatalmas kert, ahova fel\u00e1ll\u00edtottuk a kos\u00e1rpal\u00e1nkot, de olykor a r\u00f6pih\u00e1l\u00f3 is felker\u00fclt. A v\u00e1s\u00e1rl\u00e1sokat a feln\u0151ttek int\u00e9zt\u00e9k, f\u0151zt\u00e9k az eb\u00e9det, viszont ahol a gyerekek tudtak, a sz\u00fcl\u0151k k\u00e9r\u00e9s\u00e9re beseg\u00edtettek, ennek k\u00f6sz\u00f6nhet\u0151en megtanultam bepakolni a mosogat\u00f3g\u00e9pbe, fels\u00f6p\u00f6rni a teraszt. Apuk\u00e1nk nagyon sokat seg\u00edtett mindenkinek a tanul\u00e1sban, ez\u00e9rt nagy vesztes\u00e9g volt, amikor hazament \u00e9retts\u00e9giztetni Budapestre. \u0150 volt az, aki a rendet fenntartotta, mert amint elment, mindenkit hidegen hagyott, hogy seg\u00edtenie k\u00e9ne, \u00e9s mindenki sokkal t\u00f6bbet g\u00e9pezett, mint amennyit lehetett volna. Ez\u00e9rt azt\u00e1n m\u00e1jus k\u00f6zep\u00e9n sz\u00fcleink \u00fagy d\u00f6nt\u00f6ttek, hogy hazaj\u00f6v\u00fcnk.<\/p>\n<p>Mindenki att\u00f3l f\u00e9l, hogy itthon a j\u00e1tsz\u00f3t\u00e1rsak n\u00e9lk\u00fcl sokkal nehezebb lesz az egy\u00fcttm\u0171k\u00f6d\u00e9s, mint a kertes h\u00e1zban. H\u00e1tr\u00e1nya, hogy t\u00e9nyleg nagyon rosszul viselj\u00fck a bez\u00e1rts\u00e1got, viszont a papa \u00fajra tud seg\u00edteni az iskolai feladatokban.<\/p>\n<p>Az egyik k\u00f6z\u00f6ss\u00e9gem, a sportegyes\u00fcletem teljesen megv\u00e1ltozott: \u00fagy m\u0171k\u00f6d\u00f6tt a karant\u00e9n idej\u00e9n, hogy az edz\u0151 kik\u00fcld\u00f6tt egy edz\u00e9stervet, amit otthon mindenki csin\u00e1lgatott, \u00e9s le kellett \u00edrni, hogy mennyit mozogtunk a h\u00e9ten, azt elk\u00fcldeni az edz\u0151nek, aki ez\u00e9rt kapta a fizet\u00e9s\u00e9t. A m\u00e1sik egy Regnum Marianum nevezet\u0171 katolikus k\u00f6z\u00f6ss\u00e9g, ami abb\u00f3l \u00e1ll, hogy heti egyszer tal\u00e1lkozunk mindig m\u00e1shol, egy vacsora \u00e9s egy ima ut\u00e1n k\u00fcl\u00f6nb\u00f6z\u0151 t\u00e9m\u00e1kr\u00f3l besz\u00e9l\u00fcnk. Ezzel a csapattal m\u00e9g Zoom-on szoktunk besz\u00e9lgetni, de ez se olyan, mint a r\u00e9gi.<\/p>\n<p>Ez a v\u00edrus n\u00e9h\u00e1ny h\u00f3napra mindenkinek megv\u00e1ltoztatta az \u00e9let\u00e9t, nekem is. Lehet, hogy m\u00e9g ink\u00e1bb megpr\u00f3b\u00e1lunk visszamenni a b\u00e9latelepi nya\u00adral\u00f3ba, ha nem b\u00edrjuk ki itthon, de lehet, hogy nem, ebben a helyzetben nem lehet tudni. Apuk\u00e1m mondta m\u00e9g R\u00e9vf\u00fcl\u00f6p\u00f6n: \u201eMi\u00e9rt azt tervezgetj\u00fck, hogy mi lesz egy-k\u00e9t h\u00e9t m\u00falva, ha azt sem tudjuk, mi lesz holnap\u201d.<\/p>\n<p>Ben\u0151, 2020.05.19<\/p>\n<p>\u00a0<\/p>\n<p style=\"text-align: center;\"><strong>Egy otthon maradt 75 \u00e9ves h\u00f6lgy<\/strong><\/p>\n<p>Szerencs\u00e9s vagyok, mert eg\u00e9sz hossz\u00fa \u00e9letemben tanulhattam, dolgozhattam \u00e9s olyan f\u0171t\u00f6tt lak\u00e1sban \u00e9lhettem, aminek terasza van, a t\u00e1rsash\u00e1znak pedig kertje. Ezeket tudtam \u00e9lvezni most is, az elm\u00falt hetekben, amikor mint id\u0151skor\u00fat f\u00e9ltett \u00e9s \u00f3vott a l\u00e1nyom att\u00f3l, hogy emberekkel tal\u00e1lkozzak a vesz\u00e9lyhelyzet alatt. Egy h\u00e1zban, de k\u00fcl\u00f6n lak\u00e1sban \u00e9l\u00fcnk, \u0151 r\u00e1m val\u00f3 tekintettel m\u00e1rcius elej\u00e9t\u0151l az \u00f6nk\u00e9ntes karant\u00e9nt v\u00e1lasztotta, otthonr\u00f3l dolgozott. A mindenf\u00e9le \u201ek\u00fcty\u00fck\u201d seg\u00edts\u00e9g\u00e9vel tartott kapcsolatot a k\u00fclvil\u00e1ggal, ezekkel viszont reggelt\u0151l estig a karant\u00e9n miatt seg\u00edts\u00e9get k\u00e9r\u0151 emberek k\u00e9r\u00e9seinek teljes\u00edt\u00e9s\u00e9t szervezte. Az \u00e9n dolgom az volt, hogy az \u00e1ltala v\u00e1s\u00e1roltakb\u00f3l f\u0151zzek, s\u00fcssek magunknak heteken \u00e1t. Nem mondom, hogy ez nem lett volna unalmas, ha ki nem tal\u00e1ljuk, hogy olyan \u00e9teleket is k\u00e9sz\u00edtsek, amit m\u00e9g eddig soha. Ilyen volt p\u00e9ld\u00e1ul a s\u00fclt csirkesz\u00e1rny. Fiatalabb koromban a csirke sz\u00e1rny\u00e1t, mint anya, az\u00e9rt ettem, hogy a csal\u00e1d t\u00f6bbi tagja kaphassa a csirke nemesebb r\u00e9szeit. \u00c9s most, mint megtudtam, ez a fiatalok egyik kedvenc csemeg\u00e9je! \u00c9s siker\u00fclt is egy j\u00f3 recept seg\u00edts\u00e9g\u00e9vel finom eb\u00e9det rittyenteni ebb\u0151l is.<\/p>\n<p>Hamar elszaladtak a bez\u00e1rts\u00e1g hetei, amib\u0151l id\u0151nk\u00e9nt kit\u00f6rtem azzal az \u00fcr\u00fcggyel, hogy a kuty\u00e1t meg kell s\u00e9t\u00e1ltatni. A l\u00e1nyom furfangja seg\u00edts\u00e9g\u00e9vel ezt olyan t\u00f6k\u00e9lyre fejlesztette, hogy a v\u00e9ge fel\u00e9 ink\u00e1bb engem s\u00e9t\u00e1ltatott, mint a kuty\u00e1t, olyan helyekre \u00e9s id\u0151pontokban ment\u00fcnk, hogy az megfeleljen minden hivatalos k\u00f6vetelm\u00e9nynek, a lehet\u0151 legkevesebb emberrel \u00fctk\u00f6zz\u00fcnk, viszont mindh\u00e1rman \u00e9lvezz\u00fck.<\/p>\n<p>A Fed\u00e9l N\u00e9lk\u00fcl c\u00edm\u0171 lapnak rendszeres olvas\u00f3ja vagyok. Vagy egy kedves terjeszt\u0151t\u0151l aj\u00e1nd\u00e9kba megkapom, vagy ha nem tal\u00e1lkozunk, m\u00e1st\u00f3l veszem meg az aktu\u00e1lis lapsz\u00e1mot. Most, hogy betartottam a r\u00e1nk kir\u00f3tt szab\u00e1lyokat \u00e9s otthon maradtam, nincs m\u00f3dom szem\u00e9lyesen tal\u00e1lkozni a terjeszt\u0151kkel. Ez\u00e9rt az adjuk\u00f6ssze.hu k\u00f6zvet\u00edt\u00e9s\u00e9vel havi rendszeress\u00e9ggel utalok p\u00e9nzt a Fed\u00e9l N\u00e9lk\u00fcl szerkeszt\u0151s\u00e9g\u00e9nek \u00e9s online olvasom.<\/p>\n<p>Anna, 2020.05.20.<\/p>\n<p style=\"text-align: center;\"><strong>Utc\u00e1r\u00f3l alb\u00e9rletbe<\/strong><\/p>\n<p>Csurika M\u00e1ria vagyok, 48 \u00e9ves. Vid\u00e9kr\u0151l menek\u00fcltem a f\u0151v\u00e1rosba fiammal. Sok rosszat meg\u00e9lt\u00fcnk, hiszen laktunk utc\u00e1n, pinc\u00e9ben, olyan \u201ealb\u00e9rletben\u201d, ahol vagy 12 fok volt t\u00e9len, WC tusol\u00f3 az udvaron, vagy olyanban, ahol a szennyv\u00edz j\u00f6tt f\u00f6l s mindezt dr\u00e1ga p\u00e9nz\u00e9rt. De soha nem gondoltam, hogy ez a mostani helyzet is megt\u00f6rt\u00e9nhet, hogy ki se mehet\u00fcnk a lak\u00e1sb\u00f3l s r\u00e1ad\u00e1sul maszkban kell boltba is menni. Tavaly szerencs\u00e9sen megnyertem egy p\u00e1ly\u00e1zatot, \u00edgy egy kb. 35 m2-es lak\u00e1st b\u00e9relek, imm\u00e1r egyed\u00fcl, se alkoholista tulajdonos, se sok szobat\u00e1rs, csak \u00e9n, hiszen fiam m\u00e1r k\u00fcl\u00f6n \u00e9l p\u00e1r \u00e9ve. Okt\u00f3berben kaptam egy nagyon j\u00f3 munka aj\u00e1nlatot, irod\u00e1kat kell takar\u00edtani egy nagyon nagy irodah\u00e1zban. Volt akkor \u00e9pp 3 munkahelyem, az egyiket lecser\u00e9ltem, gondoltam az belef\u00e9r n\u00e9gy \u00f3r\u00e1ba. Azt\u00e1n az egyik munkahelyem megsz\u0171nt, \u00edgy k\u00e9rtem a f\u0151n\u00f6k\u00f6t hogy nyolc \u00f3r\u00e1ban dolgozhassak. Febru\u00e1r elsej\u00e9vel siker\u00fclt el\u00e9rni, addigra pont a m\u00e1sik munka is \u00e1talakult, \u00e9s \u00edgy egy helyen megkerestem azt a b\u00e9rt, amire sz\u00fcks\u00e9gem van s \u00f6r\u00fcl\u00f6k, hogy itt dolgozhatok. Nem kell t\u00f6bb \u00f3r\u00e1t utazni egyik munkahelyr\u0151l a m\u00e1sikra. ,,Sajnos&#8221; m\u00e1rcius \u00f3ta, mi\u00f3ta v\u00edrus s tilalmak vannak, a munk\u00e1nk nem cs\u00f6kkent, s\u0151t t\u00f6bb lett, hiszen mindent fert\u0151tlen\u00edteni is kell, m\u00e9g az \u00fcgyf\u00e9lteret is. A koll\u00e9gan\u0151k is t\u00f6bbsz\u00f6r mennek a WC-ket fert\u0151tlen\u00edteni, \u00e9s most m\u00e9g gyerekfel\u00fcgyelet is lesz \u00e9s \u00edgy az \u0151 k\u00fcl\u00f6n term\u00fcket is naponta t\u00f6bbsz\u00f6r kell fert\u0151tlen\u00edteni. \u00c9s erre j\u00f6tt m\u00e9g a feketeleves. B\u00e9rcs\u00f6kkent\u00e9s hivatalosan, \u00faj szerz\u0151d\u00e9s, amibe az addigi brutt\u00f3 b\u00e9r helyett 33.000 forinttal kevesebb szerepel. Nesze neked v\u00edrus. A munkahely\u00fcnk hum\u00e1nus, hiszen nagyon sok ember vesztette el a munk\u00e1j\u00e1t. \u0150ket veszik fel \u00faj st\u00e1tuszokba, pl. hozz\u00e1nk is j\u00f6tt p\u00e1r konyhai dolgoz\u00f3, szak\u00e1cs takar\u00edtani. De a fizet\u00e9s\u00fcnk nem ez\u00e9rt cs\u00f6kkent. Van, aki utc\u00e1r\u00f3l j\u00f6tt, volt, aki sz\u00e1llod\u00e1b\u00f3l, de ha majd minden vissza\u00e1ll \u0151k elmennek&#8230;.. K\u00e9rd\u00e9s hogy visszakapjuk-e az eredeti szerz\u0151d\u00e9st vagy marad a szem\u00e9lyi alapb\u00e9r havi 161.000 Ft. \u00c9n szerencs\u00e9s vagyok, mert se kuty\u00e1m, se macsk\u00e1m, egy olcs\u00f3 alb\u00e9rletben \u00e9lek s van munk\u00e1m, de van, akiknek sajnos ez se adatik meg.<\/p>\n<p>Csurika, 2020.05.19<\/p>\n<p style=\"text-align: center;\"><strong>Mit v\u00e1ltoztatott meg a v\u00edrus?<\/strong><\/p>\n<p>Err\u0151l \u00edrjak, \u00edgy sz\u00f3lt a k\u00e9r\u00e9s. Belegondoltam: igaz\u00e1b\u00f3l mit nem?<\/p>\n<p>Most \u00f6r\u00fclhettem igaz\u00e1n, hogy k\u00f6zalkalmazott (tan\u00e1r) vagyok: az \u00e9n \u00e1ll\u00e1som lesz az egyik utols\u00f3, amelyik megsz\u0171nik. B\u00e1r a v\u00edrus a t\u00fal\u00f3r\u00e1kat elvitte, az alapfizet\u00e9s\u00fcnk legal\u00e1bb megmaradt.<\/p>\n<p>N\u00e9gy iskol\u00e1s (plusz egy ovis) gyerek van a csal\u00e1dban. Azt el\u00e9g hamar el kellett engedni, hogy \u0151k mindig mindent idej\u00e9ben megcsin\u00e1ljanak. A k\u00f6vetelm\u00e9nyek sem voltak mindig \u00e9letszer\u0171ek, \u00e9s el\u00e9g nagy volt a sz\u00f3r\u00e1s a tan\u00e1rokn\u00e1l annak meg\u00e9rt\u00e9s\u00e9ben, \u00e9s az ahhoz val\u00f3 alkalmazkod\u00e1sban, hogy \u00e1ltal\u00e1nos iskol\u00e1s gyerekekn\u00e9l a t\u00e1voktat\u00e1s sz\u00fcl\u0151i r\u00e1seg\u00edt\u00e9s n\u00e9lk\u00fcl nem megy. A sz\u00fcl\u0151k viszont (szerencs\u00e9s esetben) dolgoznak, \u00e9s eb\u00e9det is kell f\u0151zni valakinek, mert menza sincs. \u00c9s persze nem volt el\u00e9g a matek, magyar, t\u00f6ri: ugyan\u00fagy j\u00f6ttek a feladatok rajzb\u00f3l, \u00e9nekb\u0151l, technik\u00e1b\u00f3l, testnevel\u00e9sb\u0151l. Azt\u00e1n hamar bejelentkezett a szolf\u00e9zstan\u00e1r, a fuvolatan\u00e1r, a heged\u0171tan\u00e1r \u00e9s a r\u00f6plabdaedz\u0151 is, \u00e9s nekik is mind remek \u00f6tleteik \u00e9s k\u00e9r\u00e9seik voltak. Ha 48 \u00f3r\u00e1b\u00f3l \u00e1llt volna egy nap, k\u00e9tszer ennyi laptopunk lett volna, \u00e9s a sz\u00fcl\u0151knek feleennyit kellett volna dolgozniuk, akkor sem \u00e9rt\u00fcnk volna mindennek a v\u00e9g\u00e9re. Ezt azt\u00e1n valaki elfogadta, valaki nem.<\/p>\n<p>Hirtelen minden gyereknek saj\u00e1t digit\u00e1lis eszk\u00f6zre lett sz\u00fcks\u00e9ge. Hetekbe telt, m\u00edg iskolai \u00e9s bar\u00e1ti seg\u00edts\u00e9ggel ezt megoldottuk. K\u00f6zben az a k\u00e9rd\u00e9s is eld\u0151lt, hogy h\u00e1ny \u00e9ves korban adunk okostelefont a gyerekek kez\u00e9be. K\u00e9s\u0151bb szerett\u00fcnk volna, de a v\u00edrus kik\u00e9nyszer\u00edtette \u2013 nem kis \u00f6r\u00f6m\u00fckre&#8230;<\/p>\n<p>A v\u00edrus el\u0151tt sokszor h\u00e9tv\u00e9g\u00e9n is sokfel\u00e9 volt a csal\u00e1d \u2013 most egy\u00fctt reggelizt\u00fcnk, eb\u00e9delt\u00fcnk, vacsor\u00e1ztunk. Viszont a nagysz\u00fcl\u0151ket k\u00e9t h\u00f3napig csak Skype-on l\u00e1ttuk, \u00e9s elmaradtak a nagyon fontos \u201ekettesben\u201d est\u00e9ink is. Az is egy eredm\u00e9ny, hogy nem \u0151r\u00fclt\u00fcnk meg (teljesen).<\/p>\n<p>A k\u00fcl\u00f6nleges helyzet viszont arra is r\u00e1vett, hogy v\u00e9gigp\u00f6rgessem a telefonk\u00f6nyvemet, \u00e9s sok olyan r\u00e9gi ismer\u0151st megk\u00e9rdezzek, \u201ehogy vagy?\u201d, akivel \u00e9vek \u00f3ta nem besz\u00e9ltem. Mivel sok k\u00fcl\u00f6n\u00f3ra megsz\u0171nt, azt\u00e1n BKV-b\u00e9rleteket sem kellett venni, az \u00edgy felszabadul\u00f3 \u00f6sszegekkel tudtunk seg\u00edteni olyanoknak, akiknek a munk\u00e1juk sz\u0171nt meg, \u00e9s az online Fed\u00e9l n\u00e9lk\u00fclt is t\u00e1mogattuk.<\/p>\n<p>Nem volt k\u00f6nny\u0171 ez a 2-3 h\u00f3nap, de nem lesz k\u00f6nny\u0171 visszar\u00e1z\u00f3dni a \u201enorm\u00e1lis\u201d \u00e9letbe. A gyerekek sz\u00e1m\u00e1ra k\u00f6zel f\u00e9l \u00e9v telik el, mire \u00fajra iskol\u00e1ba kell menni\u00fck, m\u00e1r eg\u00e9szen elszoknak t\u0151le. Sok r\u00e9gi rutint \u00fajra kell majd tanulni. De tudom, hogy egy szavunk sem lehet: sok m\u00e1s emberhez k\u00e9pest minket \u00e9ppen csak meglegyintett a v\u00edrusnak a szele.<\/p>\n<p>Koncz Levente<\/p>\n<p style=\"text-align: center;\"><strong>Hi\u00e1nyzik a p\u00f6rg\u00e9s<\/strong><\/p>\n<p>Azt hiszem, a koronav\u00edrus okozta karant\u00e9n nagyon sok embert \u00e9rintett\/\u00e9rint. De csak kevesen gondolnak bele, ez hogyan vet\u00edt\u0151d\u00f6tt ki a hajl\u00e9ktalan emberek am\u00fagy is neh\u00e9z helyzet\u00e9re.<\/p>\n<p>Szomor\u00fa t\u00e9ny \u2013 m\u00e9dia \u00edrt err\u0151l, \u2013 hogy k\u00f3rh\u00e1zb\u00f3l elbocs\u00e1jtott hajl\u00e9ktalan ember \u00fagy vitte be a v\u00edrust a hajl\u00e9ktalan ell\u00e1t\u00f3 int\u00e9zm\u00e9nybe, hogy a teszt \u2013 amit levettek r\u00f3la \u2013 csak k\u00e9t nappal k\u00e9s\u0151bb\u00a0 igazolta vissza fert\u0151z\u00f6tts\u00e9g\u00e9t. Szint\u00e9n szomor\u00fa, hogy s\u00falyos r\u00e1kos hajl\u00e9ktalan h\u00f6lgyet adtak ki az ell\u00e1t\u00f3 rendszerbe!<\/p>\n<p>Az m\u00e1r csak hab a tort\u00e1n, hogy a karant\u00e9n id\u0151szaka alatt sok ell\u00e1t\u00f3 int\u00e9zm\u00e9ny volt z\u00e1rva, (sz\u00e1ll\u00f3k, \u00e9tkez\u00e9si helyek, \u00fcgyf\u00e9lszolg\u00e1latok, stb.), m\u00e9g nehezebb\u00e9 t\u00e9ve az am\u00fagy is neh\u00e9z helyzetben \u00e9l\u0151 embereket.<\/p>\n<p>\u00c9n magam jelenleg az \u00f6t munkater\u00fcletemb\u0151l mind\u00f6ssze k\u00e9t helyen dolgozhatok. Ami pontosan azt jelenti, hogy havi bev\u00e9telem nagyon megcsappant, mik\u00f6zben f\u00e9rjem munkahelye m\u00e9g mindig z\u00e1rt, j\u00f6vedelme nincs.<\/p>\n<p>Hogy mivel t\u00f6lt\u00f6m a \u201eszabad\u201d id\u0151m?\u00a0\u00a0 Nos, nekem nagyon neh\u00e9z az \u201eotthon\u201d tart\u00f3zkod\u00e1s. P\u00f6rg\u0151 emberke vagyok, eddig id\u0151hi\u00e1nyban szenvedtem \u00e9s most r\u00e1m szakadt a semmittev\u00e9s.<\/p>\n<p>DE mosok, mint egy mos\u00f3medve!\u00a0 Bep\u00f3tolom elmarad\u00e1saimat, h\u00f3napos mos\u00e1saimat, a kertben, \u2013 ahol \u00e9lek, f\u00fcvet ny\u00edrok, bokrot v\u00e1gok, \u00e9s kedvenc id\u0151t\u00f6lt\u00e9semm\u00e9 v\u00e1lt, hogy varrok, k\u00e9zzel, mint a h\u00fclye gyerek.<\/p>\n<p>R\u00f3lam tudni kell, hogy nagyon szeretem \u2013 megfelel\u0151 helyen \u2013 a hull\u00e1mos, t\u00e9rd feletti szokny\u00e1kat. Ez\u00e9rt alak\u00edtgatom \u00e1t azokat a ruh\u00e1kat, amiknek a szokny\u00e1i \u00edzl\u00e9semnek megfelel\u0151ek. Szabok-varrok, hogy a koronav\u00edrus lej\u00e1rt\u00e1val, amikor ism\u00e9t meg kell jelennem valahol, emberi, csinos v\u00e9n csaj legyek.<\/p>\n<p>\u00c9s persze sokkal t\u00f6bb id\u0151m jut szeretett h\u00e1zi\u00e1llataimra, a kuty\u00e1imra, akik nek\u00fcnk csal\u00e1dtagjaink.<\/p>\n<p>Viszont:\u00a0 hi\u00e1nyzik a p\u00f6rg\u00e9s. A munka, amely r\u00e9gebben napi szinten kit\u00f6lt\u00f6tte napjaimat. Hi\u00e1nyoznak a bar\u00e1taim, akikkel m\u00e9g nem tal\u00e1lkozhatom szem\u00e9lyesen. Hi\u00e1nyzik az \u00f6lel\u00e9s, a bar\u00e1ti puszi, az egym\u00e1sra mosolyg\u00e1s tal\u00e1lkoz\u00e1skor.<\/p>\n<p>Mindek\u00f6zben h\u00e1l\u00e1s vagyok.\u00a0 Vannak seg\u00edts\u00e9geim, ebben a neh\u00e9z helyzetben kapok meglep\u0151 seg\u00edts\u00e9get, tart\u00f3s \u00e9lelmiszer, vagy egy\u00e9b form\u00e1ban.<\/p>\n<p>Csak h\u00e1t nem minden hajl\u00e9ktalan embernek adatott meg ez a lehet\u0151s\u00e9g.<\/p>\n<p>K\u00e9rlek benneteket, gondoljatok a\u00a0 m\u00e9g nehezebb helyzetbe ker\u00fclt, elesett t\u00e1rsaimra, akiket a v\u00edrus j\u00e1rv\u00e1ny m\u00e9g nehezebb helyzetbe k\u00e9nyszer\u00edtett!<\/p>\n<p>M\u00e9g mindig ideje van, megmutatkozhat az embers\u00e9g, a szolidarit\u00e1s!<\/p>\n<p>VIGY\u00c1ZZUNK EGYM\u00c1SRA!<\/p>\n<p>SEG\u00cdTS\u00dcK A R\u00c1SZORUL\u00d3KAT!<\/p>\n<p>K\u00f6sz\u00f6nettel:<\/p>\n<p>Lakatosn\u00e9, Jutka \u2013 hajl\u00e9ktalan<\/p>\n<p>\u00a0<\/p>\n<p style=\"text-align: center;\"><strong>Nevel\u0151tan\u00e1r \u00e9s emberi jogi aktivista<\/strong><\/p>\n<p>2020. m\u00e1rcius k\u00f6zep\u00e9n haza kellett k\u00fclden\u00fcnk a koll\u00e9giumban lak\u00f3 k\u00f6z\u00e9piskol\u00e1s \u00e9s feln\u0151tt, szakm\u00e1t tanul\u00f3 di\u00e1kjainkat. Oda, ahonnan n\u00e9h\u00e1nyuk szinte elmenek\u00fclt, ahol sz\u00e1mukra nem volt elegend\u0151 hely, nyugalom, szeretet\u2026<\/p>\n<p>A koll\u00e9giumi nevel\u0151tan\u00e1rok, mint amolyan csal\u00e1dtagok, bar\u00e1tok, testv\u00e9rek, p\u00f3tsz\u00fcl\u0151k szolg\u00e1lj\u00e1k di\u00e1kjaik testi-lelki eg\u00e9szs\u00e9g\u00e9t, fejl\u0151d\u00e9s\u00e9t. Mindehhez a sz\u00ednes-szagos, tipikusan esti id\u0151szakban t\u00f6rt\u00e9n\u0151 szem\u00e9lyes jelenl\u00e9t elengedhetetlen. Ez megszakadt. Azt tapasztalom, az intimit\u00e1snak ez a szintje p\u00f3tolhatatlan az online fel\u00fcleteken. Kicsit betolakod\u00f3nak \u00e9rzem magam a di\u00e1kok otthon\u00e1ba, amikor a szok\u00e1sos esti besz\u00e9lget\u00e9sekre k\u00e9rem \u0151ket. Nagyon furcsa \u00e9rz\u00e9s.<\/p>\n<p>Emberi jogi aktivistak\u00e9nt dolgozom az Emberi Jogi Nevel\u0151k H\u00e1l\u00f3zat\u00e1ban. Az \u00e9l\u0151 tal\u00e1lkoz\u00e1saink, iskolai projektjeink sajnos elmaradtak. Megpr\u00f3b\u00e1ljuk online p\u00f3tolni, de ez csak gyenge ut\u00e1nzatnak bizonyulnak egyel\u0151re. Engem a digit\u00e1lis eszk\u00f6z\u00f6kt\u0151l val\u00f3 f\u00fcgg\u00e9s nagyon megvisel. Ahogyan az is el\u00e9g rosszul \u00e9rintett, hogy bejelentkeztem a nyolcadik ker\u00fcletben k\u00e9t k\u00fcl\u00f6nb\u00f6z\u0151 helyre is seg\u00edteni bev\u00e1s\u00e1rl\u00e1sban, fuvaroz\u00e1sban, de ezid\u00e1ig egyik helyen sem vett\u00e9k ig\u00e9nybe a felaj\u00e1nl\u00e1saimat. Arra gyanakszom az\u00e9rt, mert hatvanon t\u00fali vagyok, vagyis a vesz\u00e9lyeztetett koroszt\u00e1lyhoz tartozom. Most ennek \u00f6r\u00fcljek, hogy ennyire \u00f3vn\u00e1nak engem? \u00c9n ink\u00e1bb elszomorodtam a f\u00f6l\u00f6slegess\u00e9g-\u00e9rz\u00e9s miatt\u2026<\/p>\n<p>\u00cdgy azt\u00e1n, amint tehetem, h\u00fazok el a f\u0151v\u00e1rosb\u00f3l a Kisduna partj\u00e1n fekv\u0151 \u00f6kotany\u00e1mra bitangolni, bogar\u00e1szni, buddhulni.<\/p>\n<p>K\u00f6vesi Gy\u00f6rgyi<\/p>\n<p style=\"text-align: center;\"><strong>Ki\u00e1lltuk a pr\u00f3b\u00e1t<\/strong><\/p>\n<p>2020 m\u00e1rcius-j\u00falius<\/p>\n<p>Mindenki a Covid-19\/2\u00a0 v\u00edrusr\u00f3l besz\u00e9l.<\/p>\n<p>Csak hallgatom a h\u00edreket, figyelem az esem\u00e9nyeket, \u00e9s k\u00edv\u00e1ncsian v\u00e1rom, hogy mi lesz a v\u00e9ge ennek az eg\u00e9sznek. A h\u00edrad\u00f3 arr\u00f3l besz\u00e9l, hogy bez\u00e1rnak az iskol\u00e1k, hogy online oktat\u00e1s lesz. Online oktat\u00e1s? Teszem fel magamnak a k\u00e9rd\u00e9st. Vajon, hogy fogja ezt sok csal\u00e1d v\u00e9ghez vinni, ahol nem- hogy internet el\u0151fizet\u00e9sre, de m\u00e9g \u00e9telre se futja?<\/p>\n<p>Mindegy, ha ez lesz, akkor ez lesz&#8230; N\u00e1lunk m\u00e1rcius 16-a am\u00fagy is tan\u00edt\u00e1s n\u00e9lk\u00fcli munkanap, gondoltam. \u00c9s igen&#8230; Nem csak nek\u00fcnk, hanem az eg\u00e9sz vil\u00e1gon. Az eg\u00e9sz vil\u00e1gon&#8230; Mi ez?!? Ez a modern kori Pestis? Ezen gondolkodtam, \u00e9s megmondom \u0151szint\u00e9n, kicsit elfogott a p\u00e1nik, hogy mi lesz most? Mi lesz az emberekkel, mi lesz a csal\u00e1dommal?<\/p>\n<p>Az els\u0151 h\u00e9t m\u00e9g eg\u00e9sz j\u00f3l telt, igyekezt\u00fcnk nyugodtak maradni, elfogadni alkalmazkodni a helyzethez. Bele kellett tanulni az online oktat\u00e1s minden fort\u00e9ly\u00e1ba, amihez az iskola ny\u00fajtott seg\u00edts\u00e9get. Ahol a csal\u00e1doknak nem \u00e1llt rendelkez\u00e9sre megfelel\u0151 eszk\u00f6z, ott az iskola biztos\u00edtotta. Viszont j\u00f6tt egy sokkal nagyobb probl\u00e9ma, amelyet m\u00e9g a mai napig sem tudtam norm\u00e1lisan megoldani, a munkan\u00e9lk\u00fclis\u00e9g. Hogyan fogom biztos\u00edtani gyermekeimnek, \u00e9s magamnak az alapvet\u0151 ell\u00e1t\u00e1st? Hiszen mivel az FN \u00e1rusk\u00e9nt nem sok kil\u00e1t\u00e1som van arra, hogy lapot terjesszek, mivel nem csak nekem, de a sok milli\u00f3 embernek is megsz\u0171nt, vagy lecs\u00f6kkent a munkav\u00e9gz\u00e9s lehet\u0151s\u00e9ge, \u00edgy a fizet\u00e9s\u00fck is semmis lett, vagy a fel\u00e9re, harmad\u00e1ra cs\u00f6kkent, ami ahhoz vezetett, hogy nem az FN \u00fajs\u00e1got v\u00e1s\u00e1rolt\u00e1k ink\u00e1bb, ami nyilv\u00e1nval\u00f3, hanem az \u00e9letben marad\u00e1shoz sz\u00fcks\u00e9ges alapvet\u0151, vagy nem alapvet\u0151 \u00e9lelmiszereket, k\u00e9zfert\u0151tlen\u00edt\u0151ket, gumikeszty\u0171ket, \u00e9s nem utols\u00f3 sorban a sz\u00e1jmaszkot&#8230; B\u00e1r minden nap elindultam, hogy terjeszt\u0151i munk\u00e1mat v\u00e9gezzem, sokszor t\u00f6bb \u00f3r\u00e1nyi \u00e1lldog\u00e1l\u00e1s ut\u00e1n is \u00fcres k\u00e9zzel, vagy nagyon csek\u00e9ly \u00f6sszeggel t\u00e9rtem haza.<\/p>\n<p>Mindegy, lesz ami lesz&#8230;<\/p>\n<p>Kisz\u00e1moltuk a napi fejadagokat, hogy biztosan el\u00e9g legyen a h\u00f3nap v\u00e9g\u00e9ig az \u00e9lelmiszer. Szerencs\u00e9re kaptunk \u00e9lelmiszer adom\u00e1nyt a M\u00e1ltai Szeretetszolg\u00e1latt\u00f3l, \u00edgy minden nap\u00a0 meleg\u00e9telhez jutottunk. M\u00e1jus k\u00f6zepe \u00f3ta ism\u00e9t van valamennyi bev\u00e9tel, \u00edgy az \u00e9let is k\u00f6nnyebb kicsit. Teltek a napok, a hetek, \u00e9s egyre aggaszt\u00f3bbak voltak a h\u00edrek, melyet \u00e1prilis k\u00f6zepe \u00f3ta m\u00e1r nem is hallgatok, mert \u00fagy \u00e9reztem, hogy ez m\u00e1r t\u00fal sok, nem tudom feldolgozni. Sokszor\u00a0 \u00fagy \u00e9rezt\u00fck, hogy a bez\u00e1rts\u00e1g meg\u0151rj\u00edt benn\u00fcnket. Se leveg\u0151, se napf\u00e9ny, csak a tanul\u00e1s, amib\u0151l azt\u00e1n kijutott rendesen. Igaz, ez valamelyest elviselhet\u0151bb\u00e9 tette a mindennapos bez\u00e1rts\u00e1got, mert egyszer\u0171en nem volt id\u0151nk azzal foglalkozni, hogy m\u00e9g mindig karant\u00e9n van.<\/p>\n<p>Pr\u00f3b\u00e1ltuk a bar\u00e1tokkal tartani egym\u00e1sban a lelket, hogy kitart\u00e1s&#8230; Amikor gyermekem iskolai eb\u00e9dj\u00e9\u00e9rt ment\u00fcnk, mindig vittem magammal kisl\u00e1nyomat, Esztert is, hogy legal\u00e1bb addig, abban a 20 percben leveg\u0151n legyen. Est\u00e9nk\u00e9nt, amikor \u00fcres volt a k\u00f6zeli park, kicsit ki\u00f3vakodtunk, hogy cs\u00f6kkents\u00fck a bez\u00e1rts\u00e1got. Nem tudom, mikor volt ilyen utolj\u00e1ra, hogy kij\u00e1r\u00e1si korl\u00e1toz\u00e1s, de az is nagyon brut\u00e1lis lehetett. Belegondoltam a h\u00e1bor\u00fas id\u0151szakokba, hogy ilyen lehetett a II. vil\u00e1gh\u00e1bor\u00fa idej\u00e9n is, se iskola, se \u00e9tel, se szabads\u00e1g. S\u0151t&#8230; Az m\u00e9g rosszabb lehetett, hiszen a sok csal\u00e1dnak \u00f6sszez\u00e1rva egy dohos pinc\u00e9ben kellett t\u00f6ltenie a napjait, f\u00e9lve a bombat\u00e1mad\u00e1sokt\u00f3l, vagy a katon\u00e1k porty\u00e1z\u00e1sait\u00f3l&#8230;<\/p>\n<p>Az \u00e9let pedig nem \u00e1llt meg. Csak rem\u00e9ltem, hogy mi is meg\u00fasszuk a v\u00edrust, hogy senki nem kapja el, \u00e9s a karant\u00e9n v\u00e9g\u00e9ig\u00a0 egy\u00fctt marad a csal\u00e1d. Szerencs\u00e9re mindenki j\u00f3l van, senki nem betegedett meg, a nagyfiaim letett\u00e9k a vizsg\u00e1ikat, Imi az \u00e9retts\u00e9git, Gerg\u0151 a technikusit,\u00a0 Eszter pedig eg\u00e9sz j\u00f3l vette az akad\u00e1lyokat. Igaz, m\u00e1r \u0150 is kimer\u00fclt, nehezen viseli azt, hogy nincsen t\u00e1rsas kapcsolata, de az\u00e9rt m\u00e9g \u0150 is kitart. Most m\u00e1r l\u00e1tjuk az alag\u00fat v\u00e9g\u00e9t!<\/p>\n<p>Hajr\u00e1 emberek, hajr\u00e1 Magyarorsz\u00e1g!<\/p>\n<p>Halmi Aranka<\/p>\n\n\n<p><\/p>\n<div class='watch-action'><div class='watch-position align-left'><div class='action-like'><a class='lbg-style1 like-9344 jlk' href='javascript:void(0)' data-task='like' data-post_id='9344' data-nonce='f48ebca404' rel='nofollow'><img class='wti-pixel' src='https:\/\/fedelnelkul.hu\/wp-content\/plugins\/wti-like-post\/images\/pixel.gif' title='Like' \/><span class='lc-9344 lc'>0<\/span><\/a><\/div><\/div> <div class='status-9344 status align-left'><\/div><\/div><div class='wti-clear'><\/div>","protected":false},"excerpt":{"rendered":"<p>A Fed\u00e9l N\u00e9lk\u00fcl utcalap szerkeszt\u0151s\u00e9ge \u00fagy gondolta, megk\u00e9rdez n\u00e9h\u00e1ny hajl\u00e9ktalan \u00e9s otthonnal rendelkez\u0151 embert, mik\u00e9ppen hatott az \u00e9let\u00e9re a korona j\u00e1rv\u00e1ny. Megnyugtat\u00e1sk\u00e9nt jelzem, hogy az Open Society Foundation j\u00f3volt\u00e1b\u00f3l kb. 5000 tesztet v\u00e9geztek el a budapesti hajl\u00e9ktalan emberek \u00e9s szoci\u00e1lis munk\u00e1sok k\u00f6r\u00e9ben, melyb\u0151l kider\u00fclt, alig p\u00e1r int\u00e9zm\u00e9nybe tudott behatolni a v\u00edrus, \u00e9s ott is csup\u00e1n &hellip; <a href=\"https:\/\/fedelnelkul.hu\/en\/2020\/10\/19\/koronaplo-kinek-mit-hozott-a-karanten\/\" class=\"more-link\">Continue reading <span class=\"screen-reader-text\">KoroNapl\u00f3 Kinek mit hozott a karant\u00e9n?<\/span><\/a><\/p>\n","protected":false},"author":9152,"featured_media":0,"comment_status":"closed","ping_status":"open","sticky":false,"template":"","format":"standard","meta":{"footnotes":""},"categories":[459,460,461,466,467,462,453],"tags":[],"class_list":["post-9344","post","type-post","status-publish","format-standard","hentry","category-459","category-460","category-461","category-466","category-467","category-462","category-blog"],"_links":{"self":[{"href":"https:\/\/fedelnelkul.hu\/en\/wp-json\/wp\/v2\/posts\/9344","targetHints":{"allow":["GET"]}}],"collection":[{"href":"https:\/\/fedelnelkul.hu\/en\/wp-json\/wp\/v2\/posts"}],"about":[{"href":"https:\/\/fedelnelkul.hu\/en\/wp-json\/wp\/v2\/types\/post"}],"author":[{"embeddable":true,"href":"https:\/\/fedelnelkul.hu\/en\/wp-json\/wp\/v2\/users\/9152"}],"replies":[{"embeddable":true,"href":"https:\/\/fedelnelkul.hu\/en\/wp-json\/wp\/v2\/comments?post=9344"}],"version-history":[{"count":1,"href":"https:\/\/fedelnelkul.hu\/en\/wp-json\/wp\/v2\/posts\/9344\/revisions"}],"predecessor-version":[{"id":9345,"href":"https:\/\/fedelnelkul.hu\/en\/wp-json\/wp\/v2\/posts\/9344\/revisions\/9345"}],"wp:attachment":[{"href":"https:\/\/fedelnelkul.hu\/en\/wp-json\/wp\/v2\/media?parent=9344"}],"wp:term":[{"taxonomy":"category","embeddable":true,"href":"https:\/\/fedelnelkul.hu\/en\/wp-json\/wp\/v2\/categories?post=9344"},{"taxonomy":"post_tag","embeddable":true,"href":"https:\/\/fedelnelkul.hu\/en\/wp-json\/wp\/v2\/tags?post=9344"}],"curies":[{"name":"wp","href":"https:\/\/api.w.org\/{rel}","templated":true}]}}