{"id":9308,"date":"2020-10-08T13:32:00","date_gmt":"2020-10-08T11:32:00","guid":{"rendered":"https:\/\/fedelnelkul.hu\/?p=9308"},"modified":"2020-10-19T13:33:31","modified_gmt":"2020-10-19T11:33:31","slug":"vegul","status":"publish","type":"post","link":"https:\/\/fedelnelkul.hu\/en\/2020\/10\/08\/vegul\/","title":{"rendered":"V\u00e9g\u00fcl"},"content":{"rendered":"<p style=\"padding-left: 120px;\">Csak \u00fcszk\u00f6s hamu az,<br \/>ami megmaradt\u2026<br \/>led\u0151ltek r\u00e9g a vert falak,<br \/>a h\u00f3dfark\u00fa cser\u00e9p<br \/>csikorg\u00f3 t\u00f6red\u00e9k<br \/>az \u00f3vatos csizmatalp alatt&#8230;<br \/>csak \u00fcszk\u00f6s hamu az,<br \/>ami megmaradt.<\/p>\n<p style=\"padding-left: 120px;\">Keserny\u00e9s \u00edz\u0171 port szit\u00e1l a sz\u00e9l.<br \/>T\u00e1bort\u0171z mellett mes\u00e9t nem mes\u00e9l<br \/>nagyap\u00f3 az \u00f3cska k\u00f6dm\u00f6n\u00e9ben;<br \/>s\u00f6t\u00e9t az \u00e9j m\u00e1r, mint az \u00e9ben,<br \/>nem ragyognak kih\u0171lt csillagok.<\/p>\n<p style=\"padding-left: 120px;\">Mag\u00e1nyos t\u00fal\u00e9l\u0151k\u00e9nt itt vagyok<br \/>\u0151rizni a semmit, ami megmaradt,<br \/>hisz a m\u00e1ll\u00f3, porladt paticsfalak<br \/>ezernyi \u00e1lmot temettek el\u2026<\/p>\n<p style=\"padding-left: 120px;\">V\u00e1gyn\u00e1m l\u00e1tni, amint \u00e9letre k\u00e9lnek! <br \/>Legyintek v\u00e9g\u00fcl, kit \u00e9rdekel?! <br \/>Az \u00e9j \u00fagyis s\u00f6t\u00e9t mint az \u00e9ben,<br \/>csak cser\u00e9pdarab, mit az ember<br \/>t\u0171n\u0151dve forgathat kez\u00e9ben.<\/p>\n<p style=\"padding-left: 120px;\">Ajkamra m\u00e9rt j\u00f6nnek szavak?<br \/>A semmib\u0151l mi megmarad&#8230; <br \/>ind\u00e1znak hossz\u00fa mondatok, <br \/>pedig tudom r\u00e9g, a vers halott,<br \/>nem \u00e1s \u00fajat a bed\u0151lt k\u00fat helyett<br \/>a hamis tan\u00fa, sz\u00e9p eml\u00e9kezet.<\/p>\n<p style=\"padding-left: 120px;\">Innen m\u00e1r kim\u00falt minden<br \/>mi valaha sz\u00e1m\u00edtott,<br \/>eml\u00e9keim csak megkopott nyomok,<br \/>l\u00e9ptemet holnapra hamu sem bor\u00edtja.<br \/>Sz\u00e1mban szitok csikorog \u00e9s homok.<\/p>\n<div class='watch-action'><div class='watch-position align-left'><div class='action-like'><a class='lbg-style1 like-9308 jlk' href='javascript:void(0)' data-task='like' data-post_id='9308' data-nonce='a4559c5496' rel='nofollow'><img class='wti-pixel' src='https:\/\/fedelnelkul.hu\/wp-content\/plugins\/wti-like-post\/images\/pixel.gif' title='Like' \/><span class='lc-9308 lc'>0<\/span><\/a><\/div><\/div> <div class='status-9308 status align-left'><\/div><\/div><div class='wti-clear'><\/div>","protected":false},"excerpt":{"rendered":"<p>Csak \u00fcszk\u00f6s hamu az,ami megmaradt\u2026led\u0151ltek r\u00e9g a vert falak,a h\u00f3dfark\u00fa cser\u00e9pcsikorg\u00f3 t\u00f6red\u00e9kaz \u00f3vatos csizmatalp alatt&#8230;csak \u00fcszk\u00f6s hamu az,ami megmaradt. Keserny\u00e9s \u00edz\u0171 port szit\u00e1l a sz\u00e9l.T\u00e1bort\u0171z mellett mes\u00e9t nem mes\u00e9lnagyap\u00f3 az \u00f3cska k\u00f6dm\u00f6n\u00e9ben;s\u00f6t\u00e9t az \u00e9j m\u00e1r, mint az \u00e9ben,nem ragyognak kih\u0171lt csillagok. Mag\u00e1nyos t\u00fal\u00e9l\u0151k\u00e9nt itt vagyok\u0151rizni a semmit, ami megmaradt,hisz a m\u00e1ll\u00f3, porladt paticsfalakezernyi \u00e1lmot temettek &hellip; <a href=\"https:\/\/fedelnelkul.hu\/en\/2020\/10\/08\/vegul\/\" class=\"more-link\">Continue reading <span class=\"screen-reader-text\">V\u00e9g\u00fcl<\/span><\/a><\/p>\n","protected":false},"author":184,"featured_media":0,"comment_status":"closed","ping_status":"open","sticky":false,"template":"","format":"standard","meta":{"footnotes":""},"categories":[471,10],"tags":[],"class_list":["post-9308","post","type-post","status-publish","format-standard","hentry","category-471","category-vers"],"_links":{"self":[{"href":"https:\/\/fedelnelkul.hu\/en\/wp-json\/wp\/v2\/posts\/9308","targetHints":{"allow":["GET"]}}],"collection":[{"href":"https:\/\/fedelnelkul.hu\/en\/wp-json\/wp\/v2\/posts"}],"about":[{"href":"https:\/\/fedelnelkul.hu\/en\/wp-json\/wp\/v2\/types\/post"}],"author":[{"embeddable":true,"href":"https:\/\/fedelnelkul.hu\/en\/wp-json\/wp\/v2\/users\/184"}],"replies":[{"embeddable":true,"href":"https:\/\/fedelnelkul.hu\/en\/wp-json\/wp\/v2\/comments?post=9308"}],"version-history":[{"count":1,"href":"https:\/\/fedelnelkul.hu\/en\/wp-json\/wp\/v2\/posts\/9308\/revisions"}],"predecessor-version":[{"id":9309,"href":"https:\/\/fedelnelkul.hu\/en\/wp-json\/wp\/v2\/posts\/9308\/revisions\/9309"}],"wp:attachment":[{"href":"https:\/\/fedelnelkul.hu\/en\/wp-json\/wp\/v2\/media?parent=9308"}],"wp:term":[{"taxonomy":"category","embeddable":true,"href":"https:\/\/fedelnelkul.hu\/en\/wp-json\/wp\/v2\/categories?post=9308"},{"taxonomy":"post_tag","embeddable":true,"href":"https:\/\/fedelnelkul.hu\/en\/wp-json\/wp\/v2\/tags?post=9308"}],"curies":[{"name":"wp","href":"https:\/\/api.w.org\/{rel}","templated":true}]}}