{"id":9047,"date":"2020-06-18T17:00:00","date_gmt":"2020-06-18T15:00:00","guid":{"rendered":"https:\/\/fedelnelkul.hu\/?p=9047"},"modified":"2024-06-11T16:19:07","modified_gmt":"2024-06-11T14:19:07","slug":"jobb-inni-mint-kiszaradni","status":"publish","type":"post","link":"https:\/\/fedelnelkul.hu\/en\/2020\/06\/18\/jobb-inni-mint-kiszaradni\/","title":{"rendered":"Jobb inni, mint kisz\u00e1radni"},"content":{"rendered":"<p>K\u00e9t nyolcvan k\u00f6r\u00fcli b\u00e1csika, n\u00e9v szerint Lass\u00fa L\u00e1bf\u00e1j\u00f3s Lajos, meg a kom\u00e1ja, Asztalos Az\u00e1rgy\u00e9lus\u00e1t Andor, fele-fele alapon v\u00e1s\u00e1rolt egy \u00fcveg p\u00e1link\u00e1t. Kiballagtak a k\u00f6zeli parkba, le\u00fcltek egy padra, \u00e9s mintha csak vez\u00e9nysz\u00f3ra tenn\u00e9k, egyszerre mondt\u00e1k:<\/p>\n<p>\u2013 Na, igy\u00e1l pajtik\u00e1m!<\/p>\n<p>\u2013 Te igy\u00e1l el\u0151sz\u00f6r!<\/p>\n<p>\u2013 Nem, nem, igy\u00e1l el\u0151bb te!<\/p>\n<p>\u00cdgy pingpongoztak a szavakkal kis ideig, de hamar r\u00e1j\u00f6ttek, ha el nem d\u00f6ntik v\u00e9gre, ki h\u00fazza meg a flask\u00e1t el\u0151sz\u00f6r, akkor sosem fogy el a p\u00e1lesz, \u00e9s \u0151k annak rendje-m\u00f3dja szerint ki fognak sz\u00e1radni. A ves\u00e9j\u00fck m\u00e1r f\u00e9l\u00f3r\u00e1ja porzott, a kez\u00fck remegett, \u00e9s b\u00e1r h\u0171v\u00f6s id\u0151 j\u00e1rta \u00e9ppen, mindkett\u0151j\u00fcknek verejt\u00e9k gy\u00f6ngy\u00f6z\u00f6tt a homlok\u00e1n.<\/p>\n<p>\u00dagy d\u00f6nt\u00f6ttek, barkohb\u00e1val d\u00f6ntik el, ki d\u00f6ngetheti b\u00fcszk\u00e9n a mell\u00e9t, m\u00e9giscsak \u0151 d\u00f6nthet arr\u00f3l, ki igyon el\u0151bb. Igen \u00e1m, de akkor \u00fajabb fog\u00f3s k\u00e9rd\u00e9sbe \u00fctk\u00f6ztek: ki gondoljon el\u0151sz\u00f6r, \u00e9s kinek kelljen k\u00e9rdezni el\u0151sz\u00f6r. R\u00f6vid tanakod\u00e1s ut\u00e1n egyet\u00e9rtettek abban, hogy az lesz a leghelyesebb, ha feldobnak egy \u00f6tforintost. Abban ugyanis sosem volt vit\u00e1juk, kit illet a fej, \u00e9s kit az \u00edr\u00e1s. Lajos b\u00e1\u2019 j\u00f3fejnek hitte mag\u00e1t, ergo mindig a fej lett az \u00f6v\u00e9. Andor ap\u00f3 viszont az \u00edr\u00e1sra esk\u00fcd\u00f6tt, mivel azt k\u00e9pzelte mag\u00e1r\u00f3l, hogy \u0151 kiv\u00e1l\u00f3 k\u00f6lt\u0151, azaz tud \u00edrni, m\u00e9ghozz\u00e1 verset \u00edrni.<\/p>\n<p>Nos, felhaj\u00edtott\u00e1k a mit sem sejt\u0151, \u00e9s mit sem \u00e9r\u0151 p\u00e9nzdarabk\u00e1t. Lajos b\u00e1\u2019 nyert. El is rikkantotta mag\u00e1t, ez a p\u00e9nzfeldob\u00e1s is bizony\u00edtja, \u0151 bizony j\u00f3fej \u00e1m, l\u00e1m, az\u00e9rt ker\u00fclt a fej fel\u00fclre, az \u00edr\u00e1s pedig az\u00e9rt alulra, mert Andor ap\u00f3 legfeljebb csak p\u00e9nzt tud k\u00f6lteni, de verset semmik\u00e9pp sem. Ezeken a dolgokon sok\u00e1ig veszekedtek, \u00e9s m\u00e9g mindig vitatkozn\u00e1nak, \u00e1m a j\u00f3f\u00e9le it\u00f3ka megunta a medd\u0151 sz\u00f3cs\u00e9pl\u00e9st, \u00e9s illatok k\u00f6z\u00e9 rejtve mond\u00f3k\u00e1j\u00e1t \u00edgy sz\u00f3lt:<\/p>\n<p>\u2013 Na, mi lesz m\u00e1r, v\u00e9n trottyosok, megisztok v\u00e9gre, vagy p\u00e1rologjak el az \u00fcvegb\u0151l?<\/p>\n<p>\u2013 Igaz, ami igaz \u2013sz\u00f3lt Lajos b\u00e1\u2019 \u2013, hagyjuk a veszeked\u00e9st m\u00e1sra, mi meg igyuk fel magunkat a mennyorsz\u00e1gba! M\u00e1r gondoltam is valamire, teh\u00e1t k\u00e9rdezz!<\/p>\n<p>\u2013 S\u00f6nd\u00f6r\u00f6dik? \u2013 k\u00e9rdezte Andor ap\u00f3.<\/p>\n<p>\u2013 Igen.<\/p>\n<p>\u2013 P\u00f6nd\u00f6r\u00f6dik?<\/p>\n<p>\u2013 Igen, p\u00f6nd\u00f6r\u00f6dik.<\/p>\n<p>\u2013 R\u00e1k\u00e9rdezek! Bajusz?<\/p>\n<p>\u2013 Nem bajusz.<\/p>\n<p>\u2013 Hogyhogy nem bajusz? \u2013 fortyant fel Asztalos Az\u00e1rgy\u00e9lus\u00e1t Andor b\u00e1csi.<\/p>\n<p>\u2013 H\u00e1t, \u00e9n m\u00e1sra gondoltam \u2013 vigyorgott az \u00f6reg Lass\u00fa L\u00e1bf\u00e1j\u00f3s Lajos.<\/p>\n<p>\u2013 Sz\u00f3val nem a bajuszra gondolt\u00e1l. Hanem mire?<\/p>\n<p>\u2013 Sz\u0151l\u0151kacsra.<\/p>\n<p>\u2013 Nem \u00e9r! Az ugyan p\u00f6nd\u00f6r\u00f6dik, de nem s\u00f6nd\u00f6r\u00f6dik!<\/p>\n<p>De, igenis s\u00f6nd\u00f6r\u00f6dik is! De nem! De igen. De mondom, hogy nem! De mondom, hogy igen. Sat\u00f6bbi. Stb. Stb. V\u00e9g\u00fcl kiegyeztek abban, hogy ez nem sz\u00e1m\u00edt, \u00e9s Lajos b\u00e1\u2019 gondolhat megint. Valami m\u00e1sra.<\/p>\n<p>\u2013 S\u00f6nd\u00f6r\u00f6dik? \u2013 k\u00e9rdezte Andor ap\u00f3.<\/p>\n<p>\u2013 Igen.<\/p>\n<p>\u2013 P\u00f6nd\u00f6r\u00f6dik?<\/p>\n<p>\u2013 Igen.<\/p>\n<p>\u2013 R\u00e1k\u00e9rdezek! DNS-molekula:<\/p>\n<p>\u2013 Eltal\u00e1ltad. Egy-null a javadra.<\/p>\n<p>\u2013 Az \u00e1rgy\u00e9lus\u00e1t! \u2013 ki\u00e1ltotta Asztalos Az\u00e1rgy\u00e9lus\u00e1t Andor b\u00e1csi. \u2013 L\u00e1m, milyen okos vagyok. Most \u00e9n gondolok, \u00e9s te tal\u00e1lgatsz.<\/p>\n<p>Csup\u00e1n f\u00e9l percet gondolkodott, azt\u00e1n intett a cimbor\u00e1j\u00e1nak, k\u00e9rdezzen.<\/p>\n<p>\u2013 \u00c9l\u0151l\u00e9ny? \u2013 tette fel az els\u0151 k\u00e9rd\u00e9st Lass\u00fa F\u00e1j\u00f3sl\u00e1b\u00fa Lajos b\u00e1csi.<\/p>\n<p>\u2013 Igen.<\/p>\n<p>\u2013 Hossz\u00fak\u00e1s, z\u00f6ld \u00e9l\u0151l\u00e9ny?<\/p>\n<p>\u2013 Igen.<\/p>\n<p>\u2013 R\u00e1k\u00e9rdezek! F\u0171sz\u00e1l?<\/p>\n<p>\u2013 Nem tal\u00e1ltad el.<\/p>\n<p>\u2013 Hogyhogy nem tal\u00e1ltam el? \u2013 fortyant fel Lajos b\u00e1\u2019.<\/p>\n<p>\u2013 Mert \u00e9n a f\u0171zfalev\u00e9lre gondoltam.<\/p>\n<p>\u2013 Nem \u00e9r! A f\u0171zfalev\u00e9l nem z\u00f6ld, hanem s\u00e1rg\u00e1sz\u00f6ld.<\/p>\n<p>Nos, ez\u00fattal is vit\u00e1ztak egy kicsit, v\u00e9g\u00fcl megegyeztek, ez nem sz\u00e1m\u00edt, lehet valami m\u00e1sra gondolni.<\/p>\n<p>\u2013 Jaj, mi legyen, mi legyen? \u2013 t\u00f6prengett Andor ap\u00f3. \u2013 Megvan! Ezt soha a nagy b\u00fcd\u00f6s \u00e9letben ki nem tal\u00e1lod. Na, k\u00e9rdezz!<\/p>\n<p>\u2013 \u00c9l az a valami? \u2013 k\u00e9rdezte a j\u00f3 \u00f6reg Lajcsika.<\/p>\n<p>\u2013 Igen.<\/p>\n<p>\u2013 Hossz\u00fak\u00e1s \u00e9s z\u00f6ld?<\/p>\n<p>\u2013 Igen.<\/p>\n<p>\u2013 R\u00e1k\u00e9rdezek! A levelib\u00e9ka l\u00e1ba?<\/p>\n<p>\u2013 Eltal\u00e1ltad. Egy-egy.<\/p>\n<p>D\u00f6ntetlen. Mese nincs, folytatni kell a m\u00e9rk\u0151z\u00e9st. \u00c1m ekkor hatalmas illatfelh\u0151t l\u00f6vellve felvis\u00edtott az \u00fcvegben a p\u00e1linka. Ideges\u00edt\u0151en, mint valami l\u00e9gv\u00e9delmi szir\u00e9na. Felkapt\u00e1k a fej\u00fcket, gyerekkori eml\u00e9keik k\u00f6z\u00f6tt ott szunnyadt Budapest ostroma. A k\u00e9t \u00f6reg krapek r\u00e9m\u00fclten n\u00e9zett k\u00f6r\u00fcl. V\u00e9gvesz\u00e9ly, v\u00e9gvesz\u00e9ly, t\u00e1mad\u00e1sra k\u00e9sz\u00fclnek a n\u00e9mberek.<\/p>\n<p>Val\u00f3ban a v\u00e9gvesz\u00e9ly sz\u00f6rny\u0171 esete forgott fenn, r\u00e9miszt\u0151 t\u00e9ny\u00e1ll\u00e1s, k\u00e9rem al\u00e1ssan. A park nyugati bej\u00e1rat\u00e1n\u00e1l az egyik\u00fck, a keleti bej\u00e1rat\u00e1n\u00e1l a m\u00e1sikuk feles\u00e9ge t\u0171nt fel. Nyugatr\u00f3l az amerikai, keletr\u0151l a muszka rep\u00fcl\u0151g\u00e9pek j\u00f6ttek akkoriban, de az kev\u00e9sb\u00e9 volt h\u00e1tborzongat\u00f3, mint most az asszonyok megjelen\u00e9se.<\/p>\n<p>Andor ap\u00f3 felkapta a flask\u00e1t, \u00e9s f\u00fcrg\u00e9n futott az \u00f3v\u00f3helyre, akarom mondani, a legk\u00f6zelebbi bokorba. Lajos b\u00e1\u2019 lassabban, de k\u00f6vette. Miut\u00e1n biztons\u00e1gos fedez\u00e9k m\u00f6g\u00e9 jutottak, egym\u00e1sra kacsintottak. Eld\u0151lt v\u00e9gre, kinek kell innia els\u0151nek. Asztalos Az\u00e1rgy\u00e9lus\u00e1t Andor \u00e9rt el\u0151bb a bokorba, r\u00e1ad\u00e1sul \u0151 mentette meg a vil\u00e1g leg\u00e9rt\u00e9kesebb ital\u00e1t is, a sz\u00e1mukra mindenk\u00e9ppen leg\u00e9rt\u00e9kesebb it\u00f3k\u00e1t, \u0151 mondhatja meg, kinek k\u00f6teless\u00e9ge el\u0151sz\u00f6r inni. Lajos b\u00e1\u2019-nak, term\u00e9szetesen, aki zoksz\u00f3 n\u00e9lk\u00fcl hatalmasat h\u00fazott a flask\u00e1b\u00f3l, le is gurult nyomban k\u00e9t deciliter. Andor ap\u00f3 sem akart kisebb leg\u00e9nynek bizonyulni, benyakalt \u0151 is k\u00e9t decit.<\/p>\n<p>Ezut\u00e1n \u00f3vatosan kikukucsk\u00e1ltak rejtekhely\u00fckb\u0151l. A k\u00e9t v\u00e9nasszony id\u0151k\u00f6zben \u00e9ppen ott tal\u00e1lkozott \u00f6ssze, ahol az el\u0151bb a f\u00e9rfiak \u00fcltek. A szok\u00e1sos \u00fcdv\u00f6zl\u00e9s \u00e9s sop\u00e1nkod\u00e1s ut\u00e1n nagy hangon tr\u00e9cselni kezdtek.<\/p>\n<p>\u2013 Na, ezek most sok\u00e1ig itt fognak pletyk\u00e1lni \u2013 Suttogta Andor ap\u00f3.<\/p>\n<p>\u2013 Ezek bizony el sem mozdulnak innen egy darabig.<\/p>\n<p>\u2013 H\u00e1t nem, az, holt sicher.<\/p>\n<p>\u2013 Nem baj, r\u00e1\u00e9r\u00fcnk.<\/p>\n<p>\u2013 R\u00e1, r\u00e1, az k\u00e9ts\u00e9gtelen. Csakhogy&#8230;<\/p>\n<p>\u2013 Csakhogy \u00edt\u00e9letnapig m\u00e9gse kuksolhatunk itt.<\/p>\n<p>\u2013 De nem \u00e1m! Mindenesetre, am\u00edg a p\u00e1lesz tart, semmi v\u00e9sz.<\/p>\n<p>\u2013 Ja. Addig j\u00f3l ellesz\u00fcnk mi itt. Mint a bef\u0151tt a sp\u00e1jzban.<\/p>\n<p>\u2013 Amikor meg elfogy, el\u0151b\u00fajunk. Majd azt mondjuk, a dolgunkat v\u00e9gezt\u00fck a bokorban.<\/p>\n<p style=\"text-align: right;\">2020. m\u00e1rcius, m\u00e1sodik d\u00edj<\/p>\n<p style=\"text-align: right;\"><span style=\"font-weight: 400;\">\u00c9V Alkot\u00e1sa 2020, szakmai k\u00fcl\u00f6nd\u00edj<\/span><\/p>\n<div class='watch-action'><div class='watch-position align-left'><div class='action-like'><a class='lbg-style1 like-9047 jlk' href='javascript:void(0)' data-task='like' data-post_id='9047' data-nonce='63bf5167ec' rel='nofollow'><img class='wti-pixel' src='https:\/\/fedelnelkul.hu\/wp-content\/plugins\/wti-like-post\/images\/pixel.gif' title='Like' \/><span class='lc-9047 lc'>0<\/span><\/a><\/div><\/div> <div class='status-9047 status align-left'><\/div><\/div><div class='wti-clear'><\/div>","protected":false},"excerpt":{"rendered":"<p>K\u00e9t nyolcvan k\u00f6r\u00fcli b\u00e1csika, n\u00e9v szerint Lass\u00fa L\u00e1bf\u00e1j\u00f3s Lajos, meg a kom\u00e1ja, Asztalos Az\u00e1rgy\u00e9lus\u00e1t Andor, fele-fele alapon v\u00e1s\u00e1rolt egy \u00fcveg p\u00e1link\u00e1t. Kiballagtak a k\u00f6zeli parkba, le\u00fcltek egy padra, \u00e9s mintha csak vez\u00e9nysz\u00f3ra tenn\u00e9k, egyszerre mondt\u00e1k: \u2013 Na, igy\u00e1l pajtik\u00e1m! \u2013 Te igy\u00e1l el\u0151sz\u00f6r! \u2013 Nem, nem, igy\u00e1l el\u0151bb te! \u00cdgy pingpongoztak a szavakkal kis ideig, &hellip; <a href=\"https:\/\/fedelnelkul.hu\/en\/2020\/06\/18\/jobb-inni-mint-kiszaradni\/\" class=\"more-link\">Continue reading <span class=\"screen-reader-text\">Jobb inni, mint kisz\u00e1radni<\/span><\/a><\/p>\n","protected":false},"author":359,"featured_media":0,"comment_status":"closed","ping_status":"open","sticky":false,"template":"","format":"standard","meta":{"footnotes":""},"categories":[460,493,494,9],"tags":[],"class_list":["post-9047","post","type-post","status-publish","format-standard","hentry","category-460","category-493","category-494","category-szepproza"],"_links":{"self":[{"href":"https:\/\/fedelnelkul.hu\/en\/wp-json\/wp\/v2\/posts\/9047","targetHints":{"allow":["GET"]}}],"collection":[{"href":"https:\/\/fedelnelkul.hu\/en\/wp-json\/wp\/v2\/posts"}],"about":[{"href":"https:\/\/fedelnelkul.hu\/en\/wp-json\/wp\/v2\/types\/post"}],"author":[{"embeddable":true,"href":"https:\/\/fedelnelkul.hu\/en\/wp-json\/wp\/v2\/users\/359"}],"replies":[{"embeddable":true,"href":"https:\/\/fedelnelkul.hu\/en\/wp-json\/wp\/v2\/comments?post=9047"}],"version-history":[{"count":2,"href":"https:\/\/fedelnelkul.hu\/en\/wp-json\/wp\/v2\/posts\/9047\/revisions"}],"predecessor-version":[{"id":12875,"href":"https:\/\/fedelnelkul.hu\/en\/wp-json\/wp\/v2\/posts\/9047\/revisions\/12875"}],"wp:attachment":[{"href":"https:\/\/fedelnelkul.hu\/en\/wp-json\/wp\/v2\/media?parent=9047"}],"wp:term":[{"taxonomy":"category","embeddable":true,"href":"https:\/\/fedelnelkul.hu\/en\/wp-json\/wp\/v2\/categories?post=9047"},{"taxonomy":"post_tag","embeddable":true,"href":"https:\/\/fedelnelkul.hu\/en\/wp-json\/wp\/v2\/tags?post=9047"}],"curies":[{"name":"wp","href":"https:\/\/api.w.org\/{rel}","templated":true}]}}