{"id":8827,"date":"2020-08-27T15:55:00","date_gmt":"2020-08-27T13:55:00","guid":{"rendered":"https:\/\/fedelnelkul.hu\/?p=8827"},"modified":"2020-10-07T15:56:49","modified_gmt":"2020-10-07T13:56:49","slug":"gerzson","status":"publish","type":"post","link":"https:\/\/fedelnelkul.hu\/en\/2020\/08\/27\/gerzson\/","title":{"rendered":"Gerzson"},"content":{"rendered":"<p>Gerzson a hajl\u00e9ktalan sz\u00e1ll\u00f3 hivatalos st\u00e1tusz\u00fa macsk\u00e1ja. Nyugodtan \u00e1ll\u00edthat\u00f3, hogy feladatk\u00f6r\u00e9t maxim\u00e1lisan ell\u00e1tja. Az arra t\u00e9vedt r\u00e1gcs\u00e1l\u00f3kkal szemben \u00e1ll\u00e1spontja egyszer\u0171en a \u201ek\u00f6ny\u00f6rtelen\u201d jelz\u0151vel illethet\u0151. Igazi kedvenc, mint a lak\u00f3k, mint a sz\u00e1ll\u00f3 szem\u00e9lyzete k\u00f6r\u00e9ben imm\u00e1r n\u00e9gy \u00e9ve.<\/p>\n<p>\u00c9ves rendszeress\u00e9ggel \u00e1llatorvosi jelen\u00e9se van, be kell oltani. Ezzel Gerzson is tiszt\u00e1ban van. Hogy mennyire, annak \u00e9kes tan\u00fajel\u00e9t adta. A szem\u00e9lyzet igazgat\u00f3st\u00f3l, szoci\u00e1lis munk\u00e1sost\u00f3l, takar\u00edt\u00f3 n\u0151st\u0151l, karbantart\u00f3st\u00f3l, munkak\u00f6rt\u0151l f\u00fcggetlen\u00fcl feladatul kapta Gerzson felk\u00e9sz\u00edt\u00e9s\u00e9t az elj\u00e1r\u00e1sra, azaz az am\u00fagy kezes macsk\u00e1t be kellett fogni, hogy \u00e1tmenetileg az olt\u00e1s kivitelez\u00e9s\u00e9ig egy sz\u00e1ll\u00edt\u00f3 ketrecbe rakj\u00e1k. Gerzson hatodik \u00e9rz\u00e9ke bekapcsolt, furm\u00e1nyok sorozat\u00e1val hetekig elker\u00fclte a befog\u00e1st.<\/p>\n<p>A bels\u0151 udvar doh\u00e1nyz\u00f3 hely\u00e9n szinte bizonyosan, napszakt\u00f3l f\u00fcggetlen\u00fcl, legal\u00e1bb t\u00edz lak\u00f3 tart\u00f3zkodott, \u00e1ltal\u00e1ban k\u00f6zt\u00fck \u00fct\u00f6tte el az id\u0151t Gerzson, ezekben a kritikus napokban is. Gyakorlatilag b\u00e1rmelyik lak\u00f3, b\u00e1rmelyik pillanatban az \u00f6l\u00e9be vehette, megsimogathatta. Viszont a hat\u00e1rozott jelz\u00e9sek ellen\u00e9re egyetlen egy sem jutatta volna az \u201einkviz\u00edci\u00f3\u201d mark\u00e1ba. Ez Gerzson sz\u00e1m\u00e1ra is a napn\u00e1l vil\u00e1gosabb volt. A doh\u00e1nyz\u00f3helyen t\u00f6k\u00e9letes biztons\u00e1gban \u00e9rezte mag\u00e1t. Amikor ezeket a sorokat \u00edrom, az olt\u00e1s m\u00e9g a k\u00f6d\u00f6s j\u00f6v\u0151ben van.<\/p>\n<p>Ugyan, hogy van ez? Ki dacol kivel? A macsk\u00e1k nem dacolnak, egyszer\u0171en ker\u00fclnek minden bizonytalan helyzetet. Ker\u00fclik a gazd\u00e1jukkal szemben is a kiszolg\u00e1ltatotts\u00e1got. A kulcssz\u00f3 meg van: kiszolg\u00e1ltatotts\u00e1g. A lak\u00f3k szolid\u00e1risak a macsk\u00e1val, ezt m\u00e9g egy macska is \u00e9szreveszi.<\/p>\n<p>Hogy t\u0171ri a kiszolg\u00e1ltatotts\u00e1got?<\/p>\n<p>Szereti, ha valaki kiszolg\u00e1ltatott \u00d6nnek?<\/p>\n<div class='watch-action'><div class='watch-position align-left'><div class='action-like'><a class='lbg-style1 like-8827 jlk' href='javascript:void(0)' data-task='like' data-post_id='8827' data-nonce='3fb9406b72' rel='nofollow'><img class='wti-pixel' src='https:\/\/fedelnelkul.hu\/wp-content\/plugins\/wti-like-post\/images\/pixel.gif' title='Like' \/><span class='lc-8827 lc'>0<\/span><\/a><\/div><\/div> <div class='status-8827 status align-left'><\/div><\/div><div class='wti-clear'><\/div>","protected":false},"excerpt":{"rendered":"<p>Gerzson a hajl\u00e9ktalan sz\u00e1ll\u00f3 hivatalos st\u00e1tusz\u00fa macsk\u00e1ja. Nyugodtan \u00e1ll\u00edthat\u00f3, hogy feladatk\u00f6r\u00e9t maxim\u00e1lisan ell\u00e1tja. Az arra t\u00e9vedt r\u00e1gcs\u00e1l\u00f3kkal szemben \u00e1ll\u00e1spontja egyszer\u0171en a \u201ek\u00f6ny\u00f6rtelen\u201d jelz\u0151vel illethet\u0151. Igazi kedvenc, mint a lak\u00f3k, mint a sz\u00e1ll\u00f3 szem\u00e9lyzete k\u00f6r\u00e9ben imm\u00e1r n\u00e9gy \u00e9ve. \u00c9ves rendszeress\u00e9ggel \u00e1llatorvosi jelen\u00e9se van, be kell oltani. Ezzel Gerzson is tiszt\u00e1ban van. Hogy mennyire, annak \u00e9kes tan\u00fajel\u00e9t &hellip; <a href=\"https:\/\/fedelnelkul.hu\/en\/2020\/08\/27\/gerzson\/\" class=\"more-link\">Continue reading <span class=\"screen-reader-text\">Gerzson<\/span><\/a><\/p>\n","protected":false},"author":71,"featured_media":0,"comment_status":"closed","ping_status":"open","sticky":false,"template":"","format":"standard","meta":{"footnotes":""},"categories":[463,9],"tags":[],"class_list":["post-8827","post","type-post","status-publish","format-standard","hentry","category-463","category-szepproza"],"_links":{"self":[{"href":"https:\/\/fedelnelkul.hu\/en\/wp-json\/wp\/v2\/posts\/8827","targetHints":{"allow":["GET"]}}],"collection":[{"href":"https:\/\/fedelnelkul.hu\/en\/wp-json\/wp\/v2\/posts"}],"about":[{"href":"https:\/\/fedelnelkul.hu\/en\/wp-json\/wp\/v2\/types\/post"}],"author":[{"embeddable":true,"href":"https:\/\/fedelnelkul.hu\/en\/wp-json\/wp\/v2\/users\/71"}],"replies":[{"embeddable":true,"href":"https:\/\/fedelnelkul.hu\/en\/wp-json\/wp\/v2\/comments?post=8827"}],"version-history":[{"count":1,"href":"https:\/\/fedelnelkul.hu\/en\/wp-json\/wp\/v2\/posts\/8827\/revisions"}],"predecessor-version":[{"id":8828,"href":"https:\/\/fedelnelkul.hu\/en\/wp-json\/wp\/v2\/posts\/8827\/revisions\/8828"}],"wp:attachment":[{"href":"https:\/\/fedelnelkul.hu\/en\/wp-json\/wp\/v2\/media?parent=8827"}],"wp:term":[{"taxonomy":"category","embeddable":true,"href":"https:\/\/fedelnelkul.hu\/en\/wp-json\/wp\/v2\/categories?post=8827"},{"taxonomy":"post_tag","embeddable":true,"href":"https:\/\/fedelnelkul.hu\/en\/wp-json\/wp\/v2\/tags?post=8827"}],"curies":[{"name":"wp","href":"https:\/\/api.w.org\/{rel}","templated":true}]}}