{"id":8783,"date":"2020-09-10T13:35:28","date_gmt":"2020-09-10T11:35:28","guid":{"rendered":"https:\/\/fedelnelkul.hu\/?p=8783"},"modified":"2024-07-09T17:39:16","modified_gmt":"2024-07-09T15:39:16","slug":"megbelyegezve","status":"publish","type":"post","link":"https:\/\/fedelnelkul.hu\/en\/2020\/09\/10\/megbelyegezve\/","title":{"rendered":"Megb\u00e9lyegezve"},"content":{"rendered":"\n<pre class=\"wp-block-verse\">Neh\u00e9z \u00e1tok \u00fcl bolond fejemen,\r\nLelkem csit\u00edtan\u00e1 h\u0171s \u00e9ji sz\u00e9l.\r\nKik\u00f6vezett utakon a perceket keresem,\r\nSz\u00edvemben a harag d\u00fch\u00f6dt l\u00e1ngra k\u00e9l.\r\n\r\nFejem f\u00f6l\u00f6tt s\u00f6t\u00e9ts\u00e9g bor\u00edtja az eget,\r\nKezeim k\u00f6zt a lopott id\u0151 reszketve f\u00e9l,\r\nVill\u00e1mok \u00e9getik fellegpap\u00edrra v\u00e9tkeimet,\r\nHoldf\u00e9ny ez\u00fcst keresztj\u00e9n csordog\u00e1l a v\u00e9r.\r\n\r\nHamis t\u00fckr\u00f6met \u00e9vtizedek padl\u00f3j\u00e1ra vetem,\r\nH\u00fasv\u00e9r sz\u00edvemet a visszhang t\u00e9pi sz\u00e9t.\r\nEzernyi szil\u00e1nk ropog minden l\u00e9ptemen,\r\nS a felismer\u00e9s r\u00e1m szegezi tiszta tekintet\u00e9t\u2026\r\n<\/pre>\n\n\n\n<p class=\"has-text-align-left\"><em>2020. j\u00falius, harmadik d\u00edj<\/em><\/p>\n\n\n\n<p><em>Megjelent a szerz\u0151 <a rel=\"noopener\" href=\"https:\/\/fedelnelkul.hu\/2023\/10\/18\/kiraly-sandor-almok-foldjen\/\" target=\"_blank\">\u00c1lmok f\u00f6ldj\u00e9n<\/a> c\u00edm\u0171 k\u00f6tet\u00e9ben.<\/em><\/p>\n\n\n\n<p><em>Kaphat\u00f3 terjeszt\u0151inkn\u00e9l \u00e9s szerkeszt\u0151s\u00e9g\u00fcnkben<\/em>.<\/p>\n<div class='watch-action'><div class='watch-position align-left'><div class='action-like'><a class='lbg-style1 like-8783 jlk' href='javascript:void(0)' data-task='like' data-post_id='8783' data-nonce='a4559c5496' rel='nofollow'><img class='wti-pixel' src='https:\/\/fedelnelkul.hu\/wp-content\/plugins\/wti-like-post\/images\/pixel.gif' title='Like' \/><span class='lc-8783 lc'>+2<\/span><\/a><\/div><\/div> <div class='status-8783 status align-left'><\/div><\/div><div class='wti-clear'><\/div>","protected":false},"excerpt":{"rendered":"<p>Neh\u00e9z \u00e1tok \u00fcl bolond fejemen, Lelkem csit\u00edtan\u00e1 h\u0171s \u00e9ji sz\u00e9l. Kik\u00f6vezett utakon a perceket keresem, Sz\u00edvemben a harag d\u00fch\u00f6dt l\u00e1ngra k\u00e9l. Fejem f\u00f6l\u00f6tt s\u00f6t\u00e9ts\u00e9g bor\u00edtja az eget, Kezeim k\u00f6zt a lopott id\u0151 reszketve f\u00e9l, Vill\u00e1mok \u00e9getik fellegpap\u00edrra v\u00e9tkeimet, Holdf\u00e9ny ez\u00fcst keresztj\u00e9n csordog\u00e1l a v\u00e9r. Hamis t\u00fckr\u00f6met \u00e9vtizedek padl\u00f3j\u00e1ra vetem, H\u00fasv\u00e9r sz\u00edvemet a visszhang t\u00e9pi sz\u00e9t. &hellip; <a href=\"https:\/\/fedelnelkul.hu\/en\/2020\/09\/10\/megbelyegezve\/\" class=\"more-link\">Continue reading <span class=\"screen-reader-text\">Megb\u00e9lyegezve<\/span><\/a><\/p>\n","protected":false},"author":9115,"featured_media":0,"comment_status":"closed","ping_status":"open","sticky":false,"template":"","format":"standard","meta":{"footnotes":""},"categories":[452,464,536,10],"tags":[],"class_list":["post-8783","post","type-post","status-publish","format-standard","hentry","category-452","category-464","category-536","category-vers"],"_links":{"self":[{"href":"https:\/\/fedelnelkul.hu\/en\/wp-json\/wp\/v2\/posts\/8783","targetHints":{"allow":["GET"]}}],"collection":[{"href":"https:\/\/fedelnelkul.hu\/en\/wp-json\/wp\/v2\/posts"}],"about":[{"href":"https:\/\/fedelnelkul.hu\/en\/wp-json\/wp\/v2\/types\/post"}],"author":[{"embeddable":true,"href":"https:\/\/fedelnelkul.hu\/en\/wp-json\/wp\/v2\/users\/9115"}],"replies":[{"embeddable":true,"href":"https:\/\/fedelnelkul.hu\/en\/wp-json\/wp\/v2\/comments?post=8783"}],"version-history":[{"count":4,"href":"https:\/\/fedelnelkul.hu\/en\/wp-json\/wp\/v2\/posts\/8783\/revisions"}],"predecessor-version":[{"id":13684,"href":"https:\/\/fedelnelkul.hu\/en\/wp-json\/wp\/v2\/posts\/8783\/revisions\/13684"}],"wp:attachment":[{"href":"https:\/\/fedelnelkul.hu\/en\/wp-json\/wp\/v2\/media?parent=8783"}],"wp:term":[{"taxonomy":"category","embeddable":true,"href":"https:\/\/fedelnelkul.hu\/en\/wp-json\/wp\/v2\/categories?post=8783"},{"taxonomy":"post_tag","embeddable":true,"href":"https:\/\/fedelnelkul.hu\/en\/wp-json\/wp\/v2\/tags?post=8783"}],"curies":[{"name":"wp","href":"https:\/\/api.w.org\/{rel}","templated":true}]}}