{"id":8559,"date":"2020-08-27T10:08:21","date_gmt":"2020-08-27T08:08:21","guid":{"rendered":"https:\/\/fedelnelkul.hu\/?p=8559"},"modified":"2020-12-16T13:45:45","modified_gmt":"2020-12-16T12:45:45","slug":"mate-bence","status":"publish","type":"post","link":"https:\/\/fedelnelkul.hu\/en\/2020\/08\/27\/mate-bence\/","title":{"rendered":"M\u00e1t\u00e9 Bence"},"content":{"rendered":"<h2>V\u00e9rtelen vad\u00e1szat<\/h2>\n<h2>Bemutatjuk M\u00e1t\u00e9 Bence term\u00e9szetfot\u00f3st<\/h2>\n<p><strong>Fed\u00e9l N\u00e9lk\u00fcl 2020. augusztus 27. 680. sz\u00e1m<\/strong><\/p>\n<p><span style=\"color: #ff0000;\"><span style=\"color: #000000;\">M\u00e1t\u00e9 Bence kisiskol\u00e1s kor\u00e1ban Pusztaszeren \u00e9s k\u00f6rny\u00e9k\u00e9n, homoki erd\u0151kben, puszt\u00e1kon, n\u00e1dasokban \u00e9s tavakban ismerkedett meg a term\u00e9szettel \u00e9s a fot\u00f3z\u00e1ssal. Els\u0151 f\u00e9nyk\u00e9pez\u0151g\u00e9p\u00e9nek \u00e1r\u00e1t maga kereste meg. Saj\u00e1t kiskertj\u00e9ben z\u00f6lds\u00e9geket termelt \u00e9s nyulakat nevelt. <\/span><br \/>\n<span style=\"color: #000000;\">Hamar felfedezte, hogy a madarak, de m\u00e1s \u00e1llatok is, rejt\u0151zk\u00f6dve \u00e9lnek. R\u00e1j\u00f6tt, hogy csak akkor ker\u00fclhet az \u00e1llatok k\u00f6zel\u00e9be, ha \u00f6nmaga l\u00e1thatatlann\u00e1 v\u00e1lik. \u00c1lc\u00e1zott leshelyeket kezdett \u00e9p\u00edteni, ahonnan m\u00e1r leny\u0171g\u00f6z\u0151 k\u00e9peket tudott k\u00e9sz\u00edteni. Megfigyel\u00e9sei arra sarkallt\u00e1k, hogy ne puszt\u00e1n leseket \u00e9p\u00edtsen, a madarak \u00e9s m\u00e1s \u00e1llatok \u00e9l\u0151helyeinek k\u00f6zvetlen k\u00f6zel\u00e9ben, hanem ezeket az \u00e9l\u0151helyeket b\u0151v\u00edtse, t\u00f6k\u00e9letes\u00edtse is, hogy az \u00e1llatokat akci\u00f3 k\u00f6zben, a legizgalmasabb pillanatban kaphassa el.<\/span><br \/>\n<span style=\"color: #000000;\">\u201ePr\u00f3b\u00e1lok mindent kontroll\u00e1lni, de b\u00e1r\u00admennyire mesters\u00e9gesek is a k\u00f6r\u00fclm\u00e9nyek \u2013 adott esetben \u00e9p\u00edt\u00fcnk egy szigetet, a lesben ablak van \u00e9s f\u0171t\u00e9s, vil\u00e1g\u00edtunk \u00e9s etet\u00fcnk \u2013 a madarak mindig \u00f6nsz\u00e1ntukb\u00f3l cselekszenek. Igaz\u00e1n extr\u00e9m j\u00f3 jelenetek csak nagyon ritk\u00e1n ad\u00f3dnak, de mindig sz\u00fcks\u00e9gem van a technikai cs\u00facsra. A pillanat elkap\u00e1s\u00e1hoz hossz\u00fa \u00fat vezet, am\u00edg minden a hely\u00e9re ker\u00fcl: a fot\u00f3s, a mad\u00e1r, a f\u00e9nyek, a h\u00e1tt\u00e9r, a perspekt\u00edva. Nem elhanyagolhat\u00f3 a szerencse faktor sem, \u00e9s id\u0151ig\u00e9nyes az etol\u00f3giai ismeretek megszerz\u00e9se is.\u201d<\/span><br \/>\n<span style=\"color: #000000;\">K\u00e9s\u0151bb a szegedi Kiss Ferenc Erd\u00e9szeti Szakk\u00f6z\u00e9piskola tanul\u00f3jak\u00e9nt t\u00f6bbsz\u00f6r is kiv\u00e1l\u00f3an szerepelt a Kitaibel P\u00e1l orsz\u00e1gos term\u00e9szetv\u00e9delmi versenyen, saj\u00e1t fot\u00f3ival illusztr\u00e1lt el\u0151ad\u00e1sait t\u00f6bbsz\u00f6r \u00edt\u00e9lt\u00e9k a legjobbnak. 2002-ben nyerte el el\u00ads\u0151 magyark\u00e9nt a BBC Wildlife Photographer of the Year d\u00edj\u00e1t ifj\u00fas\u00e1gi kateg\u00f3ri\u00e1ban. Az ezt k\u00f6vet\u0151 \u00e9vek\u00adben M\u00e1t\u00e9 Bence bej\u00e1rta a vi\u00adl\u00e1got, \u00f6tvenhat orsz\u00e1gban fo\u00adt\u00f3zott \u00e9s leseket \u00e9p\u00edtett Costa Ric\u00e1ban, Braz\u00edli\u00e1ban \u00e9s Afrik\u00e1ban. M\u00e1ra legeredm\u00e9nyesebb versenyz\u0151k\u00e9nt els\u0151 helyen \u00e1ll a BBC fot\u00f3s p\u00e1ly\u00e1zat\u00e1nak \u00f6sszes ranglist\u00e1j\u00e1n, \u0151 az egyetlen, aki az ifj\u00fas\u00e1gi \u00e9s a feln\u0151tt mez\u0151nyben is megkapta a term\u00e9szetfot\u00f3sok Oscar-d\u00edjak\u00e9nt sz\u00e1mon tartott Az \u00e9v term\u00e9szetfot\u00f3sa d\u00edjat.<\/span><br \/>\n<span style=\"color: #000000;\">2019-ben 20 \u00e9vnyi fot\u00f3z\u00e1s legszebb 623 k\u00e9p\u00e9b\u0151l, melyekkel az \u00e9vek sor\u00e1n 626 d\u00edjat nyert el, M\u00e1t\u00e9 Bence egy hatalmas k\u00fclt\u00e9ri term\u00e9szetfot\u00f3-ki\u00e1ll\u00edt\u00e1st hozott l\u00e9tre, 333 n\u00e9gyzetm\u00e9teren, amit 8 hazai v\u00e1rosban t\u00f6bb mint 1 milli\u00f3an l\u00e1ttak, ingyenesen. A megvil\u00e1g\u00edt\u00e1shoz 70000 darab LED-et haszn\u00e1ltak \u00e9s 15 saj\u00e1t tervez\u00e9s\u0171 parav\u00e1nt \u00e9p\u00edtettek. A ki\u00e1ll\u00edt\u00e1s anyag\u00e1b\u00f3l gy\u00f6ny\u00f6r\u0171 k\u00f6nyv sz\u00fcletett, az \u00f6sszes k\u00e9ppel, magyar\u00e1zatokkal \u00e9s etol\u00f3giai ismeretekkel, angolul \u00e9s magyarul. <\/span><br \/>\n<span style=\"color: #000000;\">\u201eA ki\u00e1ll\u00edt\u00e1s sor\u00e1n arra t\u00f6rekedt\u00fcnk, hogy egyedi l\u00e1tv\u00e1nyvil\u00e1got hozzunk l\u00e9tre, b\u00e1rmit csin\u00e1lok, fontos sz\u00e1momra az \u00fajszer\u0171s\u00e9gre val\u00f3 t\u00f6rekv\u00e9s. Szeretek k\u00e9rdezni, megismerni az embereket is, akikkel tal\u00e1lkozom. Hatalmas \u00e9rt\u00e9k, hogy k\u00fcl\u00f6nb\u00f6z\u0151ek vagyunk, tanulhatunk egym\u00e1st\u00f3l.\u201d<\/span><br \/>\n<span style=\"color: #000000;\">Bence egy, a ki\u00e1ll\u00edt\u00e1shoz kapcsol\u00f3d\u00f3 el\u0151ad\u00e1ssorozatot is ind\u00edtott, V\u00e9rtelen vad\u00e1szat c\u00edmmel. Sz\u00f3rakoztat\u00f3an mes\u00e9li el a bemutatott k\u00e9pek k\u00e9sz\u00edt\u00e9s\u00e9nek id\u0151nk\u00e9nt neh\u00e9z, sokszor humoros, \u00e9s mindig izgalmas k\u00f6r\u00fclm\u00e9nyeit. El\u0151ad\u00e1sa sor\u00e1n \u00e9s elk\u00e9peszt\u0151 akci\u00f3fot\u00f3in kereszt\u00fcl r\u00e1pillanthatunk haz\u00e1nk \u00e9s a vil\u00e1g csod\u00e1latosan gazdag vadvil\u00e1g\u00e1ra. Sajnos a j\u00e1rv\u00e1ny miatt az el\u0151ad\u00e1ssorozat megszakadt, de a fot\u00f3s tov\u00e1bb dolgozik a term\u00e9szetben. <\/span><br \/>\n<span style=\"color: #000000;\">\u201eEgy term\u00e9szetfot\u00f3s m\u00e9g egy ilyen vil\u00e1gj\u00e1rv\u00e1nyt is m\u00e1sk\u00e9pp \u00e9l meg, hiszen a term\u00e9szetben, meg a lesekben v\u00e1ltozatlanul figyelheti a k\u00f6rnyezetet. Ebben az id\u0151szakban Bence azon dolgozik, hogy az elm\u00falt 20 \u00e9vben, les- \u00e9s etol\u00f3giai tekintetben egyar\u00e1nt el\u00e9rt eredm\u00e9nyeit egy lesrendszer l\u00e9trehoz\u00e1s\u00e1val tegye el\u00e9rhet\u0151v\u00e9 a nagyk\u00f6z\u00f6ns\u00e9g sz\u00e1m\u00e1ra is. A lesekb\u0151l a v\u00edz alatt \u00e9s felett is lehet majd fot\u00f3zni. Hatalmas feladat, mint minden, amibe belefog, \u00e9s a v\u00e9geredm\u00e9ny is l\u00e1tv\u00e1nyos lesz. A Budapesti Kongresszusi K\u00f6zpontban elmaradt el\u0151ad\u00e1st szeptember 12-\u00e9n tervezz\u00fck p\u00f3tolni.\u201d <\/span><br \/>\n<span style=\"color: #000000;\">Bence k\u00fcl\u00f6n\u00f6sen fontosnak \u00e9rzi a gyerekek \u00e9s a fiatalok \u00e9rdekl\u0151d\u00e9s\u00e9t, mert \u00edgy m\u00e9g idej\u00e9ben lehet meg\u00e9rtetni vel\u00fck a term\u00e9szet fontoss\u00e1g\u00e1t.<\/span><br \/>\n<span style=\"color: #000000;\">A gyerekek sz\u00e1m\u00e1ra term\u00e9szetfot\u00f3s j\u00e1tsz\u00f3teret tervezett, detekt\u00edv\u00fcveggel, elektromos f\u0171t\u00e9ssel, mad\u00e1retet\u0151vel, de a leshez m\u00e1sz\u00f3ka \u00e9s cs\u00faszda is tartozik. <\/span><br \/>\n<span style=\"color: #000000;\">Erd\u00e9lyi utaz\u00e1sai sor\u00e1n \u2013 ahol medveleseket \u00e9p\u00edtett turisztikai c\u00e9lb\u00f3l \u2013 ismerkedett meg Csaba testv\u00e9rrel \u00e9s gyermekment\u0151 alap\u00edtv\u00e1ny\u00e1val. A szerzetes munk\u00e1ja \u00e9s \u00e9letszeml\u00e9lete nagy hat\u00e1ssal volt r\u00e1.<\/span><br \/>\n<span style=\"color: #000000;\">Csaba testv\u00e9r szavaival \u00e9lve: \u201eMindenkib\u0151l ki lehet szeretni a j\u00f3t.\u201d<\/span><br \/>\n<span style=\"color: #000000;\">\u201eEnnek pozit\u00edv mell\u00e9khat\u00e1sak\u00e9nt a saj\u00e1t magunk \u00e9lete is jobb\u00e1 lesz. Harminc\u00e9ves lettem, m\u00edg az \u00e9letnek ezt a legfontosabb hozz\u00e1val\u00f3j\u00e1t igaz\u00e1n meg\u00e9rtettem, pedig sok mint\u00e1t l\u00e1ttam m\u00e1r r\u00e1 kor\u00e1bban is. T\u00e9nyleg ennyire egyszer\u0171 az eg\u00e9sz, \u00e9rdemes kipr\u00f3b\u00e1lni.\u201d <\/span><br \/>\n<span style=\"color: #000000;\">Bence fot\u00f3in rengeteg izgalmas t\u00f6rt\u00e9net bontakozik ki. Felv\u00e9telein az \u00e1llatok akci\u00f3ban, jellemz\u0151 viselked\u00e9s\u00fck k\u00f6zben l\u00e1that\u00f3ak, etol\u00f3giailag \u00e9rdekes jelenetekben, k\u00fcl\u00f6nleges f\u00e9nyviszonyokban, extr\u00e9m perspekt\u00edv\u00e1b\u00f3l, hogy mi mindannyian felfigyelj\u00fcnk arra, milyen egyedi \u00e9s leny\u0171g\u00f6z\u0151 ez a bolyg\u00f3, amit k\u00f6lcs\u00f6n kaptunk, \u00e9s meg kell \u0151rizn\u00fcnk. <\/span><br \/>\n<span style=\"color: #000000;\">A magyarorsz\u00e1gi nemzeti parkok 2004 \u00f3ta korl\u00e1tlanul \u00e9s t\u00e9r\u00edt\u00e9smentesen haszn\u00e1lhatj\u00e1k Bence \u00f6sszes fot\u00f3j\u00e1t, term\u00e9szetv\u00e9delmi c\u00e9lokra.<\/span><\/span><\/p>\n<p><span style=\"color: #ff0000;\">Fridrich Piroska<\/span><br \/>\nfot\u00f3: fot\u00f3: Janet Shivo<\/p>\n<p>\u00cdzel\u00edt\u0151 <a href=\"https:\/\/matebence.hu\/\" target=\"_blank\" rel=\"noopener noreferrer\">M\u00e1t\u00e9 Bence<\/a> fot\u00f3ib\u00f3l:<\/p>\n<div id='gallery-1' class='gallery galleryid-8559 gallery-columns-2 gallery-size-full'><figure class='gallery-item'>\r\n\t\t\t<div class='gallery-icon landscape'>\r\n\t\t\t\t<a href='https:\/\/fedelnelkul.hu\/wp-content\/uploads\/2020\/09\/A018_C004_052058.0001095-copy-cmyk.jpg'><img loading=\"lazy\" decoding=\"async\" width=\"425\" height=\"213\" src=\"https:\/\/fedelnelkul.hu\/wp-content\/uploads\/2020\/09\/A018_C004_052058.0001095-copy-cmyk.jpg\" class=\"attachment-full size-full\" alt=\"\" srcset=\"https:\/\/fedelnelkul.hu\/wp-content\/uploads\/2020\/09\/A018_C004_052058.0001095-copy-cmyk.jpg 425w, https:\/\/fedelnelkul.hu\/wp-content\/uploads\/2020\/09\/A018_C004_052058.0001095-copy-cmyk-300x150.jpg 300w\" sizes=\"auto, (max-width: 425px) 100vw, 425px\" \/><\/a>\r\n\t\t\t<\/div><\/figure><figure class='gallery-item'>\r\n\t\t\t<div class='gallery-icon landscape'>\r\n\t\t\t\t<a href='https:\/\/fedelnelkul.hu\/wp-content\/uploads\/2020\/09\/0012916-cmyk.jpg'><img loading=\"lazy\" decoding=\"async\" width=\"425\" height=\"213\" src=\"https:\/\/fedelnelkul.hu\/wp-content\/uploads\/2020\/09\/0012916-cmyk.jpg\" class=\"attachment-full size-full\" alt=\"\" srcset=\"https:\/\/fedelnelkul.hu\/wp-content\/uploads\/2020\/09\/0012916-cmyk.jpg 425w, https:\/\/fedelnelkul.hu\/wp-content\/uploads\/2020\/09\/0012916-cmyk-300x150.jpg 300w\" sizes=\"auto, (max-width: 425px) 100vw, 425px\" \/><\/a>\r\n\t\t\t<\/div><\/figure><figure class='gallery-item'>\r\n\t\t\t<div class='gallery-icon landscape'>\r\n\t\t\t\t<a href='https:\/\/fedelnelkul.hu\/wp-content\/uploads\/2020\/09\/B016036-cmyk.jpg'><img loading=\"lazy\" decoding=\"async\" width=\"340\" height=\"340\" src=\"https:\/\/fedelnelkul.hu\/wp-content\/uploads\/2020\/09\/B016036-cmyk.jpg\" class=\"attachment-full size-full\" alt=\"\" srcset=\"https:\/\/fedelnelkul.hu\/wp-content\/uploads\/2020\/09\/B016036-cmyk.jpg 340w, https:\/\/fedelnelkul.hu\/wp-content\/uploads\/2020\/09\/B016036-cmyk-300x300.jpg 300w, https:\/\/fedelnelkul.hu\/wp-content\/uploads\/2020\/09\/B016036-cmyk-150x150.jpg 150w, https:\/\/fedelnelkul.hu\/wp-content\/uploads\/2020\/09\/B016036-cmyk-100x100.jpg 100w\" sizes=\"auto, (max-width: 340px) 100vw, 340px\" \/><\/a>\r\n\t\t\t<\/div><\/figure><figure class='gallery-item'>\r\n\t\t\t<div class='gallery-icon landscape'>\r\n\t\t\t\t<a href='https:\/\/fedelnelkul.hu\/wp-content\/uploads\/2020\/09\/W043903-cmyk.jpg'><img loading=\"lazy\" decoding=\"async\" width=\"340\" height=\"340\" src=\"https:\/\/fedelnelkul.hu\/wp-content\/uploads\/2020\/09\/W043903-cmyk.jpg\" class=\"attachment-full size-full\" alt=\"\" srcset=\"https:\/\/fedelnelkul.hu\/wp-content\/uploads\/2020\/09\/W043903-cmyk.jpg 340w, https:\/\/fedelnelkul.hu\/wp-content\/uploads\/2020\/09\/W043903-cmyk-300x300.jpg 300w, https:\/\/fedelnelkul.hu\/wp-content\/uploads\/2020\/09\/W043903-cmyk-150x150.jpg 150w, https:\/\/fedelnelkul.hu\/wp-content\/uploads\/2020\/09\/W043903-cmyk-100x100.jpg 100w\" sizes=\"auto, (max-width: 340px) 100vw, 340px\" \/><\/a>\r\n\t\t\t<\/div><\/figure><\/div>\n\n<div class='watch-action'><div class='watch-position align-left'><div class='action-like'><a class='lbg-style1 like-8559 jlk' href='javascript:void(0)' data-task='like' data-post_id='8559' data-nonce='a4559c5496' rel='nofollow'><img class='wti-pixel' src='https:\/\/fedelnelkul.hu\/wp-content\/plugins\/wti-like-post\/images\/pixel.gif' title='Like' \/><span class='lc-8559 lc'>0<\/span><\/a><\/div><\/div> <div class='status-8559 status align-left'><\/div><\/div><div class='wti-clear'><\/div>","protected":false},"excerpt":{"rendered":"<p>V\u00e9rtelen vad\u00e1szat Bemutatjuk M\u00e1t\u00e9 Bence term\u00e9szetfot\u00f3st Fed\u00e9l N\u00e9lk\u00fcl 2020. augusztus 27. 680. sz\u00e1m M\u00e1t\u00e9 Bence kisiskol\u00e1s kor\u00e1ban Pusztaszeren \u00e9s k\u00f6rny\u00e9k\u00e9n, homoki erd\u0151kben, puszt\u00e1kon, n\u00e1dasokban \u00e9s tavakban ismerkedett meg a term\u00e9szettel \u00e9s a fot\u00f3z\u00e1ssal. Els\u0151 f\u00e9nyk\u00e9pez\u0151g\u00e9p\u00e9nek \u00e1r\u00e1t maga kereste meg. Saj\u00e1t kiskertj\u00e9ben z\u00f6lds\u00e9geket termelt \u00e9s nyulakat nevelt. Hamar felfedezte, hogy a madarak, de m\u00e1s \u00e1llatok is, &hellip; <a href=\"https:\/\/fedelnelkul.hu\/en\/2020\/08\/27\/mate-bence\/\" class=\"more-link\">Continue reading <span class=\"screen-reader-text\">M\u00e1t\u00e9 Bence<\/span><\/a><\/p>\n","protected":false},"author":125,"featured_media":8560,"comment_status":"closed","ping_status":"open","sticky":false,"template":"","format":"standard","meta":{"footnotes":""},"categories":[463,276],"tags":[],"class_list":["post-8559","post","type-post","status-publish","format-standard","has-post-thumbnail","hentry","category-463","category-sztarinterju"],"_links":{"self":[{"href":"https:\/\/fedelnelkul.hu\/en\/wp-json\/wp\/v2\/posts\/8559","targetHints":{"allow":["GET"]}}],"collection":[{"href":"https:\/\/fedelnelkul.hu\/en\/wp-json\/wp\/v2\/posts"}],"about":[{"href":"https:\/\/fedelnelkul.hu\/en\/wp-json\/wp\/v2\/types\/post"}],"author":[{"embeddable":true,"href":"https:\/\/fedelnelkul.hu\/en\/wp-json\/wp\/v2\/users\/125"}],"replies":[{"embeddable":true,"href":"https:\/\/fedelnelkul.hu\/en\/wp-json\/wp\/v2\/comments?post=8559"}],"version-history":[{"count":7,"href":"https:\/\/fedelnelkul.hu\/en\/wp-json\/wp\/v2\/posts\/8559\/revisions"}],"predecessor-version":[{"id":8575,"href":"https:\/\/fedelnelkul.hu\/en\/wp-json\/wp\/v2\/posts\/8559\/revisions\/8575"}],"wp:featuredmedia":[{"embeddable":true,"href":"https:\/\/fedelnelkul.hu\/en\/wp-json\/wp\/v2\/media\/8560"}],"wp:attachment":[{"href":"https:\/\/fedelnelkul.hu\/en\/wp-json\/wp\/v2\/media?parent=8559"}],"wp:term":[{"taxonomy":"category","embeddable":true,"href":"https:\/\/fedelnelkul.hu\/en\/wp-json\/wp\/v2\/categories?post=8559"},{"taxonomy":"post_tag","embeddable":true,"href":"https:\/\/fedelnelkul.hu\/en\/wp-json\/wp\/v2\/tags?post=8559"}],"curies":[{"name":"wp","href":"https:\/\/api.w.org\/{rel}","templated":true}]}}