{"id":8517,"date":"2020-07-02T17:49:56","date_gmt":"2020-07-02T15:49:56","guid":{"rendered":"https:\/\/fedelnelkul.hu\/?p=8517"},"modified":"2020-07-02T17:49:58","modified_gmt":"2020-07-02T15:49:58","slug":"egy-szocmunkas-naploja-7-resz","status":"publish","type":"post","link":"https:\/\/fedelnelkul.hu\/en\/2020\/07\/02\/egy-szocmunkas-naploja-7-resz\/","title":{"rendered":"Egy szocmunk\u00e1s napl\u00f3ja 7. r\u00e9sz"},"content":{"rendered":"<h3 style=\"text-align: center;\"><strong>L\u00e9lek-lidocain ellen<\/strong><\/h3>\n<p>Van az a valahol tal\u00e1n \u00e9rthet\u0151 \u00e9s emberi tulajdons\u00e1g, hogy ha nek\u00fcnk rossz, nagyon rossz valami, akkor kev\u00e9ss\u00e9 vagy egy\u00e1ltal\u00e1n nem \u00e9rint meg, ha m\u00e1ssal trag\u00e9dia t\u00f6rt\u00e9nik.<\/p>\n<p>Nyilv\u00e1n ez is embere v\u00e1logatja, valaki a bajban is megmarad \u00e9rz\u0151 \u00e9s empatiz\u00e1l\u00f3 embernek, sokan viszont a rengeteg csal\u00f3d\u00e1s, kudarc \u00e9s keser\u0171s\u00e9g miatt nem engedik a sz\u00edv\u00fcket \u00e9rezni. Alkat? Neveltet\u00e9s? Fene tudja. Egy biztos, ez a tulajdons\u00e1g sem h\u00fazhat\u00f3 r\u00e1 semmilyen csoportra, \u00edgy a hajl\u00e9ktalan emberekre sem, kib\u0151l ez j\u00f6n ilyenkor, kib\u0151l az.<\/p>\n<p>Amit rendszeresen tapasztalok, az az, hogy azok az emberek, akik sokat \u00e9s sokszor vesz\u00edtettek m\u00e1r, nehezebben b\u00edznak \u2013 ez teljesen \u00e9rthet\u0151 \u2013 \u00e9s nehezebben is kapcsol\u00f3dnak m\u00e1sokhoz. Felv\u00e9rtezik magukat, nem akarnak \u00fajra f\u00e1jdalmat \u00e9rezni, van ez a l\u00e9lek-lidocain, ami fel\u00fcletesen ugyan, de egy id\u0151re elh\u00e1r\u00edtja a behat\u00e1sokat. Sokan \u00e9lnek ezzel \u00e9s n\u00e9ha azt gondolom, ismerve a szem\u00e9lyes trag\u00e9di\u00e1ikat, hogy nem csoda.<\/p>\n<p>Akir\u0151l, illetve akinek a f\u00e1jdalmasan korai hal\u00e1l\u00e1r\u00f3l most \u00edrni fogok, nem ismertem szem\u00e9lyesen. Tudtam term\u00e9szetesen, hogy ki \u0151, az a koroszt\u00e1ly vagyok, ahol a l\u00e1nyoknak a Kem\u00e9ny-leg\u00e9nyek voltak a nagybet\u0171s pasik. Im\u00e1dom az apuk\u00e1ja sz\u00edn\u00e9szet\u00e9t, csod\u00e1ltam a messzir\u0151l sug\u00e1rz\u00f3 harmonikus \u00e9s t\u00f6k\u00e9letesnek t\u0171n\u0151 \u00e9let\u00e9t, \u00fagy, hogy soha nem volt ebben egy szemernyi irigys\u00e9g sem, mert annyira olyan emberek \u0151k, j\u00f3k, hitelesek, szer\u00e9nyek, akiknek t\u00e9nyleg csak j\u00f3t k\u00edv\u00e1nhatunk.<\/p>\n<p>Nyilv\u00e1nval\u00f3, hogy ahogy el\u0151ttem is, \u00fagy ut\u00e1nam is majd sokan \u00e9s sok, az eny\u00e9mn\u00e9l jelent\u0151sebb \u00edr\u00e1sban fognak r\u00f3la megeml\u00e9kezni. Ami\u00e9rt m\u00e9gis \u00fagy gondoltam, hogy ma err\u0151l szeretn\u00e9k \u2013 vagyis nem, err\u0151l sosem szerettem volna \u2013 \u00edrni, az a hat\u00e1sa azokra az emberekre is, akik bizony gyakorlatilag mindent elvesz\u00edtettek. Akikn\u00e9l nem kellene csod\u00e1lkozni, hogy nem \u00e9rinti meg \u0151ket egy, a tv-n \u00e9s \u00fajs\u00e1gon k\u00edv\u00fcl sosem ismert ember hal\u00e1la. \u00c9s akik ennek ellen\u00e9re megrend\u00fclve \u00e1lltak a hajl\u00e9ktalansz\u00e1ll\u00f3n, amikor megtudt\u00e1k a h\u00edrt, hogy 47 \u00e9vesen meghalt. Hogy meghalt a Benedek Tibor.<\/p>\n<p>Ezek a dr\u00e1ga, sokat szenvedett emberek \u00e9rtetlen\u00fcl cs\u00f3v\u00e1lt\u00e1k a fej\u00fcket, hol k\u00e1romkodtak d\u00fch\u00f6sen, hol r\u00e9m\u00fclt f\u00e1jdalommal besz\u00e9ltek a csal\u00e1dj\u00e1r\u00f3l, hogy mennyire borzaszt\u00f3 lehet nekik, hol napra pontosan elsorolt\u00e1k a c\u00edmeket, g\u00f3lokat, versenyeket \u00e9s a boldog, diadalittas pillanatokat, amiket okozott nekik. \u00c9s hajtogatt\u00e1k, hogy \u201eNagyon j\u00f3 gyerek volt. Bassza meg, ennek nem szabadott volna megt\u00f6rt\u00e9nnie. J\u00f3 ember volt.\u201d<br \/>\nAz \u00e9lete \u00e9s a hal\u00e1la mindenkit meg\u00e9rintett. T\u00e9nyleg mindenkit.<\/p>\n<p>\u00c9s \u00e9n ma \u00fagy \u00e9reztem, hogy ezt musz\u00e1j le\u00edrnom. Hogy r\u00e1j\u00f6ttem, mi az az emberi nagys\u00e1g, amikor klubsz\u00ednt\u0151l, t\u00e1rsadalmi csoportt\u00f3l, egzisztenci\u00e1lis helyzett\u0151l, \u00e1t\u00e9lt traum\u00e1kt\u00f3l, kort\u00f3l \u00e9s nemt\u0151l f\u00fcggetlen\u00fcl mindenki csak azt k\u00e9rdezi: Mi\u00e9rt?<\/p>\n<p>K\u00f6sz\u00f6n\u00f6m Neki, hogy itt volt. Rettenetesen kev\u00e9s id\u0151 volt ez, de a hat\u00e1sa \u00f6r\u00f6k.<\/p>\n<p>Vigy\u00e1zzanak magukra, szeretettel:<\/p>\n<p style=\"text-align: right;\"><span style=\"color: #ff0000;\">Nuszer Mirjam Johanna<\/span><\/p>\n<p>Fed\u00e9l N\u00e9lk\u00fcl, 2020. j\u00falius 02.<\/p>\n<div class='watch-action'><div class='watch-position align-left'><div class='action-like'><a class='lbg-style1 like-8517 jlk' href='javascript:void(0)' data-task='like' data-post_id='8517' data-nonce='f48ebca404' rel='nofollow'><img class='wti-pixel' src='https:\/\/fedelnelkul.hu\/wp-content\/plugins\/wti-like-post\/images\/pixel.gif' title='Like' \/><span class='lc-8517 lc'>0<\/span><\/a><\/div><\/div> <div class='status-8517 status align-left'><\/div><\/div><div class='wti-clear'><\/div>","protected":false},"excerpt":{"rendered":"<p>L\u00e9lek-lidocain ellen Van az a valahol tal\u00e1n \u00e9rthet\u0151 \u00e9s emberi tulajdons\u00e1g, hogy ha nek\u00fcnk rossz, nagyon rossz valami, akkor kev\u00e9ss\u00e9 vagy egy\u00e1ltal\u00e1n nem \u00e9rint meg, ha m\u00e1ssal trag\u00e9dia t\u00f6rt\u00e9nik. Nyilv\u00e1n ez is embere v\u00e1logatja, valaki a bajban is megmarad \u00e9rz\u0151 \u00e9s empatiz\u00e1l\u00f3 embernek, sokan viszont a rengeteg csal\u00f3d\u00e1s, kudarc \u00e9s keser\u0171s\u00e9g miatt nem engedik a &hellip; <a href=\"https:\/\/fedelnelkul.hu\/en\/2020\/07\/02\/egy-szocmunkas-naploja-7-resz\/\" class=\"more-link\">Continue reading <span class=\"screen-reader-text\">Egy szocmunk\u00e1s napl\u00f3ja 7. r\u00e9sz<\/span><\/a><\/p>\n","protected":false},"author":9130,"featured_media":0,"comment_status":"closed","ping_status":"open","sticky":false,"template":"","format":"standard","meta":{"footnotes":""},"categories":[461,453,454],"tags":[],"class_list":["post-8517","post","type-post","status-publish","format-standard","hentry","category-461","category-blog","category-mirjam"],"_links":{"self":[{"href":"https:\/\/fedelnelkul.hu\/en\/wp-json\/wp\/v2\/posts\/8517","targetHints":{"allow":["GET"]}}],"collection":[{"href":"https:\/\/fedelnelkul.hu\/en\/wp-json\/wp\/v2\/posts"}],"about":[{"href":"https:\/\/fedelnelkul.hu\/en\/wp-json\/wp\/v2\/types\/post"}],"author":[{"embeddable":true,"href":"https:\/\/fedelnelkul.hu\/en\/wp-json\/wp\/v2\/users\/9130"}],"replies":[{"embeddable":true,"href":"https:\/\/fedelnelkul.hu\/en\/wp-json\/wp\/v2\/comments?post=8517"}],"version-history":[{"count":2,"href":"https:\/\/fedelnelkul.hu\/en\/wp-json\/wp\/v2\/posts\/8517\/revisions"}],"predecessor-version":[{"id":8666,"href":"https:\/\/fedelnelkul.hu\/en\/wp-json\/wp\/v2\/posts\/8517\/revisions\/8666"}],"wp:attachment":[{"href":"https:\/\/fedelnelkul.hu\/en\/wp-json\/wp\/v2\/media?parent=8517"}],"wp:term":[{"taxonomy":"category","embeddable":true,"href":"https:\/\/fedelnelkul.hu\/en\/wp-json\/wp\/v2\/categories?post=8517"},{"taxonomy":"post_tag","embeddable":true,"href":"https:\/\/fedelnelkul.hu\/en\/wp-json\/wp\/v2\/tags?post=8517"}],"curies":[{"name":"wp","href":"https:\/\/api.w.org\/{rel}","templated":true}]}}