{"id":584,"date":"2018-02-10T20:33:23","date_gmt":"2018-02-10T20:33:23","guid":{"rendered":"http:\/\/fedelnelkul.hu\/2018\/02\/10\/vilagjaro-magyarok-mashol-jobb\/"},"modified":"2018-02-10T20:33:23","modified_gmt":"2018-02-10T20:33:23","slug":"vilagjaro-magyarok-mashol-jobb","status":"publish","type":"post","link":"https:\/\/fedelnelkul.hu\/en\/2018\/02\/10\/vilagjaro-magyarok-mashol-jobb\/","title":{"rendered":"Vil\u00e1gj\u00e1r\u00f3 magyarok &#8211; M\u00e1shol jobb?"},"content":{"rendered":"<p>Az al\u00e1bbi cikkben h\u00e1rom eur\u00f3pai orsz\u00e1g hajl\u00e9ktalan-ell\u00e1t\u00f3 rendszer\u00e9r\u0151l kaphatnak \u00edzel\u00edt\u0151t az olvas\u00f3k, magyar hajl\u00e9ktalan emberek saj\u00e1t tapasztalatai alapj\u00e1n. Egy csal\u00e1d n\u00e9metorsz\u00e1gi \u00e9s ausztriai tapasztalatair\u00f3l sz\u00e1mol be, lapunk (n\u00e9hai)\u00a0 mell\u00e9klet\u00e9nek egyik szerz\u0151je pedig a londoni helyzetet ecseteli.<\/p>\n<p>\n&#8211; Hosszabb ideig voltatok N\u00e9metorsz\u00e1gban \u00e9s Ausztri\u00e1ban. Mikor mentetek ki \u00e9s mi\u00e9rt? &#8211; k\u00e9rdezem Lakatos Andort \u00e9s feles\u00e9g\u00e9t, akik fiukkal k\u00f6z\u00f6sen pr\u00f3b\u00e1ltak szerencs\u00e9t n\u00e9met nyelvter\u00fcleten.<br \/>\n&#8211; 2007. augusztus\u00e1ban ment\u00fcnk ki, k\u00f6r\u00fclbel\u00fcl egy h\u00f3napig maradtunk. Ausztri\u00e1ban, Linzben k\u00e9t hetet t\u00f6lt\u00f6tt\u00fcnk, regisztr\u00e1ltattuk magunkat az Idegenrend\u00e9szeten. Itt mindenf\u00e9le seg\u00edts\u00e9get kaptunk, p\u00e9ld\u00e1ul hol tal\u00e1lunk sz\u00e1ll\u00e1st, hol tudunk olcs\u00f3n \u00e9tkezni, hogyan juthatunk ruh\u00e1hoz, milyen munkalehet\u0151s\u00e9gek vannak, stb. Hajl\u00e9ktalansz\u00e1ll\u00f3 k\u00fcl\u00f6n nincs. Sz\u00e1ll\u00f3 van, de ide nem csak hajl\u00e9ktalanok j\u00f6hetnek, hanem b\u00e1rki. K\u00fcl\u00f6n szob\u00e1ban laktunk, minden patyolattiszta, \u00e1gynem\u0171csere naponta, f\u00fcrd\u0151 a folyos\u00f3 v\u00e9g\u00e9n volt. Az eg\u00e9sz egy sz\u00e1llod\u00e1ra eml\u00e9keztetett. A lakhat\u00e1s\u00e9rt napi k\u00e9t eur\u00f3t fizett\u00fcnk, a sz\u00e1ll\u00f3nak volt saj\u00e1t \u00e9tterme, ahol egy eur\u00f3\u00e9rt (!) lehetett eb\u00e9delni. A fizet\u0151s rendszer tetszett nek\u00fcnk, nem volt olyan \u00e9rz\u00e9s\u00fcnk mintha alamizsn\u00e1t kapn\u00e1nk.<br \/>\n&#8211; Azt mondj\u00e1tok, hogy a sz\u00e1ll\u00f3ra b\u00e1rki bemehet?<br \/>\n&#8211; Igen. Teljesen mindegy hogy hajl\u00e9ktalan vagy nem, k\u00fclf\u00f6ldi vagy helybeli. Olyanok is bemennek, akiknek valahol van lak\u00e1suk, csak \u00e9pp ott van dolguk. Az \u00e9tel is nagyon j\u00f3 \u00e9s rengeteg k\u00e1v\u00e9t ittunk, szinte m\u00e1r k\u00e1v\u00e9m\u00e9rgez\u00e9s\u00fcnk volt. <br \/>\n&#8211; M\u00fcnchenben is ez a helyzet?<br \/>\n&#8211; Nem eg\u00e9szen. Ott is vannak sz\u00e1ll\u00f3k, csak az a k\u00fcl\u00f6nbs\u00e9g, hogy oda csak az oda tartoz\u00f3 k\u00f6rzetb\u0151l, ker\u00fcletb\u0151l mehetnek az emberek. <br \/>\n&#8211; Olyasmivel mint a magyarorsz\u00e1gi\u00a0 nappali meleged\u0151, \u00e9teloszt\u00e1s stb. tal\u00e1lkoztatok?<br \/>\n&#8211; Igen. A dolog \u00fagy n\u00e9z ki, hogy az asztalra ki van rakva lekv\u00e1r, tejf\u00f6l, felv\u00e1gott, barna keny\u00e9r, sz\u00f3val mindenf\u00e9le, \u00e9s abb\u00f3l v\u00e1logat az ember.<br \/>\n&#8211; Milyen munkalehet\u0151s\u00e9gek vannak \u00e9s mennyit fizetnek?<br \/>\n&#8211; A fiamnak felk\u00edn\u00e1ltak egy munkalehet\u0151s\u00e9get a McDonaldsban havi 1200 eur\u00f3\u00e9rt.<br \/>\n&#8211; Akkor mi\u00e9rt nem maradtatok kint?<br \/>\n&#8211; Alapvet\u0151 felt\u00e9tel a n\u00e9met nyelvtud\u00e1s, legal\u00e1bb minim\u00e1lis szinten, hogy meg tudja \u00e9rtetni mag\u00e1t az ember. Mi nem tudunk n\u00e9met\u00fcl. M\u00e1sr\u00e9szt ugyanaz a helyzet, mint Magyarorsz\u00e1gon: ink\u00e1bb a fiatalokat keresik, nem a mi koroszt\u00e1lyunkat. 57 \u00e9vesek vagyunk, nek\u00fcnk nem tudnak munk\u00e1t aj\u00e1nlani. A fi\u00fank m\u00e9g gondolkozik a lehet\u0151s\u00e9gen, lehet hogy k\u00e9s\u0151bb visszamegy. Neki is \u00e9s nek\u00fcnk is nagy \u00e9lm\u00e9ny volt a kint t\u00f6lt\u00f6tt id\u0151szak, j\u00f3 volt vil\u00e1got l\u00e1tni, megtapasztalni, hogyan \u00e9lnek az emberek t\u0151l\u00fcnk nyugatabbra.<br \/>\nCsill\u00e1nak is \u00e9letre sz\u00f3l\u00f3 \u00e9lm\u00e9ny volt kimenni Londonba, ahol az Equal A\/57-es program keret\u00e9ben tartott konferenci\u00e1n (a program a hajl\u00e9ktalan emberek munk\u00e1hoz seg\u00edt\u00e9s\u00e9t, k\u00e9pz\u00e9s\u00e9t \u00e9s \u00f6nbizalmuknak meger\u0151s\u00edt\u00e9s\u00e9t c\u00e9lozta) vett r\u00e9szt, mint \u00e9rintett hajl\u00e9ktalan. Kinti tapasztalatair\u00f3l k\u00e9rdeztem.<\/p>\n<p>&#8211; Sejtettem, m\u00e9gis megd\u00f6bbent\u0151 volt sz\u00e1momra, hogy Londonban teljesen m\u00e1sk\u00e9nt \u00e9lnek a hajl\u00e9ktalan emberek, mint n\u00e1lunk. Persze, aki utc\u00e1n van, ott is ritk\u00e1n f\u00fcrdik, viszont gyakran alkoholiz\u00e1l, m\u00e9gsem l\u00e1ttam annyi megroggyant embert ott, mint n\u00e1lunk. Am\u00edg n\u00e1lunk egy-k\u00e9t \u00f3r\u00e1t kell v\u00e1rakozni f\u00fcrd\u00e9sre, illetve mos\u00e1sra, addig Londonban (nyilv\u00e1n t\u00f6bb p\u00e9nzb\u0151l) megoldott\u00e1k, hogy aki bet\u00e9r a f\u00fcrd\u0151be, vagy a mosod\u00e1ba, v\u00e1rakoz\u00e1s n\u00e9lk\u00fcl megoldhassa a pillanatnyi gondj\u00e1t Ahol j\u00e1rtunk, minden\u00fctt volt szabad zuhanyz\u00f3, vagy mos\u00f3g\u00e9p. Van arra is kapacit\u00e1suk, hogy minden haszn\u00e1lat ut\u00e1n kitakar\u00edts\u00e1k a zuhanyz\u00f3t, ha sz\u00fcks\u00e9ges. Van p\u00e9nz\u00fck a fel\u00faj\u00edt\u00e1sra \u00e9s karbantart\u00e1sra is, sehol nem l\u00e1ttam olyan lepusztult helyeket, mint amilyenek n\u00e1lunk vannak. Szerintem ment\u00e1lisan is nagyon befoly\u00e1solja a r\u00e1szorul\u00f3kat, hogy az a hely, ahova gyakran bet\u00e9rnek, vagy ahol laknak, vagy ahol az \u00e9jszak\u00e1ikat t\u00f6ltik, hogyan n\u00e9z ki. Egy rendezett, tiszta, sz\u00e9p b\u00fatorokkal berendezett hely arra \u00f6szt\u00f6nzi az embert, hogy alkalmazkodjon a k\u00f6rnyezet\u00e9hez, pr\u00f3b\u00e1lja meg \u00f6nmag\u00e1t is rendezettebb\u00e9 tenni. Rengeteget sz\u00e1m\u00edt, hogy vannak-e d\u00edszn\u00f6v\u00e9nyek, k\u00e9pek, esetleg d\u00edszt\u00e1rgyak a falon. <br \/>\n&#8211; Mi volt az, amir\u0151l azt gondolod, hogy a szer\u00e9ny hazai viszonyok k\u00f6z\u00f6tt is megval\u00f3s\u00edthat\u00f3 lenne?<br \/>\n&#8211; Engem legjobban az \u00f6nk\u00e9ntes munka ragadott meg, amit nemcsak seg\u00edt\u0151k v\u00e9geznek, hanem ell\u00e1tottak is. N\u00e1lunk (t\u00f6bbnyire szakemberek) arra hivatkoznak, hogy am\u00edg a napi meg\u00e9lhet\u00e9s\u00e9rt kell k\u00fczdenie egy hajl\u00e9ktalan embernek, addig nem v\u00e1rhat\u00f3 el t\u0151le, hogy ingyen dolgozzon. Azonban az\u00e9rt besz\u00e9l\u00fcnk \u00f6nk\u00e9ntes munk\u00e1r\u00f3l, mert mindenki maga d\u00f6nti el, hogy tudja v\u00e9gezni, akarja, vagy nem tudja \u00e9s nem akarja. Saj\u00e1t p\u00e9ld\u00e1b\u00f3l kiindulva, amikor kics\u00faszott a l\u00e1bam al\u00f3l a talaj, eg\u00e9sz nap az utc\u00e1n tekeregtem, pr\u00f3b\u00e1ltam munk\u00e1t keresni, meg olyan helyeket felkutatni, ahol egy kis nyugalmat lelhetek, de erre a nyugalomra sem az utc\u00e1n, sem a nappali meleged\u0151kben nem leltem r\u00e1. Nem tudtam mit kezdeni magammal. <br \/>\nHa akkor valaki azt mondta volna, hogy gyere be a K\u00fcrt utc\u00e1ba d\u00e9lut\u00e1nonk\u00e9nt vajas kenyeret kenni, virgoncan mentem volna. F\u0151leg, ha nekem is jutott volna abb\u00f3l a keny\u00e9rb\u0151l, m\u00e1rpedig biztos, hogy jutott volna. S\u0151t m\u00e9g akkor is mentem volna, amikor m\u00e1r az \u00f3vod\u00e1ban takar\u00edtottam, de m\u00e9g fapadon \u00e9jszak\u00e1ztam, hiszen ha el\u0151re megbesz\u00e9ltem volna a szoci\u00e1lis munk\u00e1sommal, akkor tartott\u00e1k volna a helyem \u00e9s nem kellett volna f\u00e9l hatkor sorba \u00e1llnom. Mentem volna akkor is, amikor az Oltalom sz\u00e1ll\u00f3j\u00e1n laktam, mert min\u00e9l kevesebb id\u0151t t\u00f6lt el az ember az \u00e1tmeneti sz\u00e1ll\u00f3n, ann\u00e1l kev\u00e9sb\u00e9 romlik ment\u00e1lisan. Ugyanez vonatkozik a D\u00f3zs\u00e1ra is, mert ott is laktam. K\u00e1r, hogy ez a vajas keny\u00e9r akkor m\u00e9g nem volt. Ami\u00f3ta lak\u00e1sban lakom, sokkal k\u00e9nyelmesebb sz\u00e1momra, hogy hazamegyek \u00e9s a TV vagy a sz\u00e1m\u00edt\u00f3g\u00e9p el\u00e9 telepszem, k\u00e9z\u00fcgyre t\u00e9ve a k\u00e1v\u00e9s poharat, meg a csemeg\u00e9kkel rakott t\u00e1ny\u00e9rt \u00e9s f\u00fcty\u00fcl\u00f6k a vil\u00e1gra. B\u00e1r pontosan a tesped\u00e9s ellenszere lehetne, ha bev\u00e1llaln\u00e1m a d\u00e9lut\u00e1ni vajas kenyerez\u00e9st.<\/p>\n<div class='watch-action'><div class='watch-position align-left'><div class='action-like'><a class='lbg-style1 like-584 jlk' href='javascript:void(0)' data-task='like' data-post_id='584' data-nonce='a4559c5496' rel='nofollow'><img class='wti-pixel' src='https:\/\/fedelnelkul.hu\/wp-content\/plugins\/wti-like-post\/images\/pixel.gif' title='Like' \/><span class='lc-584 lc'>+2<\/span><\/a><\/div><\/div> <div class='status-584 status align-left'><\/div><\/div><div class='wti-clear'><\/div>","protected":false},"excerpt":{"rendered":"<p>Az al\u00e1bbi cikkben h\u00e1rom eur\u00f3pai orsz\u00e1g hajl\u00e9ktalan-ell\u00e1t\u00f3 rendszer\u00e9r\u0151l kaphatnak \u00edzel\u00edt\u0151t az olvas\u00f3k, magyar hajl\u00e9ktalan emberek saj\u00e1t tapasztalatai alapj\u00e1n. Egy csal\u00e1d n\u00e9metorsz\u00e1gi \u00e9s ausztriai tapasztalatair\u00f3l sz\u00e1mol be, lapunk (n\u00e9hai)\u00a0 mell\u00e9klet\u00e9nek egyik szerz\u0151je pedig a londoni helyzetet ecseteli. &#8211; Hosszabb ideig voltatok N\u00e9metorsz\u00e1gban \u00e9s Ausztri\u00e1ban. Mikor mentetek ki \u00e9s mi\u00e9rt? &#8211; k\u00e9rdezem Lakatos Andort \u00e9s feles\u00e9g\u00e9t, akik &hellip; <a href=\"https:\/\/fedelnelkul.hu\/en\/2018\/02\/10\/vilagjaro-magyarok-mashol-jobb\/\" class=\"more-link\">Continue reading <span class=\"screen-reader-text\">Vil\u00e1gj\u00e1r\u00f3 magyarok &#8211; M\u00e1shol jobb?<\/span><\/a><\/p>\n","protected":false},"author":218,"featured_media":0,"comment_status":"closed","ping_status":"open","sticky":false,"template":"","format":"standard","meta":{"footnotes":""},"categories":[41,18],"tags":[],"class_list":["post-584","post","type-post","status-publish","format-standard","hentry","category-41","category-riport"],"_links":{"self":[{"href":"https:\/\/fedelnelkul.hu\/en\/wp-json\/wp\/v2\/posts\/584","targetHints":{"allow":["GET"]}}],"collection":[{"href":"https:\/\/fedelnelkul.hu\/en\/wp-json\/wp\/v2\/posts"}],"about":[{"href":"https:\/\/fedelnelkul.hu\/en\/wp-json\/wp\/v2\/types\/post"}],"author":[{"embeddable":true,"href":"https:\/\/fedelnelkul.hu\/en\/wp-json\/wp\/v2\/users\/218"}],"replies":[{"embeddable":true,"href":"https:\/\/fedelnelkul.hu\/en\/wp-json\/wp\/v2\/comments?post=584"}],"version-history":[{"count":0,"href":"https:\/\/fedelnelkul.hu\/en\/wp-json\/wp\/v2\/posts\/584\/revisions"}],"wp:attachment":[{"href":"https:\/\/fedelnelkul.hu\/en\/wp-json\/wp\/v2\/media?parent=584"}],"wp:term":[{"taxonomy":"category","embeddable":true,"href":"https:\/\/fedelnelkul.hu\/en\/wp-json\/wp\/v2\/categories?post=584"},{"taxonomy":"post_tag","embeddable":true,"href":"https:\/\/fedelnelkul.hu\/en\/wp-json\/wp\/v2\/tags?post=584"}],"curies":[{"name":"wp","href":"https:\/\/api.w.org\/{rel}","templated":true}]}}