{"id":5598,"date":"2019-06-13T16:55:10","date_gmt":"2019-06-13T14:55:10","guid":{"rendered":"http:\/\/fedelnelkul.hu\/?p=5598"},"modified":"2020-03-19T17:55:43","modified_gmt":"2020-03-19T16:55:43","slug":"galffi-laszlo","status":"publish","type":"post","link":"https:\/\/fedelnelkul.hu\/en\/2019\/06\/13\/galffi-laszlo\/","title":{"rendered":"G\u00e1lffi L\u00e1szl\u00f3"},"content":{"rendered":"<p><em>G\u00e1lffi L\u00e1szl\u00f3 k\u00fcl\u00f6nleges egy\u00e9nis\u00e9g, gyerekk\u00e9nt a n\u00e9z\u0151t\u00e9rr\u0151l csod\u00e1lta legnagyobb sz\u00edn\u00e9szeinket, fiatalon egy\u00fctt j\u00e1tszott vel\u00fck, ma m\u00e1r a Halhatalanok T\u00e1rsulat\u00e1nak \u00f6r\u00f6k\u00f6s tagja. Szinte mindent elj\u00e1tszott m\u00e1r, m\u00e9gis mindig k\u00e9sz a meg\u00fajul\u00e1sra.<\/em><\/p>\n<p><!--more--><\/p>\n<h2>\u00a0\u201eM\u00e9zes tea egy csepp ecettel\u201d<\/h2>\n<h2>Interj\u00fa G\u00e1lffi L\u00e1szl\u00f3val<\/h2>\n<p><strong>Fed\u00e9l N\u00e9lk\u00fcl 2019. j\u00fanius 13. 650. sz\u00e1m<\/strong><\/p>\n<p><span style=\"color: #ff0000;\">44 \u00e9ve j\u00e1tszik nek\u00fcnk, eddig azt adta \u00d6nnek ez a p\u00e1lya, ami\u00e9rt v\u00e1lasztotta, ami annak idej\u00e9n elragadta?<\/span><\/p>\n<p>Igen, erre v\u00e1gytam. Amikor a gimn\u00e1ziumot nagy nehezen elv\u00e9geztem, jelentkeztem a f\u0151iskol\u00e1ra, mert akkor m\u00e1r csak a sz\u00ednh\u00e1z \u00e9rdekelt. A gimn\u00e1ziumi \u00e9vek alatt rengeteg sz\u00ednh\u00e1zi el\u0151ad\u00e1st \u00e9s oper\u00e1t n\u00e9ztem meg, de j\u00e1tszottam is egy amat\u0151r t\u00e1rsulatban, a Pincesz\u00ednh\u00e1zban, \u00e9s k\u00fcl\u00f6nb\u00f6z\u0151 alternat\u00edv csapatokban, ami a K\u00e1d\u00e1r-korszakban m\u00e1s volt, mint most. \u00c9desap\u00e1m, aki asztalos volt, kapacit\u00e1lt, hogy legyek \u00e9n is az, h\u00e1rom fi\u00fatestv\u00e9rem is asztalosnak ment, de \u00e9n mondtam, hogy sz\u00edn\u00e9sz akarok lenni. Sz\u00fcleim egyszer\u0171 emberek voltak, de nyitottak, \u00e9s hihetetlen bizalommal voltak a gyerekeik ir\u00e1nt. Meg\u00e1llapodtunk ap\u00e1mmal, hogy \u0151 ad p\u00e9nzt, am\u00edg tanulok, \u00e9s az lehetek, ami akarok. V\u00e1rkonyi Zolt\u00e1n harmad\u00e9ves f\u0151iskol\u00e1sk\u00e9nt m\u00e1r meg\u00edg\u00e9rte, hogy leszerz\u0151dtet\u00a0 a V\u00edgsz\u00ednh\u00e1zba. Innent\u0151l egyenes \u00faton ment minden, amiben hittem, az bej\u00f6tt. Hull\u00e1mv\u00f6lgyek persze voltak, m\u00e9g lesznek is. Olyan is van, amire nem sz\u00e1m\u00edtottam, pl., hogy hossz\u00fat\u00e1von s\u00e9r\u00fclhet a fizikai \u00e1ll\u00f3k\u00e9pess\u00e9gem. \u00c9vtizedekig rong\u00e1ltam a l\u00e1bamat, az iz\u00fcleteimet, p\u00e9ld\u00e1ul a sz\u00ednpadon kavicsokon hemperegve. Folyamatosan haszn\u00e1l\u00f3dik, romlik az ember agya \u00e9s a sz\u00edve is. H\u00e1l\u2019 istennek az\u00e9rt m\u00e9g egyben vagyok.<\/p>\n<p><span style=\"color: #ff0000;\">A f\u0151iskola k\u00f6zben az egyik legjobb sz\u00ednh\u00e1zba szerz\u0151d\u00f6tt, sz\u00edn\u00e9sz\u00f3ri\u00e1sokkal, csod\u00e1latos rendez\u0151kkel dolgozhatott egy\u00fctt. <\/span><\/p>\n<p>Modern alkat voltam, az akkori mai fi\u00fat testes\u00edtettem meg. Ez ink\u00e1bb a filmszerepeimben t\u0171nik ki, a Kenguruban \u00e9s a Bacs\u00f3-filmekben. M\u00e9gis a V\u00edgsz\u00ednh\u00e1zat v\u00e1lasztottam, ahol gyerekkoromban l\u00e1ttam a nagyokat, \u00e9s fontos volt, hogy a k\u00f6zel\u00fckben lehessek. \u00c9rdekesen alakult a karrierem, t\u00e9nyleg mindenkivel j\u00e1tszottam, akit csod\u00e1ltam. Belef\u00e9rtem m\u00e9g abba a nagy, V\u00e1rkonyi-f\u00e9le v\u00edgsz\u00ednh\u00e1zi sz\u00e9ri\u00e1ba. Akkoriban a magyar sz\u00ednj\u00e1tsz\u00e1s egyik er\u0151s b\u00e1sty\u00e1ja volt a V\u00edg, a Nemzeti \u00e9s a Mad\u00e1ch mellett. A t\u00e1rsulat 36-37 sz\u00edn\u00e9szb\u0151l \u00e1llt, szerepk\u00f6r\u00f6nk\u00e9nt h\u00e1rman-n\u00e9gyen voltunk. Megvoltak a karakterek, komikusok, sz\u00e9pfi\u00fak, sz\u00e9pl\u00e1nyok, any\u00e1k, nagymam\u00e1k. A mestereim, Horvai Istv\u00e1n \u00e9s Kap\u00e1s Dezs\u0151 itt rendeztek. Folytat\u00f3dott a nevel\u00e9sem, amit a f\u0151iskol\u00e1n elkezdtek. \u00c9letre sz\u00f3l\u00f3 bar\u00e1ts\u00e1g lett a kapcsolatunkb\u00f3l, k\u00e9s\u0151bb egy\u00fctt is tan\u00edtottunk az egyetemen. Huszon\u00f6t \u00e9vig maradtam, bar\u00e1ts\u00e1gban v\u00e1ltunk el, \u00e9n akartam menni, sz\u00fcks\u00e9gem volt v\u00e1lt\u00e1sra, meg\u00fajul\u00e1sra. Elkezdtem dolgozni Ruszt J\u00f3zseffel, majd az alakul\u00f3 \u00d6rk\u00e9nybe j\u00f6ttem, ami akkor m\u00e9g a Mad\u00e1ch Kamara volt.<\/p>\n<p><span style=\"color: #ff0000;\">Az \u00d6rk\u00e9ny k\u00eds\u00e9rletez\u00e9s volt az \u00d6n sz\u00e1m\u00e1ra?<\/span><\/p>\n<p>Rizik\u00f3s volt, mert a Mad\u00e1ch Kamara k\u00f6z\u00f6ns\u00e9g\u00e9t kicsit \u00e1t kellett szoktatni. Belev\u00e1gtunk olyasmikbe, mint a Borisz Godunov, kialak\u00edtottunk egy reperto\u00e1rt, a Mi \u00fajs\u00e1g, m\u00falt sz\u00e1zad?-dal ind\u00edtottunk, ami le\u00fct\u00f6tte az alaphangot, megmutatta, hogy kik vagyunk, mit gondolunk a vil\u00e1gr\u00f3l. Bej\u00f6tt ez is, m\u00e1r tizennyolc \u00e9ve vagyok t\u00e1rsulati tag. Nem vagyok csapod\u00e1r alkat.<\/p>\n<p><span style=\"color: #ff0000;\">Ebben az \u00e9vadban mutatt\u00e1k be Gorkij: A m\u00e9lyben c\u00edm\u0171 darabj\u00e1t, melyben Luka figur\u00e1j\u00e1t j\u00e1tssza. <\/span><\/p>\n<p>Gorkij 1902-ben \u00edrta ezt a dr\u00e1m\u00e1t, ez akkoriban fontos darab volt, rengeteg helyen bemutatt\u00e1k. Luka ellentmond\u00e1sos figura. V\u00e1ratlanul j\u00f6n \u00e9s v\u00e1ratlanul t\u0171nik el. Nem tudunk r\u00f3la semmit. Nem tudjuk, hogy honnan j\u00f6n, \u00e9s hogy hov\u00e1 megy. Lehet, hogy szent, lehet, hogy sz\u00e9lh\u00e1mos. Figur\u00e1j\u00e1ban benne van Krisztus \u00e9s a megv\u00e1lt\u00e1s is. Az oroszokn\u00e1l ennek kult\u00far\u00e1ja van, mindig van egy szent bolond, akiben hisznek. A hit kiirthatatlanul benn\u00fck van, m\u00e9g Szt\u00e1lin idej\u00e9n is keresztet vetettek, ha meghalt valaki. B\u00e1r a darab mai f\u00fcllel tele van k\u00f6zhelyekkel, bulv\u00e1r igazs\u00e1gokkal, a megjelen\u00e9sekor a filoz\u00f3fi\u00e1ja m\u00e1st jelentett. Olyan emberi sorsokat jelen\u00edt meg, ami miatt vil\u00e1gszerte j\u00e1tszott\u00e1k, Amerik\u00e1ba is eljutott. Luka szerep\u00e9t \u00e9lvezet j\u00e1tszani, mindenbe belesz\u00f3l, mindenkire odafigyel, az a t\u00edpus, aki ha bel\u00e9p, mindenkinek r\u00e1 kell figyelnie. Szeretn\u00e9m megismerni az ember m\u0171k\u00f6d\u00e9s\u00e9t \u2013 ezt mondja, de amikor baj lesz, r\u00f6gt\u00f6n lel\u00e9p. Megbolygatja az emberek \u00e9let\u00e9t, mindenkire hatni tud, m\u00e9g arra is, akire l\u00e1tsz\u00f3lag nem. Szatyin, aki elutas\u00edtja, a negyedik felvon\u00e1sban v\u00e9gig r\u00f3la besz\u00e9l. Nem lehet kib\u00fajni a hat\u00e1sa al\u00f3l, mert \u00e9rezz\u00fck, hogy r\u00e1l\u00e1t\u00e1sa lehet valamire, amire m\u00e1snak nem. Lehet, hogy ez sem igaz, becsap mindenkit, hogy kicsit szebb\u00e9 tegye az \u00e9let\u00fcket a hazugs\u00e1gaival. Nem minden hazugs\u00e1g rossz. Igazi megv\u00e1lt\u00e1s sem adatik meg mindenkinek, de t\u00f6rekedni kell r\u00e1. A darab egy \u00e9jjeli mened\u00e9khelyen j\u00e1tsz\u00f3dik. Nehezebb elj\u00e1tszani ezeket a m\u00e9lyben \u00e9l\u0151 embereket, k\u00fcl\u00f6n\u00f6sen ma, mint egy kir\u00e1lyt, minisztert, vagy b\u00e1rki m\u00e1st. Est\u00e9r\u0151l est\u00e9re elmaszk\u00edrozom magam, felmegyek a sz\u00ednpadra, elj\u00e1tsszuk, azut\u00e1n kil\u00e9pek az utc\u00e1ra, \u00e9s ott a val\u00f3s\u00e1g. Furcsa, vegyes \u00e9rzelmeim vannak. Legrosszabb a tehetetlens\u00e9g. Pr\u00f3b\u00e1lok seg\u00edteni \u2013 b\u00e1r m\u00e1r apr\u00f3p\u00e9nz is alig van, ma m\u00e1r mindent telefonnal, bankk\u00e1rty\u00e1val fizet\u00fcnk \u2013 de az csak egy csepp a tengerben. A lelkiismeretem megnyugtat\u00e1s\u00e1ra sem el\u00e9g, \u00e9s fogalmam sincs, mit lehetne csin\u00e1lni. Megold\u00e1st a mindenkori korm\u00e1nynak kellene tal\u00e1lnia, de amit most csin\u00e1ltak, nem j\u00e1rhat\u00f3 \u00fat. A sz\u00e9gyenteljes b\u00edr\u00f3s\u00e1gi int\u00e9zked\u00e9sek nem a megold\u00e1s fel\u00e9 mutatnak. Abba is maradt, mert k\u00e9t perc alatt kider\u00fclt, hogy antihum\u00e1nus \u00e9s aljas dolog. Az \u00e9let mindig \u00e1th\u00fazza azt, ami nem haszn\u00e1lhat\u00f3.<\/p>\n<p><span style=\"color: #ff0000;\">A V\u00edgben \u00d6nnek volt lehet\u0151s\u00e9ge a nagyokt\u00f3l tanulni. Hogy \u00e9rzi, most \u00d6n seg\u00edthet a fiataloknak?<\/span><\/p>\n<p>Nagyon megv\u00e1ltozott a vil\u00e1g. Az is lehet, hogy a tud\u00e1som m\u00e1r nem korszer\u0171. N\u00e9ha j\u00f6n egy fiatal rendez\u0151, aki eg\u00e9sz m\u00e1st k\u00e9r, mint amit megszoktam, ilyenkor arra gondolok, meg tudom-e csin\u00e1lni? Nem a k\u00e9pess\u00e9geim miatt, ink\u00e1bb az a k\u00e9rd\u00e9s, hogy a bels\u0151 reflexem engedi-e bel\u00fclr\u0151l felszakadni, \u00e9s le tudom-e dobni az olyan dolgokat, amik m\u00e1r nem j\u00f3k. Picasso \u00f6reg kor\u00e1ban, az utols\u00f3 pillanatig is k\u00e9pes volt meg\u00fajulni, rengeteg korszaka volt. K\u00e9pess\u00e9g\u00fcnk a meg\u00fajul\u00e1sra olyan, mint a gumi, aminek az \u00e1llaga romlik az id\u0151vel, \u00e9s v\u00e9g\u00fcl elszakad, pedig t\u00f6rekedn\u00fcnk kell a v\u00e1ltoz\u00e1sra. Fiatalon felmentem a sz\u00ednpadra, j\u00e1tszottam, ugr\u00e1ltam \u2013 mint a h\u00e1lyogkov\u00e1cs, n\u00e9ha azt sem tudtam, mit csin\u00e1lok \u2013 a n\u00e9z\u0151k tapsoltak. Ahogy id\u0151s\u00f6d\u00f6m, a felel\u0151ss\u00e9g egyre n\u0151. M\u00e1r sokkal t\u00f6bbet izgulok. Itt, az \u00d6rk\u00e9nyben Pog\u00e1ny Judittal mi vagyunk a szeniorok, ez is elj\u00f6tt, de nem b\u00e1nom, mert ez a term\u00e9szetes. \u00d6r\u00fcl\u00f6k, hogy j\u00f6nnek a fiatalok, akikkel frissess\u00e9g \u00e1ramlik ebbe a z\u00e1rt t\u00e9rbe. A sz\u00ednh\u00e1zat M\u00e1csai P\u00e1l j\u00f3l karban tartja ebb\u0151l a szempontb\u00f3l is. A J\u00f3zsef \u00e9s testv\u00e9rei c\u00edm\u0171 el\u0151ad\u00e1s v\u00e9g\u00e9n, a tapsrendben ott \u00e1llunk a sz\u00ednpadon, a fiatal nemzed\u00e9k: Patk\u00f3s Marci, a k\u00f6z\u00e9p nemzed\u00e9k: Polg\u00e1r Csaba, \u00e9s az id\u0151s: \u00e9n. Ilyen nincs minden sz\u00ednh\u00e1zban, n\u00e1lunk ki lehet osztani a szerepeket. K\u00e9t st\u00fadi\u00f3nk is van, ahol fiatal rendez\u0151k n\u00e9gy darabot \u00e1ll\u00edtanak sz\u00ednre a k\u00f6vetkez\u0151 \u00e9vadban.<\/p>\n<p><span style=\"color: #ff0000;\">Kap\u00e1s Dezs\u0151 egy \u00edzben filoz\u00f3fikus boh\u00f3cnak nevezte \u00d6nt. Mi seg\u00edthet ink\u00e1bb az \u00e9letben, a humor vagy a filoz\u00f3fia?<\/span><\/p>\n<p>A humor nagyon fontos. Nevetni lehet egyed\u00fcl is, ha megl\u00e1tok mondjuk egy m\u00f3k\u00e1s kuty\u00e1t, vagy kisgyereket, de temet\u00e9sen is t\u00f6rt\u00e9nt m\u00e1r olyan, hogy fuldokoltam a nevet\u00e9st\u0151l. A d\u00f6bbenet ut\u00e1n mindig a humor\u00e9rz\u00e9kem j\u00f6n el\u0151, ami el\u00e9g j\u00f3. Az igazi humor sokat seg\u00edthet, de partnerek is kellenek hozz\u00e1. A filoz\u00f3fia helyett azt mondan\u00e1m, hogy \u00e9lettapasztalat. Az, hogy tudom, semmi sem \u00f6r\u00f6k, minden h\u00e1rom napig tart. Ha nem h\u00edvnak filmezni, nem h\u00edvnak, nem az \u00e9n bajom, dolgoztam m\u00e1r eleget. Ha elrontok egy el\u0151ad\u00e1st, majd kijav\u00edtom. Filmet nem lehet kijav\u00edtani, ez\u00e9rt nem is n\u00e9zem meg magam sose.\u00a0 M\u00e9g a Wagner-sorozatot sem l\u00e1ttam egyben, b\u00e1r egyszer, amikor Veszpr\u00e9mben az Oidipuszt j\u00e1tszottam Ruszt J\u00f3zsef rendez\u00e9s\u00e9ben, egyed\u00fcl voltam a sz\u00edn\u00e9szh\u00e1zban, nagy hidegben. Nyomogattam a t\u00e1vir\u00e1ny\u00edt\u00f3t, egy n\u00e9met t\u00e9v\u00e9csatorn\u00e1n egyszer csak megl\u00e1ttam magam a Wagnerben. Ki gondolta volna, amikor forgattam, hogy h\u00fasz \u00e9v m\u00falva a sz\u00edn\u00e9szh\u00e1zban, a takar\u00f3 alatt f\u00e1zva, majd megn\u00e9zem magam, mint II. Lajost.<\/p>\n<p><span style=\"color: #ff0000;\">R\u00e9gebben sokat forgatott.<\/span><\/p>\n<p>Nem olyan sokat, de t\u00e9ny, hogy most m\u00e1r nyugodtan mehetek az utc\u00e1n, metr\u00f3ban, a fiatalok nem ismernek meg, r\u00e9gebben nem \u00edgy volt, ami el\u00e9gg\u00e9 zavart is akkoriban. Utolj\u00e1ra n\u00e9gy \u00e9ve forgattam az Ut\u00f3\u00e9letben, Zombor\u00e1cz Vir\u00e1g filmj\u00e9ben, \u00e9s Mundrucz\u00f3 Korn\u00e9l, aki tan\u00edtv\u00e1nyom volt, h\u00edvott a karmester szerep\u00e9re a Feh\u00e9r Isten c\u00edm\u0171 filmbe.<\/p>\n<p><span style=\"color: #ff0000;\">Nem tudtam eld\u00f6nteni, hogy a karmester j\u00f3 vagy rossz ember-e? Mindenesetre a kuty\u00e1k nem \u00f6lt\u00e9k meg.<\/span><\/p>\n<p>Senki sem csak j\u00f3 vagy csak rossz, ilyen nincs, de nem is kell, legyen m\u00e9zes tea egy csepp ecettel, mert att\u00f3l lesz \u00e9rdekes.<\/p>\n<p><span style=\"color: #ff0000;\">Hogy pihen?<\/span><\/p>\n<p>Az eg\u00e9szs\u00e9gem nem sz\u00e1zsz\u00e1zal\u00e9kos, meg is tettem sok mindent, hogy \u00edgy legyen, de m\u00e1r pr\u00f3b\u00e1lok odafigyelni. Ha d\u00e9lel\u0151tt pr\u00f3ba van \u00e9s este el\u0151ad\u00e1s, akkor d\u00e9lut\u00e1n pihenek. Nem is v\u00e1llalok m\u00e1r annyit, mint r\u00e9gebben. Igazi pihen\u00e9s, ha id\u0151nk\u00e9nt elj\u00f6nnek a bar\u00e1taim, f\u0151z\u00f6k, besz\u00e9lget\u00fcnk. Ny\u00e1ron pedig mindig utazom, most P\u00e1rizsba. M\u00e1r nagyon v\u00e1rom!<\/p>\n<p><span style=\"color: #ff0000;\">Most kinek a nyomait kutatja?<\/span><\/p>\n<p>Most a saj\u00e1t nyomaimat k\u00f6vetem, P\u00e1rizsba visszaj\u00e1rok. B\u00e9relek egy lak\u00e1st, m\u00e1r nem olyan dr\u00e1ga, \u00e9s vas\u00faton 1-2 \u00f3ra alatt csod\u00e1s helyekre el lehet jutni. A vonat ott k\u00e9nyelmes \u00e9s tiszta. Aut\u00f3t is b\u00e9relhetn\u00e9k, de az bonyolultabb, meg akkor nem lehet bort inni Franciaorsz\u00e1gban, ami nem j\u00f3! Ha s\u00e9t\u00e1l az ember P\u00e1rizsban, az egyik h\u00e1zra ki van \u00edrva, hogy ott halt meg Verlaine, a m\u00e1sikra, hogy itt lakott Hemingway. Befordulok az egyik sarkon, ott a kis utca, a Rue Cujas, ahol Radn\u00f3ti Mikl\u00f3s lakott, a j\u00e1rda, ami egy kiss\u00e9 lejt,\u00a0 benne van a vers\u00e9ben. A sz\u00e1lloda bej\u00e1rat\u00e1nak egyik oldal\u00e1n Radn\u00f3ti eml\u00e9kt\u00e1bl\u00e1ja f\u00fcgg, a m\u00e1sikon oldalon meg Gabriel Garcia Marquez\u00e9. A sarkon befordulok, ott meg Rimbaud-ra eml\u00e9keztet egy t\u00e1bla. Minden pillanatban meg kell \u00e1llni, valamit csod\u00e1lni, elgondolkodni. A k\u00e9pz\u0151m\u0171v\u00e9szeti eml\u00e9keir\u0151l nem is besz\u00e9lve. Sokat j\u00e1rtam Londonban, R\u00f3m\u00e1ban, Barcelon\u00e1ban \u00e9s a t\u00f6bbi kultikus v\u00e1rosban, mindegyiket szeretem, csod\u00e1lom, de P\u00e1rizs nekem a legfontosabb, \u00e1tmos \u00e9s ellaz\u00edt.<\/p>\n<p><span style=\"color: #ff0000;\">Fridrich Piroska<\/span><\/p>\n<p>fot\u00f3: Nagy Gerg\u0151<\/p>\n<div class='watch-action'><div class='watch-position align-left'><div class='action-like'><a class='lbg-style1 like-5598 jlk' href='javascript:void(0)' data-task='like' data-post_id='5598' data-nonce='f48ebca404' rel='nofollow'><img class='wti-pixel' src='https:\/\/fedelnelkul.hu\/wp-content\/plugins\/wti-like-post\/images\/pixel.gif' title='Like' \/><span class='lc-5598 lc'>0<\/span><\/a><\/div><\/div> <div class='status-5598 status align-left'><\/div><\/div><div class='wti-clear'><\/div>","protected":false},"excerpt":{"rendered":"<p>G\u00e1lffi L\u00e1szl\u00f3 k\u00fcl\u00f6nleges egy\u00e9nis\u00e9g, gyerekk\u00e9nt a n\u00e9z\u0151t\u00e9rr\u0151l csod\u00e1lta legnagyobb sz\u00edn\u00e9szeinket, fiatalon egy\u00fctt j\u00e1tszott vel\u00fck, ma m\u00e1r a Halhatalanok T\u00e1rsulat\u00e1nak \u00f6r\u00f6k\u00f6s tagja. Szinte mindent elj\u00e1tszott m\u00e1r, m\u00e9gis mindig k\u00e9sz a meg\u00fajul\u00e1sra. 0<\/p>\n","protected":false},"author":125,"featured_media":5599,"comment_status":"closed","ping_status":"open","sticky":false,"template":"","format":"standard","meta":{"footnotes":""},"categories":[411,276],"tags":[],"class_list":["post-5598","post","type-post","status-publish","format-standard","has-post-thumbnail","hentry","category-411","category-sztarinterju"],"_links":{"self":[{"href":"https:\/\/fedelnelkul.hu\/en\/wp-json\/wp\/v2\/posts\/5598","targetHints":{"allow":["GET"]}}],"collection":[{"href":"https:\/\/fedelnelkul.hu\/en\/wp-json\/wp\/v2\/posts"}],"about":[{"href":"https:\/\/fedelnelkul.hu\/en\/wp-json\/wp\/v2\/types\/post"}],"author":[{"embeddable":true,"href":"https:\/\/fedelnelkul.hu\/en\/wp-json\/wp\/v2\/users\/125"}],"replies":[{"embeddable":true,"href":"https:\/\/fedelnelkul.hu\/en\/wp-json\/wp\/v2\/comments?post=5598"}],"version-history":[{"count":1,"href":"https:\/\/fedelnelkul.hu\/en\/wp-json\/wp\/v2\/posts\/5598\/revisions"}],"predecessor-version":[{"id":5600,"href":"https:\/\/fedelnelkul.hu\/en\/wp-json\/wp\/v2\/posts\/5598\/revisions\/5600"}],"wp:featuredmedia":[{"embeddable":true,"href":"https:\/\/fedelnelkul.hu\/en\/wp-json\/wp\/v2\/media\/5599"}],"wp:attachment":[{"href":"https:\/\/fedelnelkul.hu\/en\/wp-json\/wp\/v2\/media?parent=5598"}],"wp:term":[{"taxonomy":"category","embeddable":true,"href":"https:\/\/fedelnelkul.hu\/en\/wp-json\/wp\/v2\/categories?post=5598"},{"taxonomy":"post_tag","embeddable":true,"href":"https:\/\/fedelnelkul.hu\/en\/wp-json\/wp\/v2\/tags?post=5598"}],"curies":[{"name":"wp","href":"https:\/\/api.w.org\/{rel}","templated":true}]}}