{"id":497,"date":"2018-02-10T20:33:21","date_gmt":"2018-02-10T20:33:21","guid":{"rendered":"http:\/\/fedelnelkul.hu\/2018\/02\/10\/tanulni-mindhalalig\/"},"modified":"2018-02-10T20:33:21","modified_gmt":"2018-02-10T20:33:21","slug":"tanulni-mindhalalig","status":"publish","type":"post","link":"https:\/\/fedelnelkul.hu\/en\/2018\/02\/10\/tanulni-mindhalalig\/","title":{"rendered":"Tanulni mindhal\u00e1lig"},"content":{"rendered":"<p>\nK\u00e9pz\u00e9sek az Equal-programban<\/p>\n<p>Amikor 2005-ben beindult az EQUAL projekt, m\u00e1r az elej\u00e9n tudhatta, akit \u00e9rintett, hogy k\u00e9pz\u00e9sek is lesznek a programon bel\u00fcl. Az EQUAL-on bel\u00fcl azonban szigor\u00fa szab\u00e1lyokhoz k\u00f6t\u00f6tt\u00e9k, hogy valaki elindulhasson egy tanfolyamon. Egy sor krit\u00e9riumnak kellett ahhoz megfelelni, hogy valaki beiskol\u00e1z\u00e1sra ker\u00fclj\u00f6n. A k\u00e9pz\u00e9sek koordin\u00e1l\u00e1s\u00e1ban komoly feladat h\u00e1rul Nagy Istv\u00e1nra, a BMSZKI \u00c1ll\u00e1skeres\u0151 Irod\u00e1j\u00e1nak vezet\u0151j\u00e9re.<\/p>\n<p>&#8211; Hogy m\u0171k\u00f6d\u00f6tt a k\u00e9pz\u00e9si rendszer?<br \/>\n&#8211; Az iroda az EQUAL projektnek k\u00f6sz\u00f6nhet\u0151en j\u00f6tt l\u00e9tre \u00e9s m\u0171k\u00f6d\u00f6tt. A Munka\u00fcgyi K\u00f6zpont hathat\u00f3s seg\u00edts\u00e9g\u00e9vel ker\u00fcltek beiskol\u00e1z\u00e1sra az \u00fcgyfelek. Sz\u00e1zhuszon\u00f6t f\u0151t v\u00e1llaltunk, de v\u00e9g\u00fcl sz\u00e1z\u00f6tven f\u0151t iskol\u00e1ztunk be OKJ-s k\u00e9pz\u00e9sekre. Tizenkilencf\u00e9le szakm\u00e1t oktattunk, legismertebbek term\u00e9szetesen a szak\u00e1cs, k\u00f6nny\u0171g\u00e9pkezel\u0151, neh\u00e9zg\u00e9p-kezel\u0151, szem\u00e9ly- \u00e9s vagyon\u0151r, szoci\u00e1lis \u00e1pol\u00f3 \u00e9s gondoz\u00f3, illetve a dajka.<br \/>\n&#8211; Magyarorsz\u00e1gon vagyunk, teh\u00e1t azonnal f\u00f6lmer\u00fcl a saj\u00e1tos k\u00e9rd\u00e9s: &#8222;ki fizeti a r\u00e9v\u00e9szt?&#8221; Teh\u00e1t milyen finansz\u00edroz\u00e1ssal siker\u00fclt v\u00e9ghez vinni, amit el\u00e9rt az iroda?<br \/>\n&#8211; A k\u00e9pz\u00e9sben r\u00e9sztvev\u0151 \u00fcgyfeleknek, hogy \u00fagy mondjam, k\u00e9t k\u00e1db\u00f3l folyt a p\u00e9nz. Az egyik, a Munka\u00fcgyi K\u00f6zpont \u00e1ltal finansz\u00edrozott h\u00e1tr\u00e1nyos helyzet\u0171 \u00fcgyfelek keresetp\u00f3tl\u00f3 j\u00e1rad\u00e9ka, amit b\u00e1rmely munka\u00fcgyi k\u00f6zpont \u00e1ltal beiskol\u00e1zand\u00f3 \u00fcgyf\u00e9l megkapott volna. \u00d3ri\u00e1si seg\u00edts\u00e9get adott az a plusz, amit mi tudtunk adni az EQUAL projektb\u0151l. Sz\u00e1ll\u00f3d\u00edj \u00e1tv\u00e1llal\u00e1s, t\u00edzezer forintos \u00e9tkez\u00e9si jegy, \u00e9s utaz\u00e1si b\u00e9rlet biztos\u00edt\u00e1sa. Ez nagyon nagy plusz volt. <br \/>\n&#8211; Ez a szoci\u00e1lis munka hasonl\u00edt ahhoz a k\u00e9pzeletbeli nagy kugl\u00f3fhoz, amit el kell r\u00e1gcs\u00e1lni ahhoz, hogy a benne l\u00e9v\u0151 n\u00e9h\u00e1ny szem mazsol\u00e1hoz hozz\u00e1f\u00e9rhessen az ember. Nem is annyire l\u00e1tv\u00e1nyos, mint egy valamit el\u0151\u00e1ll\u00edt\u00f3 foglalkoz\u00e1s. Meg volt a &#8222;kugl\u00f3f&#8221;? Mennyire \u00e9rzik \u00fagy egy ebben r\u00e9sztvev\u0151, hogy megycsin\u00e1ln\u00e1 m\u00e9gegyszer?<br \/>\n&#8211; Egy sz\u00e1raz t\u00e9ny. A mai napig, k\u00e9tsz\u00e1zhetvenegy f\u0151t iskol\u00e1ztunk be, t\u00f6bb mint nyolcvan sz\u00e1zal\u00e9kuk v\u00e9gzett. Az is t\u00e9ny, hogy nem mindenki helyezkedett el a szakm\u00e1j\u00e1ban. Viszont voltak olyan szakm\u00e1k ahol szinte mindenki. \u00c9n arra a kugl\u00f3f-mazsola hasonlatra azt mondan\u00e1m, hogy vannak olyan sz\u00e9p k\u00f6v\u00e9r \u00e9s \u00edzletes mazsol\u00e1ink, amik miatt nagyon sz\u00edvesen belev\u00e1gn\u00e9k \u00fajra ebe a kugl\u00f3fs\u00fct\u00e9sbe.<\/p>\n<p>A B.M.I.K. (Budapesti Munkaer\u0151piaci Intervenci\u00f3s K\u00f6zpont) Gy\u00e1li \u00fati \u00e9p\u00fclet\u00e9ben K\u00e1li Csaba \u00far, k\u00e9pz\u00e9si projektmenedzser fogadott.<br \/>\n&#8211; K\u00e9rem, mutassa be az int\u00e9zm\u00e9nyt!<br \/>\n&#8211; Ez a feln\u0151ttk\u00e9pz\u0151 int\u00e9zm\u00e9ny a kilenc region\u00e1lis k\u00e9pz\u0151k\u00f6zpont egyike. Mindenf\u00e9le szakm\u00e1kat oktatunk, \u00e9s szorosan egy\u00fcttm\u0171k\u00f6d\u00fcnk a Munka\u00fcgyi K\u00f6zponttal.<br \/>\n&#8211; Hogy ker\u00fclt k\u00e9pbe \u00f6n\u00f6kn\u00e9l a hajl\u00e9ktalank\u00e9pz\u00e9s?<br \/>\n&#8211; Az akkor m\u00e9g F\u0151v\u00e1rosi Munka\u00fcgyi K\u00f6zpont, \u00e9s a BMSZKI egy\u00fcttm\u0171k\u00f6d\u00e9si szerz\u0151d\u00e9st k\u00f6t\u00f6ttek. A Munka\u00fcgyi K\u00f6zpont adta a t\u00e1mogat\u00e1st, felk\u00e9rt benn\u00fcnket, hogy a tanfolyami r\u00e9szt mi\u00a0 bonyol\u00edtsuk le.<br \/>\n&#8211; Nem \u00f3dzkodtak att\u00f3l, hogy hajl\u00e9ktalanok j\u00e1rjanak \u00f6n\u00f6kh\u00f6z?<br \/>\n&#8211; Nem volt ilyen, b\u00e1r a koll\u00e9g\u00e1k k\u00f6z\u00f6tt akadt, aki eleinte kicsit furcs\u00e1llotta. Eleinte nem volt valami nagy \u00f6r\u00f6m, de meg kell mondanom, kellemesen csal\u00f3dtunk. Mi ezt \u00fagy fogtuk fel, hogy neh\u00e9z sors\u00fa emberek j\u00f6nnek ide. Tal\u00e1n annyi volt a k\u00fcl\u00f6nbs\u00e9g, hogy ezek az emberek sokkal \u00e9rz\u00e9kenyebbek.<br \/>\n&#8211; Hogy \u00e9rkeztek ide? Itt szelekt\u00e1ltak, vagy m\u00e1r kiv\u00e1logatott emberek j\u00f6ttek?<br \/>\n&#8211; Kimentem a rost\u00e1ra a BMSZKI nagyterm\u00e9be, \u00e9s ott t\u00e1j\u00e9koztattam a 40-50 f\u0151s csoportokat. H\u00e1rom tanfolyam volt: takar\u00edt\u00f3, sz\u00e1m\u00edt\u00f3g\u00e9pes \u00e9s szak\u00e1cs.<br \/>\n&#8211; Fogj\u00e1k valamilyen szinten a kez\u00e9t a tanfolyamot v\u00e9gzett \u00e9s kiker\u00fclt\u00a0 embereknek?<br \/>\n&#8211; Nem. B\u00e1r szerintem szinte minden\u00a0 ember mell\u00e9 kellene egy pszichol\u00f3gus. Lelki v\u00e1ls\u00e1gban vannak, nagyon figyelni kell r\u00e1juk. A sz\u00e1m\u00edt\u00f3g\u00e9pesek csak ide hozz\u00e1nk j\u00e1rtak minden nap. A feln\u0151ttk\u00e9pz\u00e9s nem ilyen. Viszik \u0151ket tankonyh\u00e1ba, k\u00fcldik munkahelyekre, \u00e9s mivel mozognak a v\u00e1rosban, ez\u00e9rt lemorzsol\u00f3dnak. Ink\u00e1bb olyan helyen szeretn\u00e9nek lenni, ahol egy helyre j\u00e1rnak. Most j\u00f6tt\u00fcnk r\u00e1, hogy a takar\u00edt\u00f3k is v\u00e1ltott munkahelyeken voltak, ott is morzsol\u00f3dtak le rendesen, ugyan\u00fagy a szak\u00e1csok is. A hossz\u00fa tanfolyamokat nem b\u00edrt\u00e1k.<br \/>\n&#8211; Mi lehetett az oka a lemorzsol\u00f3d\u00e1snak, a v\u00e1rosb\u00e9li v\u00e1ndorl\u00e1son k\u00edv\u00fcl? <br \/>\n&#8211; Szerintem a f\u0151 ok az, hogy nem voltak szellemileg kell\u0151k\u00e9ppen felk\u00e9sz\u00edtve alapvet\u0151 dolgokra. Manaps\u00e1g m\u00e1r nagyon komolyak a szakm\u00e1k, \u00e9s p\u00e9ld\u00e1ul a szak\u00e1csot is egy \u00e9v alatt kell letenni. Itt nem megy \u00fagy, hogy csak itt vagyok, hanem tanulni kell kem\u00e9nyen.<\/p>\n<p>\nAz \u00e1ll\u00e1skeres\u0151 irod\u00e1ban egy szak\u00e1cstanfolyamot v\u00e9gzett csodasz\u00e9p roma l\u00e1nnyal besz\u00e9lgettem.Pillant\u00e1sa, mint a fekete t\u0171z, szinte \u00e9geti az embert.<\/p>\n<p>&#8211; Mes\u00e9l nekem a k\u00e9pz\u00e9sr\u0151l, \u00e9s az ut\u00e1na k\u00f6vetkez\u0151 id\u0151k tapasztalatair\u00f3l?<br \/>\n&#8211; Persze. Mariann vagyok, huszonnyolc \u00e9ves, 2005-ben v\u00e9geztem a tanfolyamot. V\u00e1ltozott-e valamit az \u00e9letem? Igen. El\u0151sz\u00f6r is nagyon \u00f6r\u00fcl\u00f6k, hogy siker\u00fclt elv\u00e9geznem a tanfolyamot, m\u00e1sodszor t\u00e9nyleg sokat tanultam, nem csak v\u00e9gig\u00fcltem. Szerencs\u00e9re j\u00f3 helyen voltam gyakorlaton, ahol nagyon j\u00f3l \u00e1t is adt\u00e1k a szakm\u00e1t. Csak h\u00e1t nagyon neh\u00e9z elhelyezkedni. Itt f\u0151leg a sz\u00e1rmaz\u00e1som miatt j\u00f6nnek el\u0151 az akad\u00e1lyok. Nem is tudom, h\u00e1nyszor j\u00e1rtam m\u00e1r \u00fagy, hogy telefonon mindent megbesz\u00e9lt\u00fcnk, \u00e9s mikor odamentem, akkor j\u00f6tt a &#8222;majd \u00e9rtes\u00edtj\u00fck&#8221; c\u00edm\u0171 sz\u00f6veg. Tudtam, hogy soha az \u00e9letben nem fognak sz\u00f3lni. Nem is sz\u00f3ltak. De az\u00e9rt el lehet benne helyezkedni, hiszen \u00e9n is dolgoztam az\u00f3ta m\u00e1r h\u00e1rom helyen is, s\u0151t legut\u00f3bb egy el\u00e9gg\u00e9 j\u00f3nev\u0171 \u00e9tteremben. De mint mondom, a sz\u00e1rmaz\u00e1som miatt iszonyatosan neh\u00e9z.<br \/>\n&#8211; Hm. Dupla h\u00e1tr\u00e1nyos helyzet. Melyik a nagyobb akad\u00e1ly: a sz\u00e1rmaz\u00e1s vagy a hajl\u00e9ktalans\u00e1g?<br \/>\n&#8211; \u00c9n azt \u00e9rzem, hogy ink\u00e1bb a sz\u00e1rmaz\u00e1s. Az a baj, hogy a munkaad\u00f3k egy kalap al\u00e1 veszik a rom\u00e1kat. Sokszor el\u00e9g annyi, hogy az ember f\u00f6lh\u00edvja a munkaad\u00f3t, az megk\u00e9rdezi, hogy is h\u00edvnak. M\u00e1r a n\u00e9vb\u0151l is lev\u00e1gja a sz\u00e1rmaz\u00e1st, \u00e9s tal\u00e1n h\u00faszb\u00f3l egy, ha azt mondja, hogy ok\u00e9. Van, hogy megbesz\u00e9l\u00fcnk egy szem\u00e9lyes tal\u00e1lkoz\u00f3t, \u00e9s ott bukik el a dolog. V\u00e9gign\u00e9z rajtam, \u00e9s l\u00e1tja, hogy nem vagyok egy luxus k\u00f6r\u00fclm\u00e9nyek k\u00f6z\u00f6tt \u00e9l\u0151 ember. Ha lenne legal\u00e1bb egy alapfok\u00fa angol nyelvtud\u00e1som, tal\u00e1n mehetn\u00e9k k\u00fclf\u00f6ldre is. \u00c9vek \u00f3ta szeretn\u00e9k kijutni. Most is tal\u00e1ltam egy \u00e1ll\u00e1s lehet\u0151s\u00e9get, ahol Ausztri\u00e1ba kerestek csontoz\u00f3kat. Kimentem, de meg sem mutatt\u00e1k, \u00e9n pedig nem hentes vagyok, hanem szak\u00e1cs. El\u00e9m tettek egy hatalmas lapock\u00e1t, hogy csontozzam ki. F\u00e9ltem, ha elrontom, m\u00e9g ki is fizettetik velem. <br \/>\n&#8211; \u00c9rzi-e azt, hogy valamit el\u00e9rt ezzel a k\u00e9pz\u00e9ssel? Azon k\u00edv\u00fcl, hogy van egy bizony\u00edtv\u00e1nya, l\u00e1tja-e valami haszn\u00e1t?<br \/>\n&#8211; J\u00f3 volt, mert mint m\u00e1r mondtam, val\u00f3ban tanultunk is. No meg az sem mindegy, hogy az ember mennyit keres. Ha \u00fagymond j\u00f3l el tudn\u00e1m magam adni, egy olyan helyre, ami val\u00f3ban j\u00f3, akkor ez egy nagy lehet\u0151s\u00e9g lenne. A szak\u00e1cs szakma olyan, hogy itt a v\u00e9gtelens\u00e9gig lehet tanulni. <br \/>\n&#8211; Van valami \u00fczenete azoknak, akik m\u00e9g nem vettek r\u00e9szt ilyen k\u00e9pz\u00e9sen?<br \/>\n&#8211; Persze. Csin\u00e1lj\u00e1k, mert mindenf\u00e9lek\u00e9ppen meg\u00e9ri. Egy\u00e9rtelm\u0171, hogy ne ragadjanak le ott, ahol most vannak, hanem k\u00e9pezz\u00e9k magukat. Ha m\u00e1s\u00e9rt nem, az\u00e9rt, mert mintegy visszaadja az \u00f6nbecs\u00fcl\u00e9s\u00e9t az embernek. Musz\u00e1j tanulni, hiszen ma ebben az orsz\u00e1gban, csak sima nyolc oszt\u00e1llyal meg sem lehet mozdulni.<\/p>\n<div class='watch-action'><div class='watch-position align-left'><div class='action-like'><a class='lbg-style1 like-497 jlk' href='javascript:void(0)' data-task='like' data-post_id='497' data-nonce='24627af277' rel='nofollow'><img class='wti-pixel' src='https:\/\/fedelnelkul.hu\/wp-content\/plugins\/wti-like-post\/images\/pixel.gif' title='Like' \/><span class='lc-497 lc'>0<\/span><\/a><\/div><\/div> <div class='status-497 status align-left'><\/div><\/div><div class='wti-clear'><\/div>","protected":false},"excerpt":{"rendered":"<p>K\u00e9pz\u00e9sek az Equal-programban Amikor 2005-ben beindult az EQUAL projekt, m\u00e1r az elej\u00e9n tudhatta, akit \u00e9rintett, hogy k\u00e9pz\u00e9sek is lesznek a programon bel\u00fcl. Az EQUAL-on bel\u00fcl azonban szigor\u00fa szab\u00e1lyokhoz k\u00f6t\u00f6tt\u00e9k, hogy valaki elindulhasson egy tanfolyamon. Egy sor krit\u00e9riumnak kellett ahhoz megfelelni, hogy valaki beiskol\u00e1z\u00e1sra ker\u00fclj\u00f6n. A k\u00e9pz\u00e9sek koordin\u00e1l\u00e1s\u00e1ban komoly feladat h\u00e1rul Nagy Istv\u00e1nra, a BMSZKI \u00c1ll\u00e1skeres\u0151 &hellip; <a href=\"https:\/\/fedelnelkul.hu\/en\/2018\/02\/10\/tanulni-mindhalalig\/\" class=\"more-link\">Continue reading <span class=\"screen-reader-text\">Tanulni mindhal\u00e1lig<\/span><\/a><\/p>\n","protected":false},"author":408,"featured_media":0,"comment_status":"closed","ping_status":"open","sticky":false,"template":"","format":"standard","meta":{"footnotes":""},"categories":[34,18],"tags":[],"class_list":["post-497","post","type-post","status-publish","format-standard","hentry","category-34","category-riport"],"_links":{"self":[{"href":"https:\/\/fedelnelkul.hu\/en\/wp-json\/wp\/v2\/posts\/497","targetHints":{"allow":["GET"]}}],"collection":[{"href":"https:\/\/fedelnelkul.hu\/en\/wp-json\/wp\/v2\/posts"}],"about":[{"href":"https:\/\/fedelnelkul.hu\/en\/wp-json\/wp\/v2\/types\/post"}],"author":[{"embeddable":true,"href":"https:\/\/fedelnelkul.hu\/en\/wp-json\/wp\/v2\/users\/408"}],"replies":[{"embeddable":true,"href":"https:\/\/fedelnelkul.hu\/en\/wp-json\/wp\/v2\/comments?post=497"}],"version-history":[{"count":0,"href":"https:\/\/fedelnelkul.hu\/en\/wp-json\/wp\/v2\/posts\/497\/revisions"}],"wp:attachment":[{"href":"https:\/\/fedelnelkul.hu\/en\/wp-json\/wp\/v2\/media?parent=497"}],"wp:term":[{"taxonomy":"category","embeddable":true,"href":"https:\/\/fedelnelkul.hu\/en\/wp-json\/wp\/v2\/categories?post=497"},{"taxonomy":"post_tag","embeddable":true,"href":"https:\/\/fedelnelkul.hu\/en\/wp-json\/wp\/v2\/tags?post=497"}],"curies":[{"name":"wp","href":"https:\/\/api.w.org\/{rel}","templated":true}]}}