{"id":4350,"date":"2019-05-03T11:59:18","date_gmt":"2019-05-03T10:59:18","guid":{"rendered":"http:\/\/fedelnelkul.hu\/?p=4350"},"modified":"2019-05-13T18:48:38","modified_gmt":"2019-05-13T16:48:38","slug":"rohrig-geza-angyalvakond-c-kotetenek-bemutatoja","status":"publish","type":"post","link":"https:\/\/fedelnelkul.hu\/en\/2019\/05\/03\/rohrig-geza-angyalvakond-c-kotetenek-bemutatoja\/","title":{"rendered":"R\u00f6hrig G\u00e9za: angyalvakond c. k\u00f6tet\u00e9nek bemutat\u00f3ja"},"content":{"rendered":"<p>R\u00f6hrig G\u00e9za k\u00f6lt\u0151 a Fed\u00e9l N\u00e9lk\u00fclt v\u00e1lasztotta \u00faj versesk\u00f6tet\u00e9nek kiad\u00f3j\u00e1ul. 2018. november 13-\u00e1n a Nyitott M\u0171helyben megtartottuk a bemutat\u00f3t, \u00e9s csak a terjeszt\u0151inkn\u00e9l juthatnak hozz\u00e1 a k\u00f6nyvh\u00f6z az irodalomkedvel\u0151k, ezzel is egy\u00e9ni seg\u00edts\u00e9get ny\u00fajtva kedvenc terjeszt\u0151j\u00fcknek!<!--more--><\/p>\n<p>Az esem\u00e9nyr\u0151l\u00a0<a href=\"https:\/\/www.facebook.com\/pg\/FedelNelkul\/photos\/?tab=album&amp;album_id=2031223130271329\" target=\"_blank\" rel=\"noopener\">facebook oldalunkon<\/a>\u00a0is olvashat.<\/p>\n<p>A k\u00f6tetr\u0151l b\u0151vebben <a href=\"http:\/\/fedelnelkul.hu\/2019\/04\/30\/rohrig-geza-angyalvakond\/\">itt<\/a> olvashat.<\/p>\n<p>&nbsp;<\/p>\n<p>&nbsp;<\/p>\n<div class='watch-action'><div class='watch-position align-left'><div class='action-like'><a class='lbg-style1 like-4350 jlk' href='javascript:void(0)' data-task='like' data-post_id='4350' data-nonce='a4559c5496' rel='nofollow'><img class='wti-pixel' src='https:\/\/fedelnelkul.hu\/wp-content\/plugins\/wti-like-post\/images\/pixel.gif' title='Like' \/><span class='lc-4350 lc'>0<\/span><\/a><\/div><\/div> <div class='status-4350 status align-left'><\/div><\/div><div class='wti-clear'><\/div>","protected":false},"excerpt":{"rendered":"<p>R\u00f6hrig G\u00e9za k\u00f6lt\u0151 a Fed\u00e9l N\u00e9lk\u00fclt v\u00e1lasztotta \u00faj versesk\u00f6tet\u00e9nek kiad\u00f3j\u00e1ul. 2018. november 13-\u00e1n a Nyitott M\u0171helyben megtartottuk a bemutat\u00f3t, \u00e9s csak a terjeszt\u0151inkn\u00e9l juthatnak hozz\u00e1 a k\u00f6nyvh\u00f6z az irodalomkedvel\u0151k, ezzel is egy\u00e9ni seg\u00edts\u00e9get ny\u00fajtva kedvenc terjeszt\u0151j\u00fcknek! 0<\/p>\n","protected":false},"author":578,"featured_media":4733,"comment_status":"open","ping_status":"open","sticky":false,"template":"","format":"standard","meta":{"footnotes":""},"categories":[314],"tags":[],"class_list":["post-4350","post","type-post","status-publish","format-standard","has-post-thumbnail","hentry","category-rendezvenyeink-kotetbemutatok"],"_links":{"self":[{"href":"https:\/\/fedelnelkul.hu\/en\/wp-json\/wp\/v2\/posts\/4350","targetHints":{"allow":["GET"]}}],"collection":[{"href":"https:\/\/fedelnelkul.hu\/en\/wp-json\/wp\/v2\/posts"}],"about":[{"href":"https:\/\/fedelnelkul.hu\/en\/wp-json\/wp\/v2\/types\/post"}],"author":[{"embeddable":true,"href":"https:\/\/fedelnelkul.hu\/en\/wp-json\/wp\/v2\/users\/578"}],"replies":[{"embeddable":true,"href":"https:\/\/fedelnelkul.hu\/en\/wp-json\/wp\/v2\/comments?post=4350"}],"version-history":[{"count":1,"href":"https:\/\/fedelnelkul.hu\/en\/wp-json\/wp\/v2\/posts\/4350\/revisions"}],"predecessor-version":[{"id":4352,"href":"https:\/\/fedelnelkul.hu\/en\/wp-json\/wp\/v2\/posts\/4350\/revisions\/4352"}],"wp:featuredmedia":[{"embeddable":true,"href":"https:\/\/fedelnelkul.hu\/en\/wp-json\/wp\/v2\/media\/4733"}],"wp:attachment":[{"href":"https:\/\/fedelnelkul.hu\/en\/wp-json\/wp\/v2\/media?parent=4350"}],"wp:term":[{"taxonomy":"category","embeddable":true,"href":"https:\/\/fedelnelkul.hu\/en\/wp-json\/wp\/v2\/categories?post=4350"},{"taxonomy":"post_tag","embeddable":true,"href":"https:\/\/fedelnelkul.hu\/en\/wp-json\/wp\/v2\/tags?post=4350"}],"curies":[{"name":"wp","href":"https:\/\/api.w.org\/{rel}","templated":true}]}}