{"id":2686,"date":"2018-02-10T20:34:24","date_gmt":"2018-02-10T20:34:24","guid":{"rendered":"http:\/\/fedelnelkul.hu\/2018\/02\/10\/szabadsag-2\/"},"modified":"2018-02-10T21:03:38","modified_gmt":"2018-02-10T21:03:38","slug":"szabadsag-2","status":"publish","type":"post","link":"https:\/\/fedelnelkul.hu\/en\/2018\/02\/10\/szabadsag-2\/","title":{"rendered":"Szabads\u00e1g"},"content":{"rendered":"<p><span style=\"font-size: small;\">A szabads\u00e1g sz\u00f3 \u00f6nmag\u00e1ban nem tesz<br \/>\nSzabadd\u00e1,<br \/>\nDe \u00edgy v\u00e1lhat minden gondolatod<br \/>\nSzavadd\u00e1.<br \/>\nNem leszel szabadabb egy kisebb<br \/>\nNagymagyarorsz\u00e1ggal<br \/>\nEgy sz\u00fcrke marh\u00e1val vagy egy\u00e9b<br \/>\nMagyar j\u00f3sz\u00e1ggal<br \/>\nNem lehetsz szabadabb att\u00f3l<br \/>\nMert elsz\u00f3lod a szabads\u00e1got.<br \/>\nHa nagy \u00f6tleted van haszn\u00e1ld<br \/>\nA r\u00e1di\u00f3ba A szabad s\u00e1vot.<br \/>\nSZ\u00d3L\u00c1SSZABADS\u00c1G ,<br \/>\nEz is csak egy sz\u00f3.<br \/>\nSzabads\u00e1g, \u00f3\u00f3,<br \/>\nMint Nap\u00f3leonon egy<br \/>\nSzakadt pap\u00edrcs\u00e1k\u00f3.<br \/>\nSzabads\u00e1g, ki led\u00f6nt\u00f6tt\u00e9l megannyi falat,<br \/>\nA z\u00e1szl\u00f3<br \/>\nMely alatt t\u00f6bb v\u00e9r csorgott<br \/>\nMint az inkviz\u00edci\u00f3 alatt<br \/>\nSzabads\u00e1g te v\u00e9res,<br \/>\nT\u00f6rtfeh\u00e9r leped\u0151<br \/>\nEgykor z\u00f6ldell\u0151<br \/>\nHatalmas medd\u0151 legel\u0151,<br \/>\nAz egyetlen juh\u00e1sz<br \/>\nAki sosem volt vadakat terel\u0151.<br \/>\nA szabads\u00e1g egy hatalmas<br \/>\nVir\u00e1gba borult temet\u0151.<br \/>\n\u00c9l\u00e9re \u00e1ll\u00edtott balatoni hever\u0151.<br \/>\nHaza, ki fiait annyiszor hadba h\u00edvta,<br \/>\nEgy goly\u00f3luggatta v\u00e9res<br \/>\n\u00dajs\u00e1gpap\u00edr<br \/>\nRajta a felirat<br \/>\nA szabads\u00e1g ki van v\u00edvva.<\/span><\/p>\n<p>&nbsp;<\/p>\n<div class='watch-action'><div class='watch-position align-left'><div class='action-like'><a class='lbg-style1 like-2686 jlk' href='javascript:void(0)' data-task='like' data-post_id='2686' data-nonce='a4559c5496' rel='nofollow'><img class='wti-pixel' src='https:\/\/fedelnelkul.hu\/wp-content\/plugins\/wti-like-post\/images\/pixel.gif' title='Like' \/><span class='lc-2686 lc'>0<\/span><\/a><\/div><\/div> <div class='status-2686 status align-left'><\/div><\/div><div class='wti-clear'><\/div>","protected":false},"excerpt":{"rendered":"<p>A szabads\u00e1g sz\u00f3 \u00f6nmag\u00e1ban nem tesz Szabadd\u00e1, De \u00edgy v\u00e1lhat minden gondolatod Szavadd\u00e1. Nem leszel szabadabb egy kisebb Nagymagyarorsz\u00e1ggal Egy sz\u00fcrke marh\u00e1val vagy egy\u00e9b Magyar j\u00f3sz\u00e1ggal Nem lehetsz szabadabb att\u00f3l Mert elsz\u00f3lod a szabads\u00e1got. Ha nagy \u00f6tleted van haszn\u00e1ld A r\u00e1di\u00f3ba A szabad s\u00e1vot. SZ\u00d3L\u00c1SSZABADS\u00c1G , Ez is csak egy sz\u00f3. Szabads\u00e1g, \u00f3\u00f3, Mint Nap\u00f3leonon &hellip; <a href=\"https:\/\/fedelnelkul.hu\/en\/2018\/02\/10\/szabadsag-2\/\" class=\"more-link\">Continue reading <span class=\"screen-reader-text\">Szabads\u00e1g<\/span><\/a><\/p>\n","protected":false},"author":44,"featured_media":0,"comment_status":"closed","ping_status":"open","sticky":false,"template":"","format":"standard","meta":{"footnotes":""},"categories":[232,10],"tags":[],"class_list":["post-2686","post","type-post","status-publish","format-standard","hentry","category-232","category-vers"],"_links":{"self":[{"href":"https:\/\/fedelnelkul.hu\/en\/wp-json\/wp\/v2\/posts\/2686","targetHints":{"allow":["GET"]}}],"collection":[{"href":"https:\/\/fedelnelkul.hu\/en\/wp-json\/wp\/v2\/posts"}],"about":[{"href":"https:\/\/fedelnelkul.hu\/en\/wp-json\/wp\/v2\/types\/post"}],"author":[{"embeddable":true,"href":"https:\/\/fedelnelkul.hu\/en\/wp-json\/wp\/v2\/users\/44"}],"replies":[{"embeddable":true,"href":"https:\/\/fedelnelkul.hu\/en\/wp-json\/wp\/v2\/comments?post=2686"}],"version-history":[{"count":1,"href":"https:\/\/fedelnelkul.hu\/en\/wp-json\/wp\/v2\/posts\/2686\/revisions"}],"predecessor-version":[{"id":3209,"href":"https:\/\/fedelnelkul.hu\/en\/wp-json\/wp\/v2\/posts\/2686\/revisions\/3209"}],"wp:attachment":[{"href":"https:\/\/fedelnelkul.hu\/en\/wp-json\/wp\/v2\/media?parent=2686"}],"wp:term":[{"taxonomy":"category","embeddable":true,"href":"https:\/\/fedelnelkul.hu\/en\/wp-json\/wp\/v2\/categories?post=2686"},{"taxonomy":"post_tag","embeddable":true,"href":"https:\/\/fedelnelkul.hu\/en\/wp-json\/wp\/v2\/tags?post=2686"}],"curies":[{"name":"wp","href":"https:\/\/api.w.org\/{rel}","templated":true}]}}