{"id":2566,"date":"2018-02-10T20:34:19","date_gmt":"2018-02-10T20:34:19","guid":{"rendered":"http:\/\/fedelnelkul.hu\/2018\/02\/10\/citadella\/"},"modified":"2018-02-10T20:34:19","modified_gmt":"2018-02-10T20:34:19","slug":"citadella","status":"publish","type":"post","link":"https:\/\/fedelnelkul.hu\/en\/2018\/02\/10\/citadella\/","title":{"rendered":"Citadella"},"content":{"rendered":"<p><\/p>\n<div align=\"left\">\n<font size=\"2\">Mi\u00f3ta perlekedek m\u00e1r, \u00e9s semmi b\u00e9k\u00e9m.<\/font><br \/>\n<font size=\"2\">Honnan j\u00f6tt, nem tudom, megy, \u00e9s nem tudom<\/font><br \/>\n<font size=\"2\">hol lesz majd helye boldogan megnyugodni.<\/font><br \/>\n<font size=\"2\">Itt valaha k\u00fat volt, most omlad\u00e9kos v\u00e1ros,<\/font><br \/>\n<font size=\"2\">gyomorb\u0171z \u00e9s gaborgya besz\u00e9d ragaszkodik,<\/font><br \/>\n<font size=\"2\">mint a L\u00e1tott K\u0151 f\u00f6l\u00f6tt j\u00e1r\u0151r\u00f6z\u0151 \u00e1rva madaraim,<\/font><br \/>\n<font size=\"2\">a megvasalt sir\u00e1lyok \u00e9s utols\u00f3 k\u00e1r\u00f3katon\u00e1m,<\/font><br \/>\n<font size=\"2\">fenolos halra lesve az \u00fcszk\u00f6s gyalogh\u00edd alatt.<\/font><br \/>\n<font size=\"2\">F\u00e1jdalm\u00e1val barlangomban melyik isten bujdokol?<\/font><br \/>\n<font size=\"2\">Buzg\u00f3lkodik mind a vakon im\u00e1dott t\u00e9ved\u00e9sben?<\/font><br \/>\n<font size=\"2\">L\u00e1ttam pedig, kezdett\u0151l fogva f\u00f6ldzab\u00e1l\u00f3 n\u00e9p, ez,<\/font><br \/>\n<font size=\"2\">jeltelen t\u00e9gla a t\u00f6bbi t\u00e9gla k\u00f6zt \u00e9s t\u00e9bolyult,<\/font><br \/>\n<font size=\"2\">visszarovarzik b\u00e1rmi \u00e1ron a bamba \u00f6r\u00f6ks\u00e9gbe,<\/font><br \/>\n<font size=\"2\">mert k\u0151re k\u00f6vet rakni nem l\u00e1t \u00e9rdemesnek.<\/font><br \/>\n<font size=\"2\">\u00c9n azonban azt akartam, hogy itt rend legyen.<\/font><br \/>\n<font size=\"2\">Lovaimat p\u00e1nyv\u00e1n hagyva h\u00e1tra, nekiv\u00e1gtam,<\/font><br \/>\n<font size=\"2\">belegyalogoltam a mindig sunnyog\u00f3 sivatagba,<\/font><br \/>\n<font size=\"2\">hittem, csak szomjas \u00e9s nem gy\u00e1va a hadig\u00e9pezet.<\/font><br \/>\n<font size=\"2\">\u00c9s val\u00f3ban: csup\u00e1ncsak vedelni v\u00e1gytak,<\/font><br \/>\n<font size=\"2\">n\u0151k n\u00e9lk\u00fcl z\u00e1rk\u00f3ztak be a mocskos kupler\u00e1jba,<\/font><br \/>\n<font size=\"2\">hogy sz\u00e9gyen\u00fcket ne kelljen tov\u00e1bb titkolniok.<\/font><br \/>\n<font size=\"2\">Ennyi fatty\u00fat egy rak\u00e1son nem tudtam elviselni.<\/font><br \/>\n<font size=\"2\">Sz\u00f3ltam az \u00e9nekmond\u00f3nak, \u00e9nekelje vissza a dalt,<\/font><br \/>\n<font size=\"2\">a h\u00edrhoz\u00f3 h\u00e1tha felfigyel a s\u00e1skaz\u00fcmm\u00f6g\u00e9sre,<\/font><br \/>\n<font size=\"2\">mert nem tudni, honnan j\u00f6n a hang \u00e9s hova tart,<\/font><br \/>\n<font size=\"2\">ahol lesz-e helye v\u00e9gre boldogan megnyugodni?<\/font><\/p>\n<p><font size=\"2\">2015 Augusztus, 3. d\u00edj<\/font>\n<\/div>\n<div class='watch-action'><div class='watch-position align-left'><div class='action-like'><a class='lbg-style1 like-2566 jlk' href='javascript:void(0)' data-task='like' data-post_id='2566' data-nonce='77b65317c5' rel='nofollow'><img class='wti-pixel' src='https:\/\/fedelnelkul.hu\/wp-content\/plugins\/wti-like-post\/images\/pixel.gif' title='Like' \/><span class='lc-2566 lc'>0<\/span><\/a><\/div><\/div> <div class='status-2566 status align-left'><\/div><\/div><div class='wti-clear'><\/div>","protected":false},"excerpt":{"rendered":"<p>Mi\u00f3ta perlekedek m\u00e1r, \u00e9s semmi b\u00e9k\u00e9m. Honnan j\u00f6tt, nem tudom, megy, \u00e9s nem tudom hol lesz majd helye boldogan megnyugodni. Itt valaha k\u00fat volt, most omlad\u00e9kos v\u00e1ros, gyomorb\u0171z \u00e9s gaborgya besz\u00e9d ragaszkodik, mint a L\u00e1tott K\u0151 f\u00f6l\u00f6tt j\u00e1r\u0151r\u00f6z\u0151 \u00e1rva madaraim, a megvasalt sir\u00e1lyok \u00e9s utols\u00f3 k\u00e1r\u00f3katon\u00e1m, fenolos halra lesve az \u00fcszk\u00f6s gyalogh\u00edd alatt. F\u00e1jdalm\u00e1val barlangomban &hellip; <a href=\"https:\/\/fedelnelkul.hu\/en\/2018\/02\/10\/citadella\/\" class=\"more-link\">Continue reading <span class=\"screen-reader-text\">Citadella<\/span><\/a><\/p>\n","protected":false},"author":544,"featured_media":0,"comment_status":"closed","ping_status":"open","sticky":false,"template":"","format":"standard","meta":{"footnotes":""},"categories":[222,10],"tags":[],"class_list":["post-2566","post","type-post","status-publish","format-standard","hentry","category-222","category-vers"],"_links":{"self":[{"href":"https:\/\/fedelnelkul.hu\/en\/wp-json\/wp\/v2\/posts\/2566","targetHints":{"allow":["GET"]}}],"collection":[{"href":"https:\/\/fedelnelkul.hu\/en\/wp-json\/wp\/v2\/posts"}],"about":[{"href":"https:\/\/fedelnelkul.hu\/en\/wp-json\/wp\/v2\/types\/post"}],"author":[{"embeddable":true,"href":"https:\/\/fedelnelkul.hu\/en\/wp-json\/wp\/v2\/users\/544"}],"replies":[{"embeddable":true,"href":"https:\/\/fedelnelkul.hu\/en\/wp-json\/wp\/v2\/comments?post=2566"}],"version-history":[{"count":0,"href":"https:\/\/fedelnelkul.hu\/en\/wp-json\/wp\/v2\/posts\/2566\/revisions"}],"wp:attachment":[{"href":"https:\/\/fedelnelkul.hu\/en\/wp-json\/wp\/v2\/media?parent=2566"}],"wp:term":[{"taxonomy":"category","embeddable":true,"href":"https:\/\/fedelnelkul.hu\/en\/wp-json\/wp\/v2\/categories?post=2566"},{"taxonomy":"post_tag","embeddable":true,"href":"https:\/\/fedelnelkul.hu\/en\/wp-json\/wp\/v2\/tags?post=2566"}],"curies":[{"name":"wp","href":"https:\/\/api.w.org\/{rel}","templated":true}]}}