{"id":2552,"date":"2018-02-10T20:34:18","date_gmt":"2018-02-10T20:34:18","guid":{"rendered":"http:\/\/fedelnelkul.hu\/2018\/02\/10\/az-igazsag\/"},"modified":"2018-02-10T20:34:18","modified_gmt":"2018-02-10T20:34:18","slug":"az-igazsag","status":"publish","type":"post","link":"https:\/\/fedelnelkul.hu\/en\/2018\/02\/10\/az-igazsag\/","title":{"rendered":"Az igazs\u00e1g"},"content":{"rendered":"<p><\/p>\n<div align=\"left\">\n<font size=\"2\">N\u00e9ha t\u00fal komoly dolognak tartom az \u00e9letet<\/font><br \/>\n<font size=\"2\">ahhoz, hogy \u00edrjak r\u00f3la, &#8211;n\u00e9ha pedig az Istent<\/font><br \/>\n<font size=\"2\">is csak egy koszlott, sz\u0151r\u00f6s, v\u00e9n sz\u00f6rnyetegnek l\u00e1tom,<\/font><br \/>\n<font size=\"2\">aki \u00f6sszeh\u00fazott szemmel n\u00e9zeget, &#8211;m\u00e9ricsk\u00e9l.<\/font><br \/>\n<font size=\"2\">N\u00e9ha a vers\u00edr\u00e1s is csak egy r\u00e9g idej\u00e9tm\u00falt<\/font><br \/>\n<font size=\"2\">beidegz\u0151d\u00e9snek t\u0171nik, ahogy a szerelmet<\/font><br \/>\n<font size=\"2\">is egy hasztalan, makacs epeked\u00e9snek l\u00e1tom,<\/font><br \/>\n<font size=\"2\">hamvas fapin\u00e1k ir\u00e1nt. Ilyenkor j\u00f3l elvagyok<\/font><br \/>\n<font size=\"2\">A &#8222;minden marad \u00fagy, ahogy&#8230;&#8221; \u00e9s a &#8222;majd csak el lesz<\/font><br \/>\n<font size=\"2\">valahogy&#8230;&#8221; k\u00f6z\u00f6tt. Tal\u00e1n az Isten se l\u00e1tja \u00e1t<\/font><br \/>\n<font size=\"2\">sorsom kusza fonat\u00e1t, &#8211; tal\u00e1n maga az \u00d6rd\u00f6g<\/font><br \/>\n<font size=\"2\">is csak cs\u00fct\u00f6rt\u00f6k\u00f6t mondana, sz\u00e9tt\u00e1rt kezekkel.<\/font><br \/>\n<font size=\"2\">N\u00e9ha felk\u00e9sz\u00fcl\u00f6k, \u00e9s \u00fcnnepl\u0151be \u00f6lt\u00f6z\u00f6m:<\/font><br \/>\n<font size=\"2\">verset fogok \u00edrni, lehet hogy pont az \u00e9letr\u0151l,<\/font><br \/>\n<font size=\"2\">mag\u00e1r\u00f3l az Istenr\u0151l, &#8211; mag\u00e1r\u00f3l az \u00edr\u00e1sr\u00f3l,<\/font><br \/>\n<font size=\"2\">&#8211; \u00e9s ilyenkor k\u00f6nny\u0171 sz\u00e9d\u00fclettel t\u00f6lt el, ahogy<\/font><br \/>\n<font size=\"2\">ifj\u00fakoromban &#8211; kezd\u0151 doh\u00e1nyost &#8211; az erk\u00e9lyen<\/font><br \/>\n<font size=\"2\">reggelente lesz\u00edvott els\u0151 n\u00e9h\u00e1ny slukk.* N\u00e9ha<\/font><br \/>\n<font size=\"2\">elhiszem, hogy az igazs\u00e1g a versekben lakik.<\/font><\/p>\n<p><font size=\"2\">*Petri Gy\u00f6rgy: Boh\u00f3c<\/font>\n<\/div>\n<p><\/p>\n<div class='watch-action'><div class='watch-position align-left'><div class='action-like'><a class='lbg-style1 like-2552 jlk' href='javascript:void(0)' data-task='like' data-post_id='2552' data-nonce='a4559c5496' rel='nofollow'><img class='wti-pixel' src='https:\/\/fedelnelkul.hu\/wp-content\/plugins\/wti-like-post\/images\/pixel.gif' title='Like' \/><span class='lc-2552 lc'>0<\/span><\/a><\/div><\/div> <div class='status-2552 status align-left'><\/div><\/div><div class='wti-clear'><\/div>","protected":false},"excerpt":{"rendered":"<p>N\u00e9ha t\u00fal komoly dolognak tartom az \u00e9letet ahhoz, hogy \u00edrjak r\u00f3la, &#8211;n\u00e9ha pedig az Istent is csak egy koszlott, sz\u0151r\u00f6s, v\u00e9n sz\u00f6rnyetegnek l\u00e1tom, aki \u00f6sszeh\u00fazott szemmel n\u00e9zeget, &#8211;m\u00e9ricsk\u00e9l. N\u00e9ha a vers\u00edr\u00e1s is csak egy r\u00e9g idej\u00e9tm\u00falt beidegz\u0151d\u00e9snek t\u0171nik, ahogy a szerelmet is egy hasztalan, makacs epeked\u00e9snek l\u00e1tom, hamvas fapin\u00e1k ir\u00e1nt. Ilyenkor j\u00f3l elvagyok A &#8222;minden &hellip; <a href=\"https:\/\/fedelnelkul.hu\/en\/2018\/02\/10\/az-igazsag\/\" class=\"more-link\">Continue reading <span class=\"screen-reader-text\">Az igazs\u00e1g<\/span><\/a><\/p>\n","protected":false},"author":295,"featured_media":0,"comment_status":"closed","ping_status":"open","sticky":false,"template":"","format":"standard","meta":{"footnotes":""},"categories":[221,10],"tags":[],"class_list":["post-2552","post","type-post","status-publish","format-standard","hentry","category-221","category-vers"],"_links":{"self":[{"href":"https:\/\/fedelnelkul.hu\/en\/wp-json\/wp\/v2\/posts\/2552","targetHints":{"allow":["GET"]}}],"collection":[{"href":"https:\/\/fedelnelkul.hu\/en\/wp-json\/wp\/v2\/posts"}],"about":[{"href":"https:\/\/fedelnelkul.hu\/en\/wp-json\/wp\/v2\/types\/post"}],"author":[{"embeddable":true,"href":"https:\/\/fedelnelkul.hu\/en\/wp-json\/wp\/v2\/users\/295"}],"replies":[{"embeddable":true,"href":"https:\/\/fedelnelkul.hu\/en\/wp-json\/wp\/v2\/comments?post=2552"}],"version-history":[{"count":0,"href":"https:\/\/fedelnelkul.hu\/en\/wp-json\/wp\/v2\/posts\/2552\/revisions"}],"wp:attachment":[{"href":"https:\/\/fedelnelkul.hu\/en\/wp-json\/wp\/v2\/media?parent=2552"}],"wp:term":[{"taxonomy":"category","embeddable":true,"href":"https:\/\/fedelnelkul.hu\/en\/wp-json\/wp\/v2\/categories?post=2552"},{"taxonomy":"post_tag","embeddable":true,"href":"https:\/\/fedelnelkul.hu\/en\/wp-json\/wp\/v2\/tags?post=2552"}],"curies":[{"name":"wp","href":"https:\/\/api.w.org\/{rel}","templated":true}]}}