{"id":2477,"date":"2018-02-10T20:34:16","date_gmt":"2018-02-10T20:34:16","guid":{"rendered":"http:\/\/fedelnelkul.hu\/2018\/02\/10\/majusi-fagy-2\/"},"modified":"2019-11-01T19:33:41","modified_gmt":"2019-11-01T18:33:41","slug":"majusi-fagy-2","status":"publish","type":"post","link":"https:\/\/fedelnelkul.hu\/en\/2018\/02\/10\/majusi-fagy-2\/","title":{"rendered":"M\u00e1jusi Fagy"},"content":{"rendered":"<p>M\u00e9g ha te \u00fagy is \u00e9rzed,<br \/>\nteljesen bet\u00f6lt a szerelem:<br \/>\nFagy van.<\/p>\n<p>A piciny madarak<br \/>\nholtan zuhannak le a f\u00e1k \u00e1gair\u00f3l,<br \/>\naz \u00e1llatok be\u00e1ss\u00e1k magukat a h\u00f3 al\u00e1,<br \/>\na t\u00f6bbinek eledelt raknak ki a vad\u0151r\u00f6k.<br \/>\nSzem\u00fckig rongyokba bugyol\u00e1lt hajl\u00e9ktalanok<br \/>\nmeleg\u00edtik magukat reszket\u0151 kuty\u00e1ikkal.<br \/>\nElk\u00e9peszt\u0151 helyeken lelik meg \u0151ket<br \/>\na szoci\u00e1lis munk\u00e1sok.<br \/>\nAz utc\u00e1kon diderg\u0151knek,<br \/>\n\u00e9s a hat\u00e1rokon v\u00e1rakoz\u00f3knak,<br \/>\nk\u00f6ddel vegy\u00fcl\u0151 kipufog\u00f3g\u00e1zban<br \/>\nforr\u00f3 te\u00e1t osztogatnak.<br \/>\nFagy van.<br \/>\nMinden vak\u00edt. Vak\u00edt.<br \/>\nCs\u00faszk\u00e1l a n\u00e9p, d\u00fcl\u00f6ng\u00e9l, \u00e9s \u00e9rdekes:<br \/>\nma senkire nem mondj\u00e1k, hogy r\u00e9szeg diszn\u00f3,<br \/>\naki hanyatt esik.<br \/>\nEgy id\u0151s p\u00e1rt elg\u00e1zolt a villamos.<br \/>\nFogt\u00e1k egym\u00e1s kez\u00e9t.<br \/>\nA t\u0171zolt\u00f3k k\u00e9ts\u00e9gbeesetten pr\u00f3b\u00e1lj\u00e1k<br \/>\nmegemelni a szerelv\u00e9nyt.<br \/>\n\u201eAki teheti, maradjon otthon,<br \/>\nvagy haszn\u00e1lja a t\u00f6megk\u00f6zleked\u00e9st!\u201d \u2013<br \/>\nElhangzik napj\u00e1ban ezerszer.<\/p>\n<p>Tudom, te most Cupido nyil\u00e1val sz\u00edvedben<br \/>\nboldogan v\u00e9rzel,<br \/>\nak\u00e1r bele is haln\u00e1l<br \/>\na\u00a0 felt\u00e1mad\u00e1s rem\u00e9ny\u00e9ben&#8230;.<\/p>\n<p>Irt\u00f3zatos. A temet\u0151ben kett\u00e9repesztett j\u00f3 p\u00e1r<br \/>\n\u00f3don s\u00edrk\u00f6vet. Nem nyugodhatnak a holtak sem.<br \/>\n\u201eCombnyakt\u00f6r\u00e9s, megint combnyakt\u00f6r\u00e9s&#8230;\u201d \u2013<br \/>\nny\u00f6gi az orvos a traum\u00e1n. Tizenk\u00e9t \u00f3r\u00e1ja hajt.<br \/>\nEszeveszett hidegek tombolnak szerte a vil\u00e1gon,<\/p>\n<p>M\u00e9g ha te \u00fagy is \u00e9rzed:<br \/>\nteljesen bet\u00f6lt a szerelem:<br \/>\nFagy van.<\/p>\n<div class='watch-action'><div class='watch-position align-left'><div class='action-like'><a class='lbg-style1 like-2477 jlk' href='javascript:void(0)' data-task='like' data-post_id='2477' data-nonce='77b65317c5' rel='nofollow'><img class='wti-pixel' src='https:\/\/fedelnelkul.hu\/wp-content\/plugins\/wti-like-post\/images\/pixel.gif' title='Like' \/><span class='lc-2477 lc'>+1<\/span><\/a><\/div><\/div> <div class='status-2477 status align-left'><\/div><\/div><div class='wti-clear'><\/div>","protected":false},"excerpt":{"rendered":"<p>M\u00e9g ha te \u00fagy is \u00e9rzed, teljesen bet\u00f6lt a szerelem: Fagy van. A piciny madarak holtan zuhannak le a f\u00e1k \u00e1gair\u00f3l, az \u00e1llatok be\u00e1ss\u00e1k magukat a h\u00f3 al\u00e1, a t\u00f6bbinek eledelt raknak ki a vad\u0151r\u00f6k. Szem\u00fckig rongyokba bugyol\u00e1lt hajl\u00e9ktalanok meleg\u00edtik magukat reszket\u0151 kuty\u00e1ikkal. Elk\u00e9peszt\u0151 helyeken lelik meg \u0151ket a szoci\u00e1lis munk\u00e1sok. Az utc\u00e1kon diderg\u0151knek, \u00e9s &hellip; <a href=\"https:\/\/fedelnelkul.hu\/en\/2018\/02\/10\/majusi-fagy-2\/\" class=\"more-link\">Continue reading <span class=\"screen-reader-text\">M\u00e1jusi Fagy<\/span><\/a><\/p>\n","protected":false},"author":352,"featured_media":0,"comment_status":"closed","ping_status":"open","sticky":false,"template":"","format":"standard","meta":{"footnotes":""},"categories":[212,10],"tags":[],"class_list":["post-2477","post","type-post","status-publish","format-standard","hentry","category-212","category-vers"],"_links":{"self":[{"href":"https:\/\/fedelnelkul.hu\/en\/wp-json\/wp\/v2\/posts\/2477","targetHints":{"allow":["GET"]}}],"collection":[{"href":"https:\/\/fedelnelkul.hu\/en\/wp-json\/wp\/v2\/posts"}],"about":[{"href":"https:\/\/fedelnelkul.hu\/en\/wp-json\/wp\/v2\/types\/post"}],"author":[{"embeddable":true,"href":"https:\/\/fedelnelkul.hu\/en\/wp-json\/wp\/v2\/users\/352"}],"replies":[{"embeddable":true,"href":"https:\/\/fedelnelkul.hu\/en\/wp-json\/wp\/v2\/comments?post=2477"}],"version-history":[{"count":2,"href":"https:\/\/fedelnelkul.hu\/en\/wp-json\/wp\/v2\/posts\/2477\/revisions"}],"predecessor-version":[{"id":5900,"href":"https:\/\/fedelnelkul.hu\/en\/wp-json\/wp\/v2\/posts\/2477\/revisions\/5900"}],"wp:attachment":[{"href":"https:\/\/fedelnelkul.hu\/en\/wp-json\/wp\/v2\/media?parent=2477"}],"wp:term":[{"taxonomy":"category","embeddable":true,"href":"https:\/\/fedelnelkul.hu\/en\/wp-json\/wp\/v2\/categories?post=2477"},{"taxonomy":"post_tag","embeddable":true,"href":"https:\/\/fedelnelkul.hu\/en\/wp-json\/wp\/v2\/tags?post=2477"}],"curies":[{"name":"wp","href":"https:\/\/api.w.org\/{rel}","templated":true}]}}