{"id":2470,"date":"2018-02-10T20:34:16","date_gmt":"2018-02-10T20:34:16","guid":{"rendered":"http:\/\/fedelnelkul.hu\/2018\/02\/10\/fajdalom-es-humor-beszelgetes-pinter-belaval\/"},"modified":"2019-11-01T19:22:40","modified_gmt":"2019-11-01T18:22:40","slug":"fajdalom-es-humor-beszelgetes-pinter-belaval","status":"publish","type":"post","link":"https:\/\/fedelnelkul.hu\/en\/2018\/02\/10\/fajdalom-es-humor-beszelgetes-pinter-belaval\/","title":{"rendered":"F\u00e1jdalom \u00e9s humor &#8211; Besz\u00e9lget\u00e9s Pint\u00e9r B\u00e9l\u00e1val"},"content":{"rendered":"<p><em>Pint\u00e9r B\u00e9la t\u00e1rsulata nem a rem\u00e9ny sz\u00ednh\u00e1za, sokkal ink\u00e1bb a szenved\u00e9s\u00e9, \u00e9s a f\u00e1jdalom\u00e9. M\u00e1r t\u00f6bb mint tizenhat \u00e9ve j\u00e1tszanak nek\u00fcnk, mostanra m\u00e1r tizenhat darabot tartanak folyamatosan reperto\u00e1ron, \u00e9s mutatnak be est\u00e9r\u0151l est\u00e9re zs\u00fafolt n\u00e9z\u0151t\u00e9r el\u0151tt. Pint\u00e9r B\u00e9la a legpontosabban l\u00e1ttatja, legs\u00falyosabb probl\u00e9m\u00e1inkat, csod\u00e1latosan alkalmazott eszk\u00f6zeivel: k\u00edm\u00e9letlen \u0151szintes\u00e9ggel, zen\u00e9vel, t\u00e1nccal, humorral, l\u00e1tv\u00e1nnyal, mik\u00f6zben sz\u00e1m\u00edt az irgalomra, amit egym\u00e1s ir\u00e1nt \u00e9rezhet\u00fcnk, \u00e9s a v\u00e1gyunkra, hogy v\u00e9g\u00fcl m\u00e9gis szemben\u00e9zz\u00fcnk az igazs\u00e1ggal, \u00e9s adott esetben saj\u00e1t titkainkkal. Mi n\u00e9z\u0151k, pedig hetekre a hat\u00e1sa al\u00e1 ker\u00fcl\u00fcnk, amikor magunkra ismer\u00fcnk egyik, m\u00e1sik szerepl\u0151ben. Ha olyan szerencs\u00e9sek voltunk, hogy nem \u00e9lt\u00fcnk \u00e1t f\u00e1jdalmas \u00e9lm\u00e9nyeket, a hat\u00e1st akkor is \u00e9rezhetj\u00fck, ha kell\u0151 \u00e9rz\u00e9kenys\u00e9ggel figyelj\u00fck.\u00a0\u00a0 Pint\u00e9r B\u00e9l\u00e1val a Szk\u00e9n\u00e9ben besz\u00e9lgett\u00fcnk.<\/em><\/p>\n<p><span style=\"color: #ff0000;\">M\u00e1r gyerekk\u00e9nt is m\u0171v\u00e9sznek k\u00e9sz\u00fclt, esetleg gondolt arra, hogy \u201ePint\u00e9r B\u00e9la\u201d lesz?<\/span><\/p>\n<p>Gyerekkoromban a t\u00f6bbiek mondogatt\u00e1k, hogy lehet valami tehets\u00e9gem, hogy m\u0171v\u00e9sz v\u00e1lhat majd bel\u0151lem, esetleg sz\u00edn\u00e9sz. Ezt re\u00e1lis lehet\u0151s\u00e9gnek \u00e9reztem \u00e9n is. Amikor azonban vil\u00e1goss\u00e1 v\u00e1lt, hogy a re\u00e1ltant\u00e1rgyakb\u00f3l nem vagyok j\u00f3, \u00e9s a gimn\u00e1ziumi tov\u00e1bbtanul\u00e1s sz\u00f3ba sem j\u00f6het, a Simon Ferenc B\u0151ripari Szakk\u00f6z\u00e9piskol\u00e1ba kezdtem j\u00e1rni. A sz\u00edn\u00e9szi p\u00e1lya lehet\u0151s\u00e9ge szertefoszlani l\u00e1tszott. M\u00e9gis sz\u00e1znyolcvan fokos fordulatot vett az \u00e9letem, amikor megtudtam, hogy b\u00e1rki felv\u00e9telizhet itt a Szk\u00e9n\u00e9 sz\u00ednh\u00e1zban, \u00e9s a Somogyi Istv\u00e1n f\u00e9le Arvisur\u00e1ba fel is vettek. Itt azut\u00e1n, nagyon sok\u00e1ig \u201ecsak\u201d j\u00f3 sz\u00edn\u00e9sz szerettem volna lenni.\u00a0 Egy id\u0151 ut\u00e1n megpr\u00f3b\u00e1lkoztam azzal, hogy l\u00e9trehozzak egy saj\u00e1t el\u0151ad\u00e1st, illetve \u00f6sszeh\u00edvtam egy csapatot. Onnant\u00f3l kezdve az volt a c\u00e9lom, hogy t\u00e1rsulatk\u00e9nt m\u0171k\u00f6dj\u00fcnk. Akkor m\u00e9g a dr\u00e1ma\u00edr\u00e1s gondolata nem mer\u00fclt fel, az els\u0151 el\u0151ad\u00e1sunk sokkal ink\u00e1bb performance szer\u0171 akci\u00f3 volt. Majd k\u00e9s\u0151bb, a K\u00f3rh\u00e1z-Bakonyban der\u00fclt ki, kell\u0151en inspir\u00e1l az \u00edr\u00f3i munka, \u00e9s h\u00e1l\u2019 istennek, m\u00e1soknak is \u00f6r\u00f6met okozhat az, amit \u00e9n \u00edrok. Ezut\u00e1n, m\u00e1r csak az volt a c\u00e9lom, hogy ebben a legjobb legyek.<\/p>\n<p><span style=\"color: #ff0000;\">Hogy dolgozik? Mi az, amit el\u0151sz\u00f6r kital\u00e1l a darabjaihoz, a tartalom, vagy a forma?<\/span><\/p>\n<p>\u00c1ltal\u00e1ban a t\u00e9ma az, ami el\u0151sz\u00f6r eszembe jut. Egyetlen kiv\u00e9tel a Parasztopera, amelyben a forma volt a meghat\u00e1roz\u00f3. Arra gondoltam, milyen \u00e9rdekes lenne \u00edrni egy olyan oper\u00e1t, melynek \u00e1ri\u00e1it erd\u00e9lyi n\u00e9pdalok adn\u00e1k. Az, hogy mir\u0151l sz\u00f3ljon, csak k\u00e9s\u0151bb alakult ki. Az esetek kilencven sz\u00e1zal\u00e9k\u00e1ban, azonban a tartalom jelenik meg el\u0151sz\u00f6r a fejemben.<\/p>\n<p><span style=\"color: #ff0000;\">Milyen szerepe van munk\u00e1j\u00e1ban a zen\u00e9nek \u00e9s a mozg\u00e1snak, a t\u00e1ncnak?<\/span><\/p>\n<p>Az unalom ellen v\u00edvott harcban nagyon j\u00f3 fegyver a zene. Van hozz\u00e1 \u00e9rz\u00e9kem, \u00e9n magam is tudok zen\u00e9lni, illetve nagy \u00f6r\u00f6met ad, m\u00e1r a zene kiv\u00e1laszt\u00e1sa is. Seg\u00edt bele\u00e9lni magam a majdani el\u0151ad\u00e1s hangulat\u00e1ba, ha elk\u00e9pzelem, hogy a jelenetek alatt milyen zen\u00e9k fognak sz\u00f3lni. A mozg\u00e1s is adott volt. Minden alkot\u00f3 pr\u00f3b\u00e1l abb\u00f3l dolgozni, amit tud, az \u00e9n esetemben a n\u00e9pt\u00e1nc is ilyen. R\u00e9gebben is j\u00e1tszottam olyan el\u0151ad\u00e1sokban, melyekben t\u00e1ncolni kellett, \u00e9s a k\u00e9s\u0151bbiekben ezt ki is haszn\u00e1ltam, sok el\u0151ad\u00e1somban t\u00e1ncolunk, \u00e9s ha nem is olyan szinten, mint egy profi n\u00e9pt\u00e1ncos, de tal\u00e1n sokkal jobban csin\u00e1ljuk, mint \u00e1ltal\u00e1ban sz\u00ednh\u00e1zban szok\u00e1s.<\/p>\n<p><span style=\"color: #ff0000;\">Amikor t\u00e9m\u00e1t v\u00e1laszt, l\u00e1that\u00f3an nagyon fontos a f\u00e1jdalom \u00e9s a humor.<\/span><\/p>\n<p>Nem felt\u00e9tlen\u00fcl c\u00e9lom, hogy elegy\u00edtsem ezeket a dolgokat, de \u00fagy t\u0171nik ez az \u00e9n st\u00edlusom, ez a mi st\u00edlusunk. Egy adott t\u00e9m\u00e1t szeretn\u00e9k min\u00e9l pontosabban l\u00e1ttatni, szeretn\u00e9m, hogy az adott pillanatban a jelenetnek meglegyen a tragikuma, de \u00f3hatatlanul \u00fagy oldom meg, hogy ellenpontozom valamilyen humoros hat\u00e1ssal. Ez nem tudatos r\u00e9szemr\u0151l, hanem ink\u00e1bb \u00f6szt\u00f6n\u00f6s d\u00f6nt\u00e9s, amelyre magam is mindig r\u00e1csod\u00e1lkozom.<\/p>\n<p><span style=\"color: #ff0000;\">Amikor fel\u00e9p\u00edt egy el\u0151ad\u00e1st, a sz\u00edn\u00e9szeknek enged n\u00e9mi szabads\u00e1got, vagy nagyon szigor\u00faan halad a saj\u00e1t koncepci\u00f3ja ment\u00e9n?<\/span><\/p>\n<p>Otthon meg\u00edrom a jeleneteket, sosem k\u00e9rem a koll\u00e9g\u00e1imat, hogy improviz\u00e1ljanak, de a k\u00e9s\u0151bbiekben a pr\u00f3ba folyam\u00e1n, nemcsak teret engedek nekik, de \u00e9n magam k\u00e9rem, hogy mondj\u00e1k el a v\u00e9lem\u00e9ny\u00fcket a jelenetr\u0151l. Az is el\u0151fordul, hogy ha valakinek j\u00f3 \u00f6tlete t\u00e1mad, k\u00e9s\u0151bb otthon \u00e1t\u00edrom azt a r\u00e9szt. Nem csorbul ez \u00e1ltal az \u00e9n \u00edr\u00f3i amb\u00edci\u00f3m, mert a darabot \u00e9n \u00edrom meg, de esetenk\u00e9nt egy-k\u00e9t j\u00f3 \u00f6tlettel seg\u00edtenek a koll\u00e9g\u00e1im.<\/p>\n<p><span style=\"color: #ff0000;\">Mennyire szigor\u00fa annak a meghat\u00e1roz\u00e1s\u00e1ban, hogy a sz\u00edn\u00e9sz hogyan j\u00e1tsszon el egy szerepet?<\/span><\/p>\n<p>Musz\u00e1j, hogy a rendez\u0151nek hat\u00e1rozott elk\u00e9pzel\u00e9se, v\u00edzi\u00f3ja legyen arr\u00f3l, hogy az adott szerepet, hogy kell elj\u00e1tszani, k\u00fcl\u00f6n\u00f6sen akkor, ha \u0151 a darab \u00edr\u00f3ja is egyben. Mivel az esetek kilencvenvalah\u00e1ny sz\u00e1zal\u00e9k\u00e1ban tudom, hogy ki j\u00e1tssza majd az adott szerepl\u0151t, kv\u00e1zi sokszor a sz\u00edn\u00e9szre \u00edrom a szerepet, ez\u00e9rt ritk\u00e1n k\u00fcl\u00f6nb\u00f6zik az egy\u00e9nis\u00e9ge, att\u00f3l, amilyen alak\u00edt\u00e1st, mint rendez\u0151 k\u00e9rek t\u0151le, de arra is volt m\u00e1r p\u00e9lda, hogy vitatkoztunk egy szerep megform\u00e1l\u00e1s\u00e1n, \u00e9s mivel a koll\u00e9g\u00e1m meg tudott gy\u0151zni, engedtem neki. Sz\u00e1momra nem az a legfontosabb, hogy az \u00e9n elk\u00e9pzel\u00e9sem val\u00f3suljon meg, hanem, hogy j\u00f3 legyen az el\u0151ad\u00e1s.<\/p>\n<p><span style=\"color: #ff0000;\">Hogy v\u00e1laszt t\u00e9m\u00e1t?<\/span><\/p>\n<p>Igaz\u00e1n akkor \u00f6r\u00fcl\u00f6k meg nagyon egy t\u00e9m\u00e1nak, ami eszembe jut, ha \u00e9rzem, hogy sok embert \u00e9rint, sokakat b\u00e1nthat \u00e9s sokan \u00e9ltek m\u00e1r \u00e1t hasonl\u00f3 f\u00e1jdalmat. Mindig az egy\u00e9n probl\u00e9m\u00e1ja a fontos, de nagyon \u00f6r\u00fcl\u00f6k, ha olyasmi jut eszembe, melyben sz\u00e9lesebb spektrumot lehet megmutatni. Az aktu\u00e1lpolitika \u00e9s a t\u00e1rsadalmi t\u00f6rt\u00e9n\u00e9sek is inspir\u00e1lnak. Volt m\u00e1r, hogy felk\u00e9rtek egy t\u00e9m\u00e1ra, de legt\u00f6bbsz\u00f6r elgondolkodom dolgokon, \u00e9s az \u00f6tleteimet, elmes\u00e9lem koll\u00e9g\u00e1knak, els\u0151sorban Enyedi \u00c9vinek, a dramaturgunknak, megbesz\u00e9lj\u00fck, mennyire \u00e9rzi j\u00f3nak, m\u0171k\u00f6d\u0151k\u00e9pesnek. A n\u00e9z\u0151kre nagy hat\u00e1ssal van, ami aktu\u00e1lis, naprak\u00e9sz, ha valami ilyen tekintetben is kort\u00e1rs, ha adott esetben b\u00e1tor, vagy sz\u00f3kimond\u00f3 \u00e9s kell\u0151en \u00e9rz\u00e9keny.<\/p>\n<p><span style=\"color: #ff0000;\">Eddig nem \u00e1ll\u00edtott sz\u00ednpadra m\u00e1sok \u00e1ltal \u00edrt darabot. Ez \u00edgy is marad, vagy v\u00e1ltoz\u00e1st hozhat, hogy a k\u00f6vetkez\u0151 \u00e9vadban rendezni fog a Katon\u00e1ban?<\/span><\/p>\n<p>Eleddig csak saj\u00e1t dr\u00e1m\u00e1t rendeztem, mert nekem ez okoz \u00f6r\u00f6met, ez jelenti a kih\u00edv\u00e1st. A Katon\u00e1val kapcsolatban arra gondoltunk, hogy a t\u00e1rsulat k\u00f6vetkez\u0151 el\u0151ad\u00e1s\u00e1t valamif\u00e9le koprodukci\u00f3ban hozzuk l\u00e9tre, de azt\u00e1n m\u00e1s \u00f6tletem t\u00e1madt. Eszembe jutott egy mot\u00edvum, ami nagyon megtetszett, \u00e9s amir\u0151l m\u00e9g nem szeretn\u00e9k besz\u00e9lni.\u00a0 Puccini: A k\u00f6peny c\u00edm\u0171 oper\u00e1j\u00e1t fogom \u00e1t\u00edrni, de annyira, hogy eg\u00e9szen eredeti lesz, \u00e9s teljesen m\u00e1sr\u00f3l fog sz\u00f3lni, mint Puccini m\u0171ve.<\/p>\n<p><span style=\"color: #ff0000;\">Sz\u00edn\u00e9szk\u00e9nt van, vagy volt szerep\u00e1lma, vagy meg\u00edrja mag\u00e1nak, amire v\u00e1gyik?<\/span><\/p>\n<p>Val\u00f3ban meg\u00edrom, amir\u0151l tudom, hogy sz\u00e9pen meg tudom csin\u00e1lni, ilyen p\u00e9ld\u00e1ul, A s\u00fctem\u00e9nyek kir\u00e1lyn\u0151je c\u00edm\u0171 el\u0151ad\u00e1sban az apaszerep. Vannak szerepek, melyekr\u0151l \u00e9rzem, hogy szerencs\u00e9s, ha \u00e9n j\u00e1tszom, de nem fontos, hogy mindig nagy szerepem legyen, mert az alkot\u00f3i ig\u00e9nyemet maxim\u00e1lisan kiel\u00e9g\u00edti az, ha az \u00e9n el\u0151ad\u00e1som j\u00f3l m\u0171k\u00f6dik.<\/p>\n<p><span style=\"color: #ff0000;\">Melyik a t\u00e1rsulat legsikeresebb el\u0151ad\u00e1sa?<\/span><\/p>\n<p>\u00c9vekig a Parasztoper\u00e1t emlegett\u00e9k legsikeresebbk\u00e9nt, \u00e9s val\u00f3ban \u00f3ri\u00e1si siker volt itthon is, \u00e9s New-Yorkt\u00f3l Moszkv\u00e1ig, k\u00fclf\u00f6ld\u00f6n is. A Titkaink azonban itthon m\u00e1r fel\u00fclm\u00falta a Parasztoper\u00e1t. A Parasztopera k\u00fclf\u00f6ld\u00f6n a zenei anyaga miatt k\u00f6nnyebben gy\u0151zte le a kommunik\u00e1ci\u00f3s neh\u00e9zs\u00e9geket. A Titkaink jobb el\u0151ad\u00e1s, \u00e9s t\u00e9m\u00e1ja miatt itthon nagyon n\u00e9pszer\u0171. (A Titkaink 2014-ben elnyerte a Legjobb el\u0151ad\u00e1s \u00e9s a Legjobb \u00faj magyar dr\u00e1ma d\u00edjat is. a szerk.)<\/p>\n<p>A k\u00e9t \u00e9ve megjelent dr\u00e1mak\u00f6tet\u00e9t is j\u00f3l fogadta a k\u00f6z\u00f6ns\u00e9g. Tervez valami hasonl\u00f3t?<\/p>\n<p>A k\u00f6nyv a kiad\u00f3 \u00f6tlete volt, nekem eszembe sem jutott, \u00e9s olyan j\u00f3l siker\u00fclt, hogy megkaptam r\u00e1 az Artisjus irodalmi nagyd\u00edjat. J\u00f3l is fogyott, m\u00e1r k\u00e9t ut\u00e1nnyom\u00e1st is kellett k\u00e9sz\u00edteni. B\u00fcszke vagyok r\u00e1. K\u00f6nyvet most nem tervezek, de gondolkodom egy Parasztopera CD k\u00e9sz\u00edt\u00e9s\u00e9n.<\/p>\n<p><span style=\"color: #ff0000;\">Hallhattuk \u00fagy nyilatkozni, hogy a t\u00e1rsulat fennmarad\u00e1s\u00e1\u00e9rt v\u00edvott k\u00fczdelemben a min\u0151s\u00e9g a legfontosabb eszk\u00f6ze. Ez most is \u00edgy van?<\/span><\/p>\n<p>Ez alatt a tizenhat \u00e9v alatt egyre-m\u00e1sra, j\u00f3 el\u0151ad\u00e1sok j\u00f6ttek l\u00e9tre, nagyon szomor\u00fa lenne, ha olyan orsz\u00e1gban \u00e9ln\u00e9nk, amelyben ennek nem lenne hat\u00e1sa. Van hat\u00e1sa. \u00d3ri\u00e1si a k\u00f6z\u00f6ns\u00e9g\u00fcnk. A f\u00fcggetlen sz\u00ednh\u00e1zak k\u00f6z\u00fcl mi kapjuk a legt\u00f6bb t\u00e1mogat\u00e1st. S\u0151t, amire nem is gondoltam volna m\u00e9g \u00e9vekkel ezel\u0151tt, hogy m\u00e1ra a saj\u00e1t bev\u00e9tel\u00fcnk, adja az \u00e9ves k\u00f6lts\u00e9gvet\u00e9s\u00fcnk hatvan-hetven sz\u00e1zal\u00e9k\u00e1t, \u00e9s csak a marad\u00e9k harminc-negyven sz\u00e1zal\u00e9k az \u00e1llami t\u00e1mogat\u00e1s. Ami, tudva, l\u00e1tva, tapasztalva, hogy sokszor kisz\u00e1m\u00edthatatlan volt, hogy megkapjuk-e a megp\u00e1ly\u00e1zott \u00e9s elnyert \u00e1llami t\u00e1mogat\u00e1sunkat, nagyon elgondolkodtat\u00f3.<\/p>\n<p><span style=\"color: #ff0000;\">Mennyire tud el\u0151re tervezni?<\/span><\/p>\n<p>Mindig egy \u00e9vre el\u0151re tervezek, ugyanakkor b\u00edzom benne, hogy az el\u0151ad\u00e1saink min\u0151s\u00e9ge nem romlik. Ami k\u00f6nnyebb a fut\u00f3 el\u0151ad\u00e1sainkn\u00e1l, de ami nehezebb, \u00e9s amiben a legink\u00e1bb b\u00edzom, hogy az \u00faj el\u0151ad\u00e1s j\u00f3l siker\u00fclj\u00f6n. \u00c9vek \u00f3ta az a strat\u00e9gi\u00e1m, hogy mindig csak a k\u00f6vetkez\u0151 el\u0151ad\u00e1sra koncentr\u00e1lok, illetve, hogy az aznap esti el\u0151ad\u00e1s megfelel\u0151 min\u0151s\u00e9gben menjen, \u00e9l\u0151 \u00e9s \u00e9rv\u00e9nyes legyen.<\/p>\n<p><span style=\"color: #ff0000;\">Hogy t\u00f6lt\u0151dik fel a mindennapokban? Van ideje pihen\u00e9sre?<\/span><\/p>\n<p>A pihen\u00e9sben n\u00e1lam fontos szerepe van a sportnak, felbiciklizem a H\u00e1rmashat\u00e1r-hegyre, vagy futok a szigeten. Ilyenkor m\u00e1sk\u00e9pp m\u0171k\u00f6dik a szervezetem, kitisztul az agyam, de j\u00f3 esetben a sz\u00ednh\u00e1z is fel tud t\u00f6lteni, mert ez a munka a hivat\u00e1som.<\/p>\n<p>&nbsp;<\/p>\n<div class='watch-action'><div class='watch-position align-left'><div class='action-like'><a class='lbg-style1 like-2470 jlk' href='javascript:void(0)' data-task='like' data-post_id='2470' data-nonce='f48ebca404' rel='nofollow'><img class='wti-pixel' src='https:\/\/fedelnelkul.hu\/wp-content\/plugins\/wti-like-post\/images\/pixel.gif' title='Like' \/><span class='lc-2470 lc'>0<\/span><\/a><\/div><\/div> <div class='status-2470 status align-left'><\/div><\/div><div class='wti-clear'><\/div>","protected":false},"excerpt":{"rendered":"<p>Pint\u00e9r B\u00e9la t\u00e1rsulata nem a rem\u00e9ny sz\u00ednh\u00e1za, sokkal ink\u00e1bb a szenved\u00e9s\u00e9, \u00e9s a f\u00e1jdalom\u00e9. M\u00e1r t\u00f6bb mint tizenhat \u00e9ve j\u00e1tszanak nek\u00fcnk, mostanra m\u00e1r tizenhat darabot tartanak folyamatosan reperto\u00e1ron, \u00e9s mutatnak be est\u00e9r\u0151l est\u00e9re zs\u00fafolt n\u00e9z\u0151t\u00e9r el\u0151tt. Pint\u00e9r B\u00e9la a legpontosabban l\u00e1ttatja, legs\u00falyosabb probl\u00e9m\u00e1inkat, csod\u00e1latosan alkalmazott eszk\u00f6zeivel: k\u00edm\u00e9letlen \u0151szintes\u00e9ggel, zen\u00e9vel, t\u00e1nccal, humorral, l\u00e1tv\u00e1nnyal, mik\u00f6zben sz\u00e1m\u00edt az &hellip; <a href=\"https:\/\/fedelnelkul.hu\/en\/2018\/02\/10\/fajdalom-es-humor-beszelgetes-pinter-belaval\/\" class=\"more-link\">Continue reading <span class=\"screen-reader-text\">F\u00e1jdalom \u00e9s humor &#8211; Besz\u00e9lget\u00e9s Pint\u00e9r B\u00e9l\u00e1val<\/span><\/a><\/p>\n","protected":false},"author":125,"featured_media":0,"comment_status":"closed","ping_status":"open","sticky":false,"template":"","format":"standard","meta":{"footnotes":""},"categories":[212,8],"tags":[],"class_list":["post-2470","post","type-post","status-publish","format-standard","hentry","category-212","category-interju"],"_links":{"self":[{"href":"https:\/\/fedelnelkul.hu\/en\/wp-json\/wp\/v2\/posts\/2470","targetHints":{"allow":["GET"]}}],"collection":[{"href":"https:\/\/fedelnelkul.hu\/en\/wp-json\/wp\/v2\/posts"}],"about":[{"href":"https:\/\/fedelnelkul.hu\/en\/wp-json\/wp\/v2\/types\/post"}],"author":[{"embeddable":true,"href":"https:\/\/fedelnelkul.hu\/en\/wp-json\/wp\/v2\/users\/125"}],"replies":[{"embeddable":true,"href":"https:\/\/fedelnelkul.hu\/en\/wp-json\/wp\/v2\/comments?post=2470"}],"version-history":[{"count":2,"href":"https:\/\/fedelnelkul.hu\/en\/wp-json\/wp\/v2\/posts\/2470\/revisions"}],"predecessor-version":[{"id":5888,"href":"https:\/\/fedelnelkul.hu\/en\/wp-json\/wp\/v2\/posts\/2470\/revisions\/5888"}],"wp:attachment":[{"href":"https:\/\/fedelnelkul.hu\/en\/wp-json\/wp\/v2\/media?parent=2470"}],"wp:term":[{"taxonomy":"category","embeddable":true,"href":"https:\/\/fedelnelkul.hu\/en\/wp-json\/wp\/v2\/categories?post=2470"},{"taxonomy":"post_tag","embeddable":true,"href":"https:\/\/fedelnelkul.hu\/en\/wp-json\/wp\/v2\/tags?post=2470"}],"curies":[{"name":"wp","href":"https:\/\/api.w.org\/{rel}","templated":true}]}}