{"id":2356,"date":"2018-02-10T20:34:12","date_gmt":"2018-02-10T20:34:12","guid":{"rendered":"http:\/\/fedelnelkul.hu\/2018\/02\/10\/ezustfenyo\/"},"modified":"2018-02-10T20:34:12","modified_gmt":"2018-02-10T20:34:12","slug":"ezustfenyo","status":"publish","type":"post","link":"https:\/\/fedelnelkul.hu\/en\/2018\/02\/10\/ezustfenyo\/","title":{"rendered":"Ez\u00fcstfeny\u0151"},"content":{"rendered":"<p>\nAz \u00f6reged\u0151 alkony kis f\u00e9nyeket gy\u00fajtott az apr\u00f3 ablakok m\u00f6g\u00f6tt. A lesz\u00e1ll\u00f3 s\u0171r\u0171 k\u00f6d sietve foltozgatta a harangsz\u00f3 \u00e1ltal \u00fct\u00f6tt r\u00e9seket a sz\u00fcrk\u00e9n gomolyg\u00f3 f\u00e1tyol\u00e1n, aminek nem volt se eleje, se v\u00e9ge. A kert lombhullat\u00f3 gy\u00fcm\u00f6lcsf\u00e1i n\u00e9m\u00e1n \u00e1llt\u00e1k k\u00f6rbe a t\u0171level\u0171 ez\u00fcstfeny\u0151t, aki mindig z\u00f6ld volt \u00e9s \u00e9szrev\u00e9tlen\u00fcl cser\u00e9lte ki a leveleit. A kert f\u00f6l\u00e9 magasodva sem tudta a k\u00f6d\u00f6t maga al\u00e1 gy\u0171rni. Igaz\u00e1b\u00f3l nem is sz\u00e1molt az \u00e9veket, sok november volt m\u00e1r m\u00f6g\u00f6tte.<br \/>\nIsmerte j\u00f3l az \u00e9vszakokat, nem vitatkozott a k\u00f6ddel sem. Tudta j\u00f3l, hogyha lesz\u00e1ll, \u00fagy se lehet vele mit kezdeni. \u00c1ld\u00e1s volt, ha november k\u00f6zep\u00e9n a nap \u00e1t tudta t\u00f6rni a sugaraival a nyirkos mes\u00e9ket rejt\u0151 sz\u00fcrke f\u00e1tyol\u00e1t.<br \/>\nMost viszont az est l\u00e9pcs\u0151fokaira k\u00f6ny\u00f6k\u00f6lve \u00e9s uralkodva mindenek felett v\u00e1rta t\u00fcrelmesen az \u00e9jszak\u00e1t. A temet\u0151 fel\u00f6l kuviks\u00edr\u00e1st lehetett hallani. A torony\u00f3ra \u00fajra \u00fct\u00f6tt egynegyedet. Az aludni k\u00e9sz\u00fcl\u0151 rig\u00f3k m\u00e9g k\u00f6zelebb h\u00faz\u00f3dtak a s\u0171r\u0171 \u00e1gakkal v\u00e9dett gyantaillat\u00fa feny\u0151 t\u00f6rzs\u00e9hez, ami sz\u00e9l\u00e1rny\u00e9kot \u00e9s oltalmat adva azt suttogta, hogy aludjatok! A kert v\u00e9g\u00e9ben \u00f6sszehalmozott levelek \u00e1lmodtak a ny\u00e1rr\u00f3l, a di\u00f3f\u00e1r\u00f3l m\u00e1r r\u00e9gen elvitt\u00e9k az utols\u00f3 di\u00f3kat a vajak. A szomsz\u00e9dban kutya vakkantott, mert megj\u00f6tt a gazda.<br \/>\nAludjatok! &#8211; s\u00fagta a k\u00f6dben \u0151rt \u00e1ll\u00f3 feny\u0151 az \u00e9jszak\u00e1ba ny\u00fal\u00f3 est csendj\u00e9ben. &#8211; Ez az \u00e9let rendje, a december m\u00e9g kem\u00e9nyebb lesz \u00e9s feh\u00e9r. &#8211; Hallgassatok r\u00e1m, mert \u00e9n vagyok a legtapasztaltabb. Gy\u0171jts\u00e9tek az er\u0151t, hogy majd tavasszal \u00faj, er\u0151s hajt\u00e1sokat tudjatok nevelni, amikor majd \u00fajra mad\u00e1rdalt\u00f3l lesz hangos a kert.<br \/>\nAz \u00e9jszaka kezdte eloltogatni a gy\u00f6ngyszem\u0171 kis l\u00e1mp\u00e1sait, a feh\u00e9r csipkef\u00fcgg\u00f6ny\u00f6s, ez\u00fcsttel bevont ablakai m\u00f6g\u00f6tt. \u00dajra \u00fct\u00f6tt az \u00f3ra \u00e9s a k\u00f6d m\u00e9g s\u0171r\u0171bb lett. Valahol messze vonat f\u00farta mag\u00e1t el\u0151re, pr\u00fcszk\u00f6lve \u00e9s zakatolva a v\u00e1lt\u00f3n, f\u00fcttyentve a kis \u00e1llom\u00e1s tisztelg\u0151 bakterj\u00e1nak. Az egyik rig\u00f3 \u00e1lm\u00e1ban csippantott egyet. Aludjatok! &#8211; s\u00fagta a feny\u0151 \u00e9s a k\u00f6d beez\u00fcst\u00f6zte a kar\u00e1csonyt v\u00e1r\u00f3 gondolat\u00e1t.<br \/>\nAludjatok! &#8211; \u00e9s a k\u00e9pzelet csillagsz\u00f3r\u00f3it kezdte mag\u00e1ra aggatni az \u00f6reg feny\u0151 &#8211; a kis gyerty\u00e1k mell\u00e9, amik megvil\u00e1g\u00edtott\u00e1k a sz\u00ednes szaloncukrokat.<br \/>\nHallotta a kar\u00e1csonyesti harangsz\u00f3t, ami a szeretetb\u0151l font tavaszv\u00e1r\u00f3 hitet \u00e9s rem\u00e9nyt, a b\u00e9k\u00e9s \u00faj esztend\u0151t v\u00e1r\u00f3, alv\u00f3 kert f\u00f6l\u00e9.. <br \/>\nAludjatok! <\/p>\n<div class='watch-action'><div class='watch-position align-left'><div class='action-like'><a class='lbg-style1 like-2356 jlk' href='javascript:void(0)' data-task='like' data-post_id='2356' data-nonce='0fc93b1003' rel='nofollow'><img class='wti-pixel' src='https:\/\/fedelnelkul.hu\/wp-content\/plugins\/wti-like-post\/images\/pixel.gif' title='Like' \/><span class='lc-2356 lc'>0<\/span><\/a><\/div><\/div> <div class='status-2356 status align-left'><\/div><\/div><div class='wti-clear'><\/div>","protected":false},"excerpt":{"rendered":"<p>Az \u00f6reged\u0151 alkony kis f\u00e9nyeket gy\u00fajtott az apr\u00f3 ablakok m\u00f6g\u00f6tt. A lesz\u00e1ll\u00f3 s\u0171r\u0171 k\u00f6d sietve foltozgatta a harangsz\u00f3 \u00e1ltal \u00fct\u00f6tt r\u00e9seket a sz\u00fcrk\u00e9n gomolyg\u00f3 f\u00e1tyol\u00e1n, aminek nem volt se eleje, se v\u00e9ge. A kert lombhullat\u00f3 gy\u00fcm\u00f6lcsf\u00e1i n\u00e9m\u00e1n \u00e1llt\u00e1k k\u00f6rbe a t\u0171level\u0171 ez\u00fcstfeny\u0151t, aki mindig z\u00f6ld volt \u00e9s \u00e9szrev\u00e9tlen\u00fcl cser\u00e9lte ki a leveleit. A kert f\u00f6l\u00e9 &hellip; <a href=\"https:\/\/fedelnelkul.hu\/en\/2018\/02\/10\/ezustfenyo\/\" class=\"more-link\">Continue reading <span class=\"screen-reader-text\">Ez\u00fcstfeny\u0151<\/span><\/a><\/p>\n","protected":false},"author":344,"featured_media":0,"comment_status":"closed","ping_status":"open","sticky":false,"template":"","format":"standard","meta":{"footnotes":""},"categories":[202,9],"tags":[],"class_list":["post-2356","post","type-post","status-publish","format-standard","hentry","category-202","category-szepproza"],"_links":{"self":[{"href":"https:\/\/fedelnelkul.hu\/en\/wp-json\/wp\/v2\/posts\/2356","targetHints":{"allow":["GET"]}}],"collection":[{"href":"https:\/\/fedelnelkul.hu\/en\/wp-json\/wp\/v2\/posts"}],"about":[{"href":"https:\/\/fedelnelkul.hu\/en\/wp-json\/wp\/v2\/types\/post"}],"author":[{"embeddable":true,"href":"https:\/\/fedelnelkul.hu\/en\/wp-json\/wp\/v2\/users\/344"}],"replies":[{"embeddable":true,"href":"https:\/\/fedelnelkul.hu\/en\/wp-json\/wp\/v2\/comments?post=2356"}],"version-history":[{"count":0,"href":"https:\/\/fedelnelkul.hu\/en\/wp-json\/wp\/v2\/posts\/2356\/revisions"}],"wp:attachment":[{"href":"https:\/\/fedelnelkul.hu\/en\/wp-json\/wp\/v2\/media?parent=2356"}],"wp:term":[{"taxonomy":"category","embeddable":true,"href":"https:\/\/fedelnelkul.hu\/en\/wp-json\/wp\/v2\/categories?post=2356"},{"taxonomy":"post_tag","embeddable":true,"href":"https:\/\/fedelnelkul.hu\/en\/wp-json\/wp\/v2\/tags?post=2356"}],"curies":[{"name":"wp","href":"https:\/\/api.w.org\/{rel}","templated":true}]}}