{"id":2355,"date":"2018-02-10T20:34:12","date_gmt":"2018-02-10T20:34:12","guid":{"rendered":"http:\/\/fedelnelkul.hu\/2018\/02\/10\/karacsony-havaban\/"},"modified":"2018-02-10T20:34:12","modified_gmt":"2018-02-10T20:34:12","slug":"karacsony-havaban","status":"publish","type":"post","link":"https:\/\/fedelnelkul.hu\/en\/2018\/02\/10\/karacsony-havaban\/","title":{"rendered":"Kar\u00e1csony hav\u00e1ban"},"content":{"rendered":"<p>\nTudunk r\u00f3la, de m\u00e1s szembes\u00fclni v\u00e9le. El\u0151z\u0151 h\u00e9t szombati napj\u00e1ra virrad\u00f3an egy k\u00f6z\u00e9pkor\u00fa hajl\u00e9ktalan f\u00e9rfi lelte a hal\u00e1l\u00e1t&#8230;, kih\u0171l\u00e9s\u00e9t k\u00f6vet\u0151en az utc\u00e1nkban.<\/p>\n<p>A metr\u00f3 bej\u00e1rat\u00e1t\u00f3l a huzat a l\u00e9pcs\u0151kig sodor n\u00e9h\u00e1ny narancss\u00e1rga sz\u00edn\u0171 sz\u00f3r\u00f3lapot. Egy kartonpap\u00edron \u00fcld\u00f6g\u00e9l a f\u00e9rfi, diderg\u0151n \u00f6sszeh\u00fazza mag\u00e1t. \u00c9jszaka ellopt\u00e1k egyik p\u00e1r bakancs\u00e1t, Mez\u00edtl\u00e1b, miut\u00e1n a piszkos zoknijait eldobta p\u00e1r napja, \u00fcl az alulj\u00e1r\u00f3 fal\u00e1nak vetv\u00e9n a h\u00e1t\u00e1t. Jobb h\u00edj\u00e1n, mintha csak egy egy sz\u00ednes filmet n\u00e9zne, n\u00e9zi az el\u0151tte elhalad\u00f3 embereket. T\u00fcnde, a kicsi n\u0151, ki szint\u00e9n itt tany\u00e1zik vagy h\u00e1rom h\u00f3napja, egy h\u00faskonzervet adott n\u00e9ki, a fel\u00e9t, a t\u00f6bbit a n\u0151 ette meg. T\u00fcnd\u00e9nek k\u00fcl\u00f6nben h\u00e1rom elv\u00e9gzett egyetemi \u00e9ve is van. K\u00f6zleked\u00e9sm\u00e9rn\u00f6ki karra j\u00e1rt, majd a drog \u00e9s az ital ok\u00e1n elzavart\u00e1k otthonr\u00f3l \u00e9s abbahagyta az egyetemet. A f\u00e9rfi borost\u00e1s \u00e1ll\u00e1t d\u00f6rg\u00f6li, majd flakonos bor\u00e1ba kortyol, er\u0151sen t\u00f6ri a fej\u00e9t egy esetleges megold\u00e1son. \u00cdgy Mindenki Szentest\u00e9re k\u00e9sz\u00fclv\u00e9n a v\u00e1rosban, sehol nem k\u00e9pes egy p\u00e1r cip\u0151t szerezni. N\u00e9zi a l\u00e1bfejeit, piszkos \u00e9s n\u00e9hol \u00fcszk\u00f6s sebek levedzenek. Nem t\u00f6r\u0151dik v\u00e9le, orvoshoz nem megy. Szabad polg\u00e1r, \u00e9lete-hal\u00e1la az \u0151 kez\u00e9ben van. L\u00e1bujjai k\u00f6ztes mer\u0151 seb, enyhe \u00e9rint\u00e9sre ragyog\u00f3-sziporka f\u00e1jdalmat sz\u00fcks\u00e9ges elviselnie. T\u00fcnde t\u0171nik fel a metr\u00f3 bej\u00e1rat\u00e1n\u00e1l. Sz\u00e9p kis n\u0151, k\u00e1r \u00e9rte mint \u00f6nmag\u00e1\u00e9rt is v\u00e9li a f\u00e9rfi. Jobb l\u00e1b\u00e1ra bakancs h\u00edj\u00e1n rekl\u00e1mszatyrot h\u00faz, majd megk\u00f6ti azt a keze \u00fcgy\u00e9be keveredett sz\u00ednes madzaggal. P\u00e1r sz\u00f3t v\u00e1lt a n\u0151vel, egy \u0151sleletnek sz\u00e1m\u00edt\u00f3 \u00fajs\u00e1ggal a l\u00e9pcs\u0151lej\u00e1rathoz indul. K\u00e9t \u00f3ra eltelt\u00e9vel 50 Ft-ra taks\u00e1l anyagi helyzete, azt is egy fiatal f\u00e9rfit\u0151l kapta. Igen, el van keseredve, egyet tud biztosan: ott lesz \u00e9s r\u00e9szt vesz az \u00e9jf\u00e9li mis\u00e9n a k\u00f6zeli templomban. A faln\u00e1l \u00fcld\u00f6g\u00e9l ism\u00e9t a kartonpap\u00edron, \u00e9s sokszorosan \u00e9rzi az alulj\u00e1r\u00f3 hideg\u00e9t. A t\u00e9rkijelz\u0151n -1 fok van. <br \/>\nK\u00e9t k\u00f6z\u00e9pkor\u00fa f\u00e9rfi l\u00e9p hozz\u00e1, szoci\u00e1lis munk\u00e1sok. Egy sz\u00e1ll\u00f3ra invit\u00e1lj\u00e1k, \u0151 mindenre nemet mond. F\u00e9l \u00f3ra eltelt\u00e9vel a k\u00e9t f\u00e9rfi elk\u00f6sz\u00f6n. K\u00f6nny\u0171 l\u00e9pteikkel elt\u0171nnek az alulj\u00e1r\u00f3ban. Egy sz\u00e1l cigarett\u00e1ja van, a legolcs\u00f3bb szivarka. A nikotin j\u00f3les\u0151 \u00e9rzettel t\u00f6lti el a f\u00e9rfit. A k\u00e9t nagytermet\u0171 rend\u0151rj\u00e1r\u0151rt csak akkor veszi \u00e9szre, amint r\u00e1k\u00f6sz\u00f6nnek. Az iratai rendben. A kicsit alacsonyabb t\u00f6rzs v\u00e9g\u00fcl is a ment\u0151ket h\u00edvja hozz\u00e1. T\u00f6bbet nem sz\u00f3lnak hozz\u00e1, v\u00e1rakoznak mellette. Az elsiet\u0151 v\u00e1roslak\u00f3k nagykab\u00e1tjaikr\u00f3l friss feh\u00e9r h\u00f3 hull a k\u0151re, tov\u00e1bb f\u00fajja a sz\u00e9l, az eg\u00e9sz olyan t\u00e1n, mint egy r\u00f6pke t\u00e1nc. Ezek szerint havazik, v\u00e9li a f\u00e9rfi. <br \/>\nMeg\u00e9rkeznek a ment\u0151s\u00f6k, mintha egy exit el\u0151tti beteghez \u00e9rkezn\u00e9nek. Az egyik ment\u0151s v\u00e9rnyom\u00e1st m\u00e9r, cukorszintet. Mikl\u00f3s \u00e9vek \u00f3ta cukorbeteg \u00e9s nem szed gy\u00f3gyszert. A cukorszintje 15.6, mondhatni j\u00f3val t\u00f6bb, mint sok. A ment\u0151s t\u00e9r\u00fcl-fordul, meleg\u00edt\u0151 zs\u00e1ktakar\u00f3t hoz. Mikl\u00f3s t\u00e9tov\u00e1n fel\u00e1ll. <br \/>\n&#8211; Viszontl\u00e1t\u00e1sra! &#8211; s elindul. <br \/>\nEr\u0151szakkal nem tarthatj\u00e1k \u0151t vissza, nem &#8211; vagy m\u00e9gis?! Nem k\u00f6vetett el semmif\u00e9le b\u0171nt, ez az \u00e9lete. Friss havat tapos, minden l\u00e9pt\u00e9vel felzizeg a jobb l\u00e1b\u00e1n a m\u0171anyag szatyor. Esteledik, majd \u00e9jszaka. A h\u00f3felh\u0151k felett t\u00e1n \u00e9lesebben ragyoghatnak a csillagok. A templom el\u0151ter\u00e9ben \u00e1ll \u00e9s didereg, v\u00e1szonkab\u00e1tj\u00e1t \u00e1lla alatt \u00f6sszeh\u00fazza. A &#8222;Dics\u0151s\u00e9g a magasban&#8221; im\u00e1t mormolja \u00fajra \u00e9s \u00fajra. Kicsit megsz\u00e9d\u00fcl, ismer\u0151s \u00e9rz\u00e9s ez, a v\u00e9rcukorszintje kritikusan leesett. Zseb\u00e9ben kotor\u00e1sz. Egy kicsiny marcip\u00e1n angyalka, feh\u00e9rsz\u00edn sz\u00e1rnyakkal, kezeiben r\u00e9zsz\u00edn k\u00fcrttel. T\u00fcnd\u00e9t\u0151l kapta, igen, kar\u00e1csony napja van. R\u00e1gja \u00e9s nyeli, ajk\u00e1n is \u00e9rz\u0151dik a marcip\u00e1n \u00edz, kicsit jobban lesz. Egy id\u0151sebb n\u00e9ni megtorpanv\u00e1n \u0151t figyeli:<br \/>\n&#8211; Ha nem s\u00e9rtem meg, el tetszik fogadni? &#8211; Kisebb r\u00fad m\u00e1kos bejglit ad, a f\u00e9rfi kiss\u00e9 megk\u00f6nnyezi az eg\u00e9szet. <br \/>\nA pap szavai alig hallatszanak ki az el\u0151t\u00e9rbe, majd zsolt\u00e1rokat \u00e9nekelnek sorra. V\u00e9g\u00fcl a r\u00f6pke csendben kil\u00e9p a templomb\u00f3l. T\u00edz centis h\u00f3 esett. \u00dagy szeretne kicsit boldog lenni, mint az egykori Szenteste any\u00e1\u00e9kkal. <br \/>\nEgy m\u00e9csest gy\u00fajt, a templom el\u0151tti d\u00edszk\u00fat el\u00e9 teszi. Sorra j\u00f6nnek a h\u00edvek az \u00e9jf\u00e9li mise v\u00e9gezt\u00e9vel. Egy id\u0151sebb h\u00e1zasp\u00e1r meg\u00e1ll mellette. A f\u00e9rfi egy Bibli\u00e1t ad n\u00e9ki. <br \/>\n&#8211; Boldog kar\u00e1csonyt k\u00edv\u00e1nok!<br \/>\nA f\u00e9rfi &#8211; minden bizonnyal a &#8211; feles\u00e9ge egy pap\u00edr ezrest tesz a kab\u00e1tja zseb\u00e9be. Ki\u00fcr\u00fcl a templom el\u0151tt t\u00e9r, \u0151 marad egyed\u00fcl. El\u0151tte a m\u00e9cses pici l\u00e1ngja vil\u00e1gol. <br \/>\nHov\u00e1 is mehetne, oda hol egy kartonpap\u00edr v\u00e1rja?! Mindk\u00e9t l\u00e1bfeje, mintha ezer \u00e9s ezer \u00e9les t\u0171vel lenne szurk\u00e1lva. A bejgli fel\u00e9t, amit kapott, elviszi T\u00fcnd\u00e9nek. Indulnia is k\u00e9ne, \u00e9s kegyetlen\u00fcl f\u00e1zik. <br \/>\nNem tudja, mi lesz v\u00e9le, de \u00fajs\u00e1gh\u00edrben nem fog megjelenni! Igenis, \u0151 t\u00fal\u00e9li a szeg\u00e9nys\u00e9get, igen \u0151 t\u00fal\u00e9li a nagyv\u00e1ros hideg tel\u00e9t! A m\u00e9csest n\u00e9zi, nem szeretne s\u00edrni, m\u00e9gis g\u00f6rd\u00fclnek arca szeglet\u00e9na k\u00f6v\u00e9r k\u00f6nnycseppek, \u00fajra \u00e9s \u00fajra. A kicsiny m\u00e9csl\u00e1ngot elf\u00fajja a sz\u00e9l, a s\u00f6t\u00e9tben mag\u00e1ra marad. <\/p>\n<div class='watch-action'><div class='watch-position align-left'><div class='action-like'><a class='lbg-style1 like-2355 jlk' href='javascript:void(0)' data-task='like' data-post_id='2355' data-nonce='0fc93b1003' rel='nofollow'><img class='wti-pixel' src='https:\/\/fedelnelkul.hu\/wp-content\/plugins\/wti-like-post\/images\/pixel.gif' title='Like' \/><span class='lc-2355 lc'>0<\/span><\/a><\/div><\/div> <div class='status-2355 status align-left'><\/div><\/div><div class='wti-clear'><\/div>","protected":false},"excerpt":{"rendered":"<p>Tudunk r\u00f3la, de m\u00e1s szembes\u00fclni v\u00e9le. El\u0151z\u0151 h\u00e9t szombati napj\u00e1ra virrad\u00f3an egy k\u00f6z\u00e9pkor\u00fa hajl\u00e9ktalan f\u00e9rfi lelte a hal\u00e1l\u00e1t&#8230;, kih\u0171l\u00e9s\u00e9t k\u00f6vet\u0151en az utc\u00e1nkban. A metr\u00f3 bej\u00e1rat\u00e1t\u00f3l a huzat a l\u00e9pcs\u0151kig sodor n\u00e9h\u00e1ny narancss\u00e1rga sz\u00edn\u0171 sz\u00f3r\u00f3lapot. Egy kartonpap\u00edron \u00fcld\u00f6g\u00e9l a f\u00e9rfi, diderg\u0151n \u00f6sszeh\u00fazza mag\u00e1t. \u00c9jszaka ellopt\u00e1k egyik p\u00e1r bakancs\u00e1t, Mez\u00edtl\u00e1b, miut\u00e1n a piszkos zoknijait eldobta p\u00e1r napja, &hellip; <a href=\"https:\/\/fedelnelkul.hu\/en\/2018\/02\/10\/karacsony-havaban\/\" class=\"more-link\">Continue reading <span class=\"screen-reader-text\">Kar\u00e1csony hav\u00e1ban<\/span><\/a><\/p>\n","protected":false},"author":257,"featured_media":0,"comment_status":"closed","ping_status":"open","sticky":false,"template":"","format":"standard","meta":{"footnotes":""},"categories":[202,9],"tags":[],"class_list":["post-2355","post","type-post","status-publish","format-standard","hentry","category-202","category-szepproza"],"_links":{"self":[{"href":"https:\/\/fedelnelkul.hu\/en\/wp-json\/wp\/v2\/posts\/2355","targetHints":{"allow":["GET"]}}],"collection":[{"href":"https:\/\/fedelnelkul.hu\/en\/wp-json\/wp\/v2\/posts"}],"about":[{"href":"https:\/\/fedelnelkul.hu\/en\/wp-json\/wp\/v2\/types\/post"}],"author":[{"embeddable":true,"href":"https:\/\/fedelnelkul.hu\/en\/wp-json\/wp\/v2\/users\/257"}],"replies":[{"embeddable":true,"href":"https:\/\/fedelnelkul.hu\/en\/wp-json\/wp\/v2\/comments?post=2355"}],"version-history":[{"count":0,"href":"https:\/\/fedelnelkul.hu\/en\/wp-json\/wp\/v2\/posts\/2355\/revisions"}],"wp:attachment":[{"href":"https:\/\/fedelnelkul.hu\/en\/wp-json\/wp\/v2\/media?parent=2355"}],"wp:term":[{"taxonomy":"category","embeddable":true,"href":"https:\/\/fedelnelkul.hu\/en\/wp-json\/wp\/v2\/categories?post=2355"},{"taxonomy":"post_tag","embeddable":true,"href":"https:\/\/fedelnelkul.hu\/en\/wp-json\/wp\/v2\/tags?post=2355"}],"curies":[{"name":"wp","href":"https:\/\/api.w.org\/{rel}","templated":true}]}}