{"id":2329,"date":"2018-02-10T20:34:11","date_gmt":"2018-02-10T20:34:11","guid":{"rendered":"http:\/\/fedelnelkul.hu\/2018\/02\/10\/magamra-hagytam-magamat\/"},"modified":"2018-02-10T20:34:11","modified_gmt":"2018-02-10T20:34:11","slug":"magamra-hagytam-magamat","status":"publish","type":"post","link":"https:\/\/fedelnelkul.hu\/en\/2018\/02\/10\/magamra-hagytam-magamat\/","title":{"rendered":"Magamra hagytam magamat"},"content":{"rendered":"<div align=\"left\">\n<font size=\"2\"><br \/>\nmagamra <\/font><br \/>\n<font size=\"2\">hagytam<\/font><br \/>\n<font size=\"2\">magamat<\/font><\/p>\n<p><font size=\"2\">bent magamban<\/font><br \/>\n<font size=\"2\">benned vagy<\/font><br \/>\n<font size=\"2\">benne vagy m\u00e1sban<\/font><\/p>\n<p><font size=\"2\">nagy n\u00e9ha<\/font><br \/>\n<font size=\"2\">n\u00e9melyekben<\/font><br \/>\n<font size=\"2\">k\u00e9z vagy l\u00e1b<\/font><br \/>\n<font size=\"2\">nyomomat<\/font><\/p>\n<p><font size=\"2\">hagyva ott mint<\/font><br \/>\n<font size=\"2\">gombot s el<\/font><br \/>\n<font size=\"2\">hozva n\u00e9h\u00e1ny<\/font><br \/>\n<font size=\"2\">gondj\u00e1t onnan<\/font><br \/>\n<font size=\"2\">sokallva-kevesellve<\/font><br \/>\n<font size=\"2\">ezt \u00edgy amazt<\/font><\/p>\n<p><font size=\"2\">\u00fagy nyomban<\/font><br \/>\n<font size=\"2\">keresem a t\u00e9ged<\/font><br \/>\n<font size=\"2\">\u00e9s keresem engem<\/font><br \/>\n<font size=\"2\">egy helyet<\/font><\/p>\n<p><font size=\"2\">neki nektek<\/font><br \/>\n<font size=\"2\">neked \u00e9s nekem<\/font><br \/>\n<font size=\"2\">rakom reggel<\/font><\/p>\n<p><font size=\"2\">pihenve d\u00e9lben<\/font><br \/>\n<font size=\"2\">folytatva k\u00e9s\u0151bb<\/font><br \/>\n<font size=\"2\">szieszta ut\u00e1n<\/font><br \/>\n<font size=\"2\">elheny\u00e9lve<\/font><br \/>\n<font size=\"2\">este meg m\u00e1r<\/font><br \/>\n<font size=\"2\">bontogatva <\/font><\/p>\n<p><font size=\"2\">falam falad falaink<\/font><\/p>\n<p>\n<font size=\"2\">2014 szeptember2. d\u00edj<\/font>\n<\/div>\n<div class='watch-action'><div class='watch-position align-left'><div class='action-like'><a class='lbg-style1 like-2329 jlk' href='javascript:void(0)' data-task='like' data-post_id='2329' data-nonce='3fb9406b72' rel='nofollow'><img class='wti-pixel' src='https:\/\/fedelnelkul.hu\/wp-content\/plugins\/wti-like-post\/images\/pixel.gif' title='Like' \/><span class='lc-2329 lc'>0<\/span><\/a><\/div><\/div> <div class='status-2329 status align-left'><\/div><\/div><div class='wti-clear'><\/div>","protected":false},"excerpt":{"rendered":"<p>magamra hagytam magamat bent magamban benned vagy benne vagy m\u00e1sban nagy n\u00e9ha n\u00e9melyekben k\u00e9z vagy l\u00e1b nyomomat hagyva ott mint gombot s el hozva n\u00e9h\u00e1ny gondj\u00e1t onnan sokallva-kevesellve ezt \u00edgy amazt \u00fagy nyomban keresem a t\u00e9ged \u00e9s keresem engem egy helyet neki nektek neked \u00e9s nekem rakom reggel pihenve d\u00e9lben folytatva k\u00e9s\u0151bb szieszta ut\u00e1n elheny\u00e9lve &hellip; <a href=\"https:\/\/fedelnelkul.hu\/en\/2018\/02\/10\/magamra-hagytam-magamat\/\" class=\"more-link\">Continue reading <span class=\"screen-reader-text\">Magamra hagytam magamat<\/span><\/a><\/p>\n","protected":false},"author":96,"featured_media":0,"comment_status":"closed","ping_status":"open","sticky":false,"template":"","format":"standard","meta":{"footnotes":""},"categories":[199,10],"tags":[],"class_list":["post-2329","post","type-post","status-publish","format-standard","hentry","category-199","category-vers"],"_links":{"self":[{"href":"https:\/\/fedelnelkul.hu\/en\/wp-json\/wp\/v2\/posts\/2329","targetHints":{"allow":["GET"]}}],"collection":[{"href":"https:\/\/fedelnelkul.hu\/en\/wp-json\/wp\/v2\/posts"}],"about":[{"href":"https:\/\/fedelnelkul.hu\/en\/wp-json\/wp\/v2\/types\/post"}],"author":[{"embeddable":true,"href":"https:\/\/fedelnelkul.hu\/en\/wp-json\/wp\/v2\/users\/96"}],"replies":[{"embeddable":true,"href":"https:\/\/fedelnelkul.hu\/en\/wp-json\/wp\/v2\/comments?post=2329"}],"version-history":[{"count":0,"href":"https:\/\/fedelnelkul.hu\/en\/wp-json\/wp\/v2\/posts\/2329\/revisions"}],"wp:attachment":[{"href":"https:\/\/fedelnelkul.hu\/en\/wp-json\/wp\/v2\/media?parent=2329"}],"wp:term":[{"taxonomy":"category","embeddable":true,"href":"https:\/\/fedelnelkul.hu\/en\/wp-json\/wp\/v2\/categories?post=2329"},{"taxonomy":"post_tag","embeddable":true,"href":"https:\/\/fedelnelkul.hu\/en\/wp-json\/wp\/v2\/tags?post=2329"}],"curies":[{"name":"wp","href":"https:\/\/api.w.org\/{rel}","templated":true}]}}