{"id":2295,"date":"2018-02-10T20:34:10","date_gmt":"2018-02-10T20:34:10","guid":{"rendered":"http:\/\/fedelnelkul.hu\/2018\/02\/10\/miert-nem-indulok-el-2\/"},"modified":"2018-02-10T20:34:10","modified_gmt":"2018-02-10T20:34:10","slug":"miert-nem-indulok-el-2","status":"publish","type":"post","link":"https:\/\/fedelnelkul.hu\/en\/2018\/02\/10\/miert-nem-indulok-el-2\/","title":{"rendered":"Mi\u00e9rt nem indulok el?"},"content":{"rendered":"<div align=\"left\">\n<font size=\"2\">\u00a0\u00a0 <br \/>\nMi\u00e9rt nem indulok el<\/font><br \/>\n<font size=\"2\">\u00a0\u00a0 \u00a0\u00a0\u00a0 \u00a0\u00a0\u00a0 \u00a0Mert s\u00fcketen vakon \u00e9s b\u00e9n\u00e1n<\/font><br \/>\n<font size=\"2\">\u00a0\u00a0 \u00a0\u00a0\u00a0 \u00a0\u00a0\u00a0 \u00a0Tombol bennem az \u00e9lni akar\u00e1s<\/font><br \/>\n<font size=\"2\">\u00a0\u00a0 \u00a0\u00a0\u00a0 \u00a0\u00a0\u00a0 \u00a0De vak szemeimmel nem l\u00e1tom a vir\u00e1gokkal telehintett utat<\/font><br \/>\n<font size=\"2\">\u00a0\u00a0 \u00a0\u00a0\u00a0 \u00a0\u00a0\u00a0 \u00a0S\u00fcket f\u00fcleimmel nem hallom az isteni ig\u00e9z\u0151 zen\u00e9t<\/font><br \/>\n<font size=\"2\">\u00a0\u00a0 \u00a0\u00a0\u00a0 \u00a0\u00a0\u00a0 \u00a0Melyt\u0151l b\u00e9na l\u00e1baim megindulhatn\u00e1nak a <\/font><br \/>\n<font size=\"2\">\u00a0\u00a0 \u00a0\u00a0\u00a0 \u00a0\u00a0\u00a0 \u00a0T\u00f6vis\u00faton s kezeim maguk csin\u00e1lhatn\u00e1k<\/font><br \/>\n<font size=\"2\">\u00a0\u00a0 \u00a0\u00a0\u00a0 \u00a0\u00a0\u00a0\u00a0 A hal\u00e1l zen\u00e9j\u00e9t<\/font>\n<\/div>\n<div class='watch-action'><div class='watch-position align-left'><div class='action-like'><a class='lbg-style1 like-2295 jlk' href='javascript:void(0)' data-task='like' data-post_id='2295' data-nonce='3fb9406b72' rel='nofollow'><img class='wti-pixel' src='https:\/\/fedelnelkul.hu\/wp-content\/plugins\/wti-like-post\/images\/pixel.gif' title='Like' \/><span class='lc-2295 lc'>0<\/span><\/a><\/div><\/div> <div class='status-2295 status align-left'><\/div><\/div><div class='wti-clear'><\/div>","protected":false},"excerpt":{"rendered":"<p>\u00a0\u00a0 Mi\u00e9rt nem indulok el \u00a0\u00a0 \u00a0\u00a0\u00a0 \u00a0\u00a0\u00a0 \u00a0Mert s\u00fcketen vakon \u00e9s b\u00e9n\u00e1n \u00a0\u00a0 \u00a0\u00a0\u00a0 \u00a0\u00a0\u00a0 \u00a0Tombol bennem az \u00e9lni akar\u00e1s \u00a0\u00a0 \u00a0\u00a0\u00a0 \u00a0\u00a0\u00a0 \u00a0De vak szemeimmel nem l\u00e1tom a vir\u00e1gokkal telehintett utat \u00a0\u00a0 \u00a0\u00a0\u00a0 \u00a0\u00a0\u00a0 \u00a0S\u00fcket f\u00fcleimmel nem hallom az isteni ig\u00e9z\u0151 zen\u00e9t \u00a0\u00a0 \u00a0\u00a0\u00a0 \u00a0\u00a0\u00a0 \u00a0Melyt\u0151l b\u00e9na l\u00e1baim megindulhatn\u00e1nak a \u00a0\u00a0 \u00a0\u00a0\u00a0 \u00a0\u00a0\u00a0 &hellip; <a href=\"https:\/\/fedelnelkul.hu\/en\/2018\/02\/10\/miert-nem-indulok-el-2\/\" class=\"more-link\">Continue reading <span class=\"screen-reader-text\">Mi\u00e9rt nem indulok el?<\/span><\/a><\/p>\n","protected":false},"author":279,"featured_media":0,"comment_status":"closed","ping_status":"open","sticky":false,"template":"","format":"standard","meta":{"footnotes":""},"categories":[196,10],"tags":[],"class_list":["post-2295","post","type-post","status-publish","format-standard","hentry","category-196","category-vers"],"_links":{"self":[{"href":"https:\/\/fedelnelkul.hu\/en\/wp-json\/wp\/v2\/posts\/2295","targetHints":{"allow":["GET"]}}],"collection":[{"href":"https:\/\/fedelnelkul.hu\/en\/wp-json\/wp\/v2\/posts"}],"about":[{"href":"https:\/\/fedelnelkul.hu\/en\/wp-json\/wp\/v2\/types\/post"}],"author":[{"embeddable":true,"href":"https:\/\/fedelnelkul.hu\/en\/wp-json\/wp\/v2\/users\/279"}],"replies":[{"embeddable":true,"href":"https:\/\/fedelnelkul.hu\/en\/wp-json\/wp\/v2\/comments?post=2295"}],"version-history":[{"count":0,"href":"https:\/\/fedelnelkul.hu\/en\/wp-json\/wp\/v2\/posts\/2295\/revisions"}],"wp:attachment":[{"href":"https:\/\/fedelnelkul.hu\/en\/wp-json\/wp\/v2\/media?parent=2295"}],"wp:term":[{"taxonomy":"category","embeddable":true,"href":"https:\/\/fedelnelkul.hu\/en\/wp-json\/wp\/v2\/categories?post=2295"},{"taxonomy":"post_tag","embeddable":true,"href":"https:\/\/fedelnelkul.hu\/en\/wp-json\/wp\/v2\/tags?post=2295"}],"curies":[{"name":"wp","href":"https:\/\/api.w.org\/{rel}","templated":true}]}}