{"id":2292,"date":"2018-02-10T20:34:10","date_gmt":"2018-02-10T20:34:10","guid":{"rendered":"http:\/\/fedelnelkul.hu\/2018\/02\/10\/ha-egy-embernek-is-segitettel-mar-csinaltal-valamit-az-eletedben-branyo\/"},"modified":"2018-02-10T20:34:10","modified_gmt":"2018-02-10T20:34:10","slug":"ha-egy-embernek-is-segitettel-mar-csinaltal-valamit-az-eletedben-branyo","status":"publish","type":"post","link":"https:\/\/fedelnelkul.hu\/en\/2018\/02\/10\/ha-egy-embernek-is-segitettel-mar-csinaltal-valamit-az-eletedben-branyo\/","title":{"rendered":"Ha egy embernek is seg\u00edtett\u00e9l, m\u00e1r csin\u00e1lt\u00e1l valamit az \u00e9letedben &#8211; Brany\u00f3"},"content":{"rendered":"<p>\nInterj\u00faalanyom Baranyecz J\u00e1nos, m\u00e1s n\u00e9ven: Brany\u00f3. \u0150 az, akit legt\u00f6bben saj\u00e1t k\u00f6rnyezet\u00e9ben is csak Brany\u00f3k\u00e9nt ismernek, de e becen\u00e9v mindenkinek m\u00e1st jelent. Van, akinek a Brany\u00f3 Experience zenekar frontembere jut esz\u00e9be, vannak, akik a volt v\u00e1logatott bokszol\u00f3ra eml\u00e9kezhetnek, sokan egy TV-sorozat eml\u00e9kezetes szerepl\u0151j\u00e9t ismerik fel benne, \u00e9s van, akinek \u0151 egyszer\u0171en J\u00e1nos b\u00e1&#8217;, akihez b\u00e1rmikor felugorhat, ha \u00fcres a h\u0171t\u0151. <\/p>\n<p>\u00dcdv\u00f6z\u00f6llek Brany\u00f3! Rendhagy\u00f3 a mi interj\u00fank, r\u00e9gi ismer\u0151sk\u00e9nt k\u00f6sz\u00f6ntelek &#8211; hiszen \u00e9vek \u00f3ta aj\u00e1nd\u00e9kba adod git\u00e1rj\u00e1t\u00e9kod a Fed\u00e9l N\u00e9lk\u00fcl k\u00fcl\u00f6nf\u00e9le rendezv\u00e9nyein &#8211;, mik\u00f6zben magam is keveset tudok r\u00f3lad. Zen\u00e9sz vagy, aktivista, a TV-ben k\u00fcl\u00f6nf\u00e9le m\u0171sorokban bukkansz fel id\u0151r\u0151l id\u0151re, emellett verseket \u00edrsz, f\u0151z\u0151m\u0171sort csin\u00e1lt\u00e1l, \u00e9s a szeg\u00e9nys\u00e9g tapasztalati szak\u00e9rt\u0151je k\u00e9pz\u00e9st \u00e9rintettk\u00e9nt v\u00e9gezted el. Hogy \u00e1ll ez \u00f6ssze, h\u00e1ny Brany\u00f3 van?<\/p>\n<p>T\u00e9ny, hogy sok mindent csin\u00e1lok, sok mindenhol megfordultam, hogy \u00fagy mondjam: a pinc\u00e9t\u0151l a padl\u00e1sig ismerek embereket. Szakm\u00e1m is sok van, pap\u00edrral vagy an\u00e9lk\u00fcl. Ap\u00e1m, aki egy nagyon j\u00f3zan gondolkod\u00e1s\u00fa ember volt, annyit k\u00e9rt a fi\u00e1t\u00f3l, \u00e9retts\u00e9gizzek le, \u00e9s legyen egy j\u00f3 vasas szakm\u00e1m, \u00cdgy eredeti szakm\u00e1m szersz\u00e1mk\u00e9sz\u00edt\u0151, de az a p\u00e1lya sosem vonzott. Azt\u00e1n az \u00e9let nagyon sok m\u00e1s ter\u00fcletre elvitt, ifj\u00fas\u00e1gi v\u00e1logatott bokszol\u00f3 voltam &#8211; ap\u00e1m bokszedz\u0151k\u00e9nt is m\u0171k\u00f6d\u00f6tt &#8211;, majd test\u0151rk\u00f6dtem, \u00e9s el\u00e9g komolyan benne voltam az \u00e9jszakai \u00e9letben is. Most pedig a zen\u00e9l\u00e9s &#8211; ebben Radics B\u00e9la git\u00e1rkir\u00e1ly, egyben bar\u00e1tom \u00e9s\u00a0 esk\u00fcv\u0151i tan\u00fam mindig nagy motiv\u00e1ci\u00f3 marad &#8211;, a tanul\u00e1s, a k\u00f6z\u00f6ss\u00e9gszervez\u0151 feladatok foglalnak le, \u00e9s olykor k\u00fcl\u00f6nb\u00f6z\u0151 TV sorozatokba h\u00edvnak szerepelni. Csak mert sok embernek ismer\u0151s lehet, mondom, hogy legut\u00f3bb az \u00c9jjel-Nappal Budapest c. sorozatban j\u00e1tszottam Krist\u00f3f pap\u00e1j\u00e1t.<\/p>\n<p>A szeg\u00e9nys\u00e9g tapasztalati szak\u00e9rt\u0151je k\u00e9pz\u00e9s\u00e9t v\u00e9gezted el a Magyar Szeg\u00e9nys\u00e9gellenes H\u00e1l\u00f3zat szervez\u00e9s\u00e9ben. Milyen \u00e9rintetts\u00e9ged van itt? <\/p>\n<p>Amikor az \u00e9jszakai \u00e9let s\u0171r\u0171j\u00e9ben voltam, test\u0151rk\u00f6dtem, vend\u00e9gl\u00e1t\u00f3ztam, akkor az\u00e9rt el\u00e9g sokszor meg\u00e9gettem magam, majd v\u00e1ltottam. Az egy fordul\u00f3pont volt, azt mondtam, el\u00e9g, nekem ez nem \u00e9ri meg. B\u00e1r akkoriban nagyon j\u00f3l ment, n\u00e9gyszer teremtettem otthont n\u00e9gy h\u00e1zass\u00e1gban, de sajnos n\u00e9gyszer el is v\u00e1ltam. <br \/>\nJ\u00f6tt egy neh\u00e9z id\u0151szak, de egy m\u00e1sik \u00e9rt\u00e9krend is. Tulajdonk\u00e9ppen \u00e9n is otthontalan voltam egy darabig, mert b\u00e1r sosem voltam utc\u00e1n, de f\u00e9l \u00e9v alatt h\u00e9tszer k\u00f6lt\u00f6ztem, Gondold el, b\u00fatorokkal t\u00e9lv\u00edz idej\u00e9n. Bar\u00e1tok fogadtak be sz\u00edvess\u00e9gb\u0151l egy darabig, \u00e9s ki is der\u00fclt, kinek meddig terjedt a bar\u00e1ts\u00e1ga a bajban.<\/p>\n<p>A f\u0151z\u0151m\u0171sorod az olcs\u00f3 men\u00fckh\u00f6z ad tippet &#8211; ez is saj\u00e1t sz\u00fcks\u00e9gb\u0151l sz\u00fcletett \u00f6tlet?<\/p>\n<p>V\u00e9g\u00fcl is igen, \u00e9s r\u00e1j\u00f6ttem, hogy m\u00e1soknak is hasznos lehet. Nagyon sz\u00edvesen folytatn\u00e1m, a TV 13 ad\u00f3n sug\u00e1rozt\u00e1k. Egyik m\u0171soromban vend\u00e9gem volt Delhusa Gjoni, Pap Ferenc az Irigy H\u00f3naljmirigyb\u0151l a bev\u00e1s\u00e1rl\u00e1sba \u00e9s a f\u0151z\u00e9sbe is besz\u00e1llt, sz\u00f3val ismert embereket siker\u00fclt megnyerni az \u00fcgynek, \u00e9s v\u00e9g\u00fcl is mindenkinek sz\u00f3lt. Az\u00e9rt k\u00e9sz\u00edtettem, hogy min\u00e9l sz\u00e9lesebb k\u00f6rben tudjak \u00f6tleteket adni embereknek, hogyan lehet nagyon olcs\u00f3n nagyon norm\u00e1lis \u00e9teleket csin\u00e1lni. Ezer forintb\u00f3l hat f\u0151re eb\u00e9det \u00fagy, hogy j\u00f3t ettek \u00e9s tele lettek. Ez m\u0171v\u00e9szet szerintem. Direkt nagyon szolid k\u00f6r\u00fclm\u00e9nyek k\u00f6z\u00f6tt f\u0151zt\u00fcnk, nem akartunk villogni szakmailag, hanem az volt a c\u00e9l, hogy aki ezt l\u00e1tja, \u00e9s rossz k\u00f6r\u00fclm\u00e9nyek k\u00f6z\u00f6tt \u00e9l, l\u00e1ssa a p\u00e9ld\u00e1t, hogy ezt \u0151 is meg tudn\u00e1 oldani. M\u00e1sr\u00e9szt pedig felh\u00edvja a figyelmet arra, hogy pazarolni b\u0171n &#8211; megfelel\u0151 kreativit\u00e1ssal minden felhaszn\u00e1lhat\u00f3. Akinek valami kis felel\u0151ss\u00e9g \u00e9rzete van, annak nem mindegy, hogy pocs\u00e9kolunk-e, r\u00e1ad\u00e1sul a z\u00f6ld szeml\u00e9let ma m\u00e1r trendi. Amikor a m\u0171sorban megf\u0151zt\u00fcnk, egy munkan\u00e9lk\u00fcli, nagycsal\u00e1dos ismer\u0151s\u00f6m kapta meg az eb\u00e9det a felv\u00e9tel ut\u00e1n.<\/p>\n<p>\u00dagy tudom, most saj\u00e1t szomsz\u00e9djaid k\u00f6z\u00f6tt folytatod a f\u0151z\u00e9st, \u00e9s lak\u00e1sod h\u0171t\u0151je szinte k\u00f6z\u00f6s \u00e9l\u00e9skamra.<\/p>\n<p>Egy \u00f6nkorm\u00e1nyzati lak\u00e1sban \u00e9lek, nagyon sok sz\u0171k\u00f6lk\u00f6d\u0151 embert ismerek. A f\u0151z\u00e9sek ritkultak, de n\u00e1lam h\u00e1rom dolog mindig van otthon: hagyma, zs\u00edr \u00e9s keny\u00e9r. Van egy csom\u00f3 fiatal, aki k\u00e9rdi, hogy Jani b\u00e1csi, van valami kaj\u00e1d? \u00c9s akkor j\u00f6n, \u00e9s egy zs\u00edros kenyeret mindig tud enni. Van egy id\u0151s b\u00e1csi a harmadikon, n\u00e1la taktikusabb vagyok, mindig \u00e9ppen k\u00f6zeli lej\u00e1rat\u00fa \u00e9teleim vannak, vagy t\u00falv\u00e1s\u00e1roltam magam valamib\u0151l, \u00e9s k\u00e9rem, hogy seg\u00edtsen, hogy ne vesszen k\u00e1rba. Vonakodik, de amikor elfogadja a megh\u00edv\u00e1st, f\u00e9l perc m\u00falva nincs semmi a t\u00e1ny\u00e9ron. Ezeket \u00e9szre kell venni, az ember szeg\u00e9nyen v\u00e9di a m\u00e9lt\u00f3s\u00e1g\u00e1t, sokan sz\u00e9gyellik, hogy r\u00e1szorulnak a seg\u00edts\u00e9gre.<\/p>\n<p>Szerinted miben \u00e1ll az igazi seg\u00edts\u00e9g?<\/p>\n<p>Nem a p\u00e9nz a l\u00e9nyeg, azt \u00e9n nem is szoktam adni, hanem hogy \u00e9szrevessz\u00fck-e, hogy a m\u00e1sik n\u00e9lk\u00fcl\u00f6z, kezd\u00fcnk-e ezzel valamit. A f\u0151z\u00e9st, adom\u00e1nygy\u0171jt\u00e9st mindenki meg tudja tenni. Vagy a kapcsolatokat is lehet mozg\u00f3s\u00edtani m\u00e1sok \u00e9rdek\u00e9ben, pl. hallok egy munkalehet\u0151s\u00e9gr\u0151l, ami nekem nem, de egy ismer\u0151s\u00f6mnek j\u00f3 lehet, h\u00e1t megosztom vele. Ilyen apr\u00f3s\u00e1gok. Ha csak egy emberen seg\u00edtett\u00e9l, m\u00e1r csin\u00e1lt\u00e1l valamit az \u00e9letedben. Hal\u00e1lom, amikor valaki &#8222;j\u00f3pofizik&#8221;, t\u00e1volr\u00f3l sajn\u00e1lkozik, de nem tesz semmit. A m\u00e9dia is nagy felel\u0151ss\u00e9g\u0171 ebben. De ha sokan gondolj\u00e1k, hogy nem lehet\u00fcnk k\u00f6z\u00f6mb\u00f6sek, az hat, arra felfigyelnek. Egyszer egy ismer\u0151s\u00f6m csal\u00e1dj\u00e1nak kilakoltat\u00e1sakor h\u00e1rman, k\u00f6zt\u00fck Sebe\u0151k J\u00e1nos bar\u00e1tommal odament\u00fcnk, tiltakoztunk, csak ott \u00e1lltunk az ajt\u00f3 el\u0151tt b\u00e9k\u00e9sen. J\u00f6ttek rend\u0151r\u00f6k, sajt\u00f3, erre odacs\u0151d\u00fclt m\u00e9g vagy k\u00e9tsz\u00e1z ember, eg\u00e9sz napos botr\u00e1ny volt. De meg\u00e9rte v\u00e1llalni. Ehhez azonban oda kell menni, be kell v\u00e1llalni, mert az \u00f6nkorm\u00e1nyzat ezek ut\u00e1n m\u00e1r \u00e9rdekelt volt foglalkozni a csal\u00e1d sors\u00e1val.<\/p>\n<p>Tal\u00e1n az emberek nem is \u00e9rz\u00e9ketlenek m\u00e1sok probl\u00e9m\u00e1i fel\u00e9, hanem \u00e9ppen, mert olyan sokszor szembes\u00fclnek a szeg\u00e9nys\u00e9ggel &#8211; t\u00f6bbek k\u00f6z\u00f6tt az utc\u00e1n \u00e9l\u0151 hajl\u00e9ktalan emberekkel val\u00f3 tal\u00e1lkoz\u00e1skor &#8211;, a tehetetlens\u00e9get \u00e9rzik, hiszen nem lehet mindenkinek seg\u00edteni. \u00c9s akkor musz\u00e1j rost\u00e1lni, s \u00e9l\u00fcnk a gyan\u00faperrel: t\u00e9nyleg r\u00e1szorul\u00f3? S ha r\u00e1szorul is, nem saj\u00e1t mag\u00e1nak k\u00f6sz\u00f6nheti-e helyzet\u00e9t?<\/p>\n<p>Mindenkinek megvan a maga felel\u0151ss\u00e9ge, a seg\u00edt\u0151 helyzetben is: aki seg\u00edthet, annak nem szabad \u00e1tl\u00e9pni a roszszabb helyzetben \u00e9l\u0151k felett. K\u00f6teless\u00e9ge tenni valamit, mik\u00f6zben a seg\u00edts\u00e9g elfogad\u00e1sa a m\u00e1sik d\u00f6nt\u00e9se. De te megteszed, ami t\u0151led telik. Nagyon sok emberen seg\u00edtettem, \u00e9s sokan vissza is adt\u00e1k, amikor nem volt hol laknom. Egyszer \u00e9n fogadtam be a lak\u00e1somba egy ismer\u0151s\u00f6m hasonl\u00f3 helyzet\u00e9ben, \u00e9s t\u00e9ny, hogy meglopott. Korrekt m\u00f3don elk\u00f6sz\u00f6ntem t\u0151le. Azt\u00e1n \u00e9vek m\u00falva elj\u00f6tt hozz\u00e1m, \u00e9s megadta. Sz\u00f3val ilyen is van. Mindenkinek es\u00e9lyt kell adni, hogy saj\u00e1t maga j\u00f6jj\u00f6n r\u00e1, hol a probl\u00e9ma, ehhez azonban mindenkinek kell a visszat\u00fckr\u00f6z\u00e9s. \u00c9n nemr\u00e9giben megszereztem a m\u0171v\u00e9szet- \u00e9s szocioterapeuta v\u00e9gzetts\u00e9get, \u00e9s Angyalf\u00f6ld\u00f6n egy \u00f6nismereti csoportot vezettem. Ami\u00f3ta terapeuta vagyok, sokkal jobban elfogadom a m\u00e1sik d\u00f6nt\u00e9s\u00e9t. Egy ilyen csoport nagyon nagy seg\u00edts\u00e9g, m\u00e1sok szem\u00e9vel l\u00e1tni magad. Izgalmas \u00e9s tanuls\u00e1gos.<\/p>\n<p>Milyen terveid vannak, ebb\u0151l a sok mindenb\u0151l mit folytatn\u00e1l, ha lenne r\u00e1 m\u00f3dod?<\/p>\n<p>A ter\u00e1pi\u00e1s csoportot nagyon sz\u00edvesen csin\u00e1ln\u00e1m, hiszek benne. De folytatn\u00e1m a f\u0151z\u0151m\u0171sort is. Tervezem, hogy elv\u00e9gzem a mentork\u00e9pz\u00e9st, szeretn\u00e9k nyelvet tanulni. \u00c9n mindig tanultam valamit, szerintem nagyon fontos. Ezen k\u00edv\u00fcl term\u00e9szetesen ott van a zene, most erd\u00e9lyi turn\u00e9ra k\u00e9sz\u00fcl\u00fcnk, illetve Stuttgartban lesz fell\u00e9p\u00e9s\u00fcnk &#8211; teszem hozz\u00e1, nevets\u00e9ges \u00f6sszegek\u00e9rt. Egy szoci\u00e1lis munk\u00e1s nagyon okosat mondott nekem egyszer: \u00fagy tudsz igaz\u00e1n seg\u00edteni, ha m\u00f3dodban \u00e1ll. Teh\u00e1t saj\u00e1t helyzetemen is jav\u00edtani kell, hogy a terveimet, amiben benne van a k\u00f6z\u00f6ss\u00e9gszolg\u00e1lat is, tov\u00e1bb csin\u00e1lhassam. Az biztos, hogy ha kap az ember meger\u0151s\u00edt\u00e9st, akkor az mindig \u00fajabb l\u00f6ketet ad, \u00e9s az \u00e9n p\u00e1rom, hagy nevezzem nev\u00e9n, Gyurcsik Ilona ebben remek partner. Abszol\u00fat pozit\u00edvan n\u00e9zek a dolgok el\u00e9. Mindenkinek el k\u00e9ne gondolkoznia, hogy vajon az \u0151 probl\u00e9m\u00e1ja val\u00f3ban az-e, mik\u00f6zben mondjuk valaki \u00e9hezik. \u00c9s ha n\u00e1la rosszabb helyzet\u0171vel tal\u00e1lkozik, nem k\u00e9rd\u00e9s, mi a dolga.<\/p>\n<p>K\u00f6sz\u00f6n\u00f6m az interj\u00fat, sok sikert a munk\u00e1dhoz!<\/p>\n<div class='watch-action'><div class='watch-position align-left'><div class='action-like'><a class='lbg-style1 like-2292 jlk' href='javascript:void(0)' data-task='like' data-post_id='2292' data-nonce='3fb9406b72' rel='nofollow'><img class='wti-pixel' src='https:\/\/fedelnelkul.hu\/wp-content\/plugins\/wti-like-post\/images\/pixel.gif' title='Like' \/><span class='lc-2292 lc'>0<\/span><\/a><\/div><\/div> <div class='status-2292 status align-left'><\/div><\/div><div class='wti-clear'><\/div>","protected":false},"excerpt":{"rendered":"<p>Interj\u00faalanyom Baranyecz J\u00e1nos, m\u00e1s n\u00e9ven: Brany\u00f3. \u0150 az, akit legt\u00f6bben saj\u00e1t k\u00f6rnyezet\u00e9ben is csak Brany\u00f3k\u00e9nt ismernek, de e becen\u00e9v mindenkinek m\u00e1st jelent. Van, akinek a Brany\u00f3 Experience zenekar frontembere jut esz\u00e9be, vannak, akik a volt v\u00e1logatott bokszol\u00f3ra eml\u00e9kezhetnek, sokan egy TV-sorozat eml\u00e9kezetes szerepl\u0151j\u00e9t ismerik fel benne, \u00e9s van, akinek \u0151 egyszer\u0171en J\u00e1nos b\u00e1&#8217;, akihez b\u00e1rmikor &hellip; <a href=\"https:\/\/fedelnelkul.hu\/en\/2018\/02\/10\/ha-egy-embernek-is-segitettel-mar-csinaltal-valamit-az-eletedben-branyo\/\" class=\"more-link\">Continue reading <span class=\"screen-reader-text\">Ha egy embernek is seg\u00edtett\u00e9l, m\u00e1r csin\u00e1lt\u00e1l valamit az \u00e9letedben &#8211; Brany\u00f3<\/span><\/a><\/p>\n","protected":false},"author":534,"featured_media":0,"comment_status":"closed","ping_status":"open","sticky":false,"template":"","format":"standard","meta":{"footnotes":""},"categories":[196,8],"tags":[],"class_list":["post-2292","post","type-post","status-publish","format-standard","hentry","category-196","category-interju"],"_links":{"self":[{"href":"https:\/\/fedelnelkul.hu\/en\/wp-json\/wp\/v2\/posts\/2292","targetHints":{"allow":["GET"]}}],"collection":[{"href":"https:\/\/fedelnelkul.hu\/en\/wp-json\/wp\/v2\/posts"}],"about":[{"href":"https:\/\/fedelnelkul.hu\/en\/wp-json\/wp\/v2\/types\/post"}],"author":[{"embeddable":true,"href":"https:\/\/fedelnelkul.hu\/en\/wp-json\/wp\/v2\/users\/534"}],"replies":[{"embeddable":true,"href":"https:\/\/fedelnelkul.hu\/en\/wp-json\/wp\/v2\/comments?post=2292"}],"version-history":[{"count":0,"href":"https:\/\/fedelnelkul.hu\/en\/wp-json\/wp\/v2\/posts\/2292\/revisions"}],"wp:attachment":[{"href":"https:\/\/fedelnelkul.hu\/en\/wp-json\/wp\/v2\/media?parent=2292"}],"wp:term":[{"taxonomy":"category","embeddable":true,"href":"https:\/\/fedelnelkul.hu\/en\/wp-json\/wp\/v2\/categories?post=2292"},{"taxonomy":"post_tag","embeddable":true,"href":"https:\/\/fedelnelkul.hu\/en\/wp-json\/wp\/v2\/tags?post=2292"}],"curies":[{"name":"wp","href":"https:\/\/api.w.org\/{rel}","templated":true}]}}