{"id":2283,"date":"2018-02-10T20:34:10","date_gmt":"2018-02-10T20:34:10","guid":{"rendered":"http:\/\/fedelnelkul.hu\/2018\/02\/10\/tudositas-berlinbol-1\/"},"modified":"2018-02-10T20:34:10","modified_gmt":"2018-02-10T20:34:10","slug":"tudositas-berlinbol-1","status":"publish","type":"post","link":"https:\/\/fedelnelkul.hu\/en\/2018\/02\/10\/tudositas-berlinbol-1\/","title":{"rendered":"Tud\u00f3s\u00edt\u00e1s Berlinb\u0151l 1."},"content":{"rendered":"<p>Ha Berlinben j\u00e1rsz, felt\u00e9tlen\u00fcl n\u00e9zz meg egy &#8222;utcalapot&#8221; k\u00f6zelr\u0151l. Csod\u00e1lkozni fogsz, hogy milyen &#8222;szer\u00e9ny&#8221;. A magyar Fed\u00e9l N\u00e9lk\u00fclnek a nyom\u00e1ba se \u00e9rhet. Milli\u00f3 rekl\u00e1manyag szebb pap\u00edrra van nyomtatva, mint a berlini \/obdachlos\/ \u00fajs\u00e1g. De h\u00e1t ez van, ezzel kell kenyeret, vagy italra, k\u00e1bszerre\u00a0 val\u00f3t keresni az itteni hajl\u00e9ktalan embereknek. <br \/>\nAz \u00e1rus\u00edt\u00e1s m\u00f3dja hasonl\u00f3 a budapestihez, tal\u00e1n annyiban m\u00e1s, hogy itt t\u00f6bb a f\u00f6ld\u00f6n \u00fcl\u0151 &#8222;terjeszt\u0151&#8221;. Az\u00e9rt tettem id\u00e9z\u0151jelbe, mert Berlinben a lapot ink\u00e1bb koldul\u00e1sra haszn\u00e1lj\u00e1k. Nem a nett \u00f6lt\u00f6zk\u00f6d\u00e9s mintak\u00e9pei a terjeszt\u0151k. Persze vannak kiv\u00e9telek, de egy dologban egyform\u00e1k. Kit\u0171n\u0151 sz\u00edn\u00e9szi teljes\u00edtm\u00e9nyt ny\u00fajtanak szerencs\u00e9tlens\u00e9g \u00e1br\u00e1zol\u00e1s\u00e1ban.<br \/>\nA lap \u00e1ra itt sem meghat\u00e1rozott, de a min\u0151s\u00e9ghez \u00e9s a terjeszt\u0151kh\u00f6z m\u00e9rten sokkal szer\u00e9nyebb, mint Budapesten. Az emberek nem az 1 eur\u00f3t adj\u00e1k, hanem a nagyon apr\u00f3 1, 2, 5 centet, amit egy\u00e9bk\u00e9nt otthon gy\u0171jt\u00f6getnek, mert v\u00e1s\u00e1rl\u00e1sra nem igaz\u00e1n alkalmas. Csak \u00f6sszehasonl\u00edt\u00e1sk\u00e9ppen, egy zsemle \u00e1ra: 12-20 cent. Egy lap\u00e9rt kapnak 6-15 centet. Persze az emberek nagy r\u00e9sze nem veszi el az \u00fajs\u00e1got, &#8211; nem k\u00edv\u00e1ncsi r\u00e1. Csak itt \u00e9rtettem meg igaz\u00e1n, hogy a magyar Fed\u00e9l N\u00e9lk\u00fcl VIL\u00c1GSZINVONAL\u00da \u00fajs\u00e1g. A n\u00e9metorsz\u00e1gi terjeszt\u00e9s szervezetlen \u00e9s kontroll\u00e1latlan. <br \/>\nTerm\u00e9szetesen \u00e9n is &#8222;megk\u00f3stoltam&#8221; az \u00fajs\u00e1got. \u00cdzetlen, s\u00e1padt \u00e9s tartalmatlan. K\u00f6vetkez\u0151 tud\u00f3s\u00edt\u00e1somban kicsit k\u00f6r\u00fcln\u00e9zek a berlini hajl\u00e9ktalan \u00e9let val\u00f3s vil\u00e1g\u00e1ban.<br \/>\nAddig is \u00fcdv a magyar terjeszt\u0151knek, szerz\u0151knek, seg\u00edt\u0151iknek \u00e9s persze az olvas\u00f3knak. <\/p>\n<div class='watch-action'><div class='watch-position align-left'><div class='action-like'><a class='lbg-style1 like-2283 jlk' href='javascript:void(0)' data-task='like' data-post_id='2283' data-nonce='24627af277' rel='nofollow'><img class='wti-pixel' src='https:\/\/fedelnelkul.hu\/wp-content\/plugins\/wti-like-post\/images\/pixel.gif' title='Like' \/><span class='lc-2283 lc'>0<\/span><\/a><\/div><\/div> <div class='status-2283 status align-left'><\/div><\/div><div class='wti-clear'><\/div>","protected":false},"excerpt":{"rendered":"<p>Ha Berlinben j\u00e1rsz, felt\u00e9tlen\u00fcl n\u00e9zz meg egy &#8222;utcalapot&#8221; k\u00f6zelr\u0151l. Csod\u00e1lkozni fogsz, hogy milyen &#8222;szer\u00e9ny&#8221;. A magyar Fed\u00e9l N\u00e9lk\u00fclnek a nyom\u00e1ba se \u00e9rhet. Milli\u00f3 rekl\u00e1manyag szebb pap\u00edrra van nyomtatva, mint a berlini \/obdachlos\/ \u00fajs\u00e1g. De h\u00e1t ez van, ezzel kell kenyeret, vagy italra, k\u00e1bszerre\u00a0 val\u00f3t keresni az itteni hajl\u00e9ktalan embereknek. Az \u00e1rus\u00edt\u00e1s m\u00f3dja hasonl\u00f3 a budapestihez, &hellip; <a href=\"https:\/\/fedelnelkul.hu\/en\/2018\/02\/10\/tudositas-berlinbol-1\/\" class=\"more-link\">Continue reading <span class=\"screen-reader-text\">Tud\u00f3s\u00edt\u00e1s Berlinb\u0151l 1.<\/span><\/a><\/p>\n","protected":false},"author":209,"featured_media":0,"comment_status":"closed","ping_status":"open","sticky":false,"template":"","format":"standard","meta":{"footnotes":""},"categories":[195,9],"tags":[],"class_list":["post-2283","post","type-post","status-publish","format-standard","hentry","category-195","category-szepproza"],"_links":{"self":[{"href":"https:\/\/fedelnelkul.hu\/en\/wp-json\/wp\/v2\/posts\/2283","targetHints":{"allow":["GET"]}}],"collection":[{"href":"https:\/\/fedelnelkul.hu\/en\/wp-json\/wp\/v2\/posts"}],"about":[{"href":"https:\/\/fedelnelkul.hu\/en\/wp-json\/wp\/v2\/types\/post"}],"author":[{"embeddable":true,"href":"https:\/\/fedelnelkul.hu\/en\/wp-json\/wp\/v2\/users\/209"}],"replies":[{"embeddable":true,"href":"https:\/\/fedelnelkul.hu\/en\/wp-json\/wp\/v2\/comments?post=2283"}],"version-history":[{"count":0,"href":"https:\/\/fedelnelkul.hu\/en\/wp-json\/wp\/v2\/posts\/2283\/revisions"}],"wp:attachment":[{"href":"https:\/\/fedelnelkul.hu\/en\/wp-json\/wp\/v2\/media?parent=2283"}],"wp:term":[{"taxonomy":"category","embeddable":true,"href":"https:\/\/fedelnelkul.hu\/en\/wp-json\/wp\/v2\/categories?post=2283"},{"taxonomy":"post_tag","embeddable":true,"href":"https:\/\/fedelnelkul.hu\/en\/wp-json\/wp\/v2\/tags?post=2283"}],"curies":[{"name":"wp","href":"https:\/\/api.w.org\/{rel}","templated":true}]}}