{"id":2153,"date":"2018-02-10T20:34:06","date_gmt":"2018-02-10T20:34:06","guid":{"rendered":"http:\/\/fedelnelkul.hu\/2018\/02\/10\/acs-mesterseg\/"},"modified":"2018-02-10T20:34:06","modified_gmt":"2018-02-10T20:34:06","slug":"acs-mesterseg","status":"publish","type":"post","link":"https:\/\/fedelnelkul.hu\/en\/2018\/02\/10\/acs-mesterseg\/","title":{"rendered":"\u00c1cs-mesters\u00e9g"},"content":{"rendered":"<p>T\u00e9gl\u00e1val \u00e9bredtem. Kor\u00e1n kellett kelni. F\u00fajt a gy\u00e1r. Negyed\u00f3r\u00e1nk\u00e9nt hol az egyik ir\u00e1nyb\u00f3l, hol a k\u00f6zeli ipartelepr\u0151l j\u00f6tt a jelz\u00e9s: sz\u00f6v\u00f6de, fonoda-textilgy\u00e1r, vagongy\u00e1r v\u00e1rja k\u00e9tkezi munk\u00e1sait m\u0171szakra.<br \/>\n\u00c9jjel-nappal. Szombaton is. Gyerekkorom ma is \u00e9l\u0151 friss eml\u00e9kei. Ja! A B\u00fatorgy\u00e1rat kihagytam. A t\u00e9gl\u00e1ra sem adtam magyar\u00e1zatot.<br \/>\nT\u00e9li, s\u00f6t\u00e9t hajnalok. F\u00e1z\u00f3s \u00e9bred\u00e9s. Az iskola-kezd\u00e9s el\u0151tt m\u00e9g v\u00e1rt egy fuvar. L\u00e9-cek a f\u0171r\u00e9szporban, forg\u00e1csok k\u00f6z\u00e9 bedugva. Ha Ilus nagyn\u00e9n\u00e9mmel hatra oda\u00e9rt\u00fcnk, az asztalosm\u0171hely hullad\u00e9kkal v\u00e1rt. Begy\u0171jt\u00f6tt\u00fck a kis k\u00e1lyh\u00e1ra val\u00f3t.<br \/>\nToporogtam. Gumicsizma kam\u00e1sli &#8211; vagy ki tudja, hogy nevezt\u00fck a j\u00e9ghideg l\u00e1bfejet bebugyol\u00e1l\u00f3 koszos kend\u0151t. Majd beugrik. (A &#8222;K&#8221; bet\u0171vel, bet\u0171n\u00e9l elakadtam.) K\u00e1-k\u00e1. Aki a k\u00e1k\u00e1n is csom\u00f3t keres, az joggal kifog\u00e1solhatja, hogy ha ilyen k\u00f6nny\u0171 felejteni, ak-kor sem az \u00c1cs, sem a T\u00e9gla nem lesz &#8222;kifejtve&#8221;.<br \/>\nPedig h\u00e1t ezek sorban el\u0151j\u00f6nnek. A dunyha rejtek\u00e9ben ugyan mi is meleg\u00edtett. Faforg\u00e1cs kellett t\u0171zh\u00f6z. A vas\u00fati s\u00ednek mell\u00e9, vagonokb\u00f3l lepotyogott lengyel brikett. Merthogy a begy\u0171jt\u00e9shez \u00e1t kellett lav\u00edrozni (beugrott a lav\u00f3r!) a &#8222;vasp\u00e1ly\u00e1kon&#8221; k\u00e9t teher- \u00e9s egy gyorsvonat k\u00f6z\u00f6tt.<br \/>\nSz\u00f3val a T\u00c9GLA, abb\u00f3l is a samott. J\u00f3l felvette a kisk\u00e1lyha esti meleg\u00e9t. Azt\u00e1n zsupsz az \u00e1gyba! Takar\u00f3, dunyha al\u00e1. Terus mama n\u00e9ha a faszenes vasal\u00f3val is \u00e1tmelengette a leped\u0151t. Ide b\u00fajtattuk be a kapc\u00e1t is. (Megvan! ez a j\u00f3 sz\u00f3baberendez\u00e9s. Tudtam, hogy K\u00c1 bet\u0171vel kezd\u0151dik.) Kend\u0151-bend\u0151. Hajnali kezd\u0151. Sz\u00f6v\u0151n\u0151, sz\u00f6v\u0151mester. Sz\u00fcleim.<br \/>\nT\u00e9l. \u00c9s h\u00e1bor\u00fa ut\u00e1ni \u00e9vek. Gy\u00e1rv\u00e1ros. Ipartelep. \u00c1m hol itt az \u00c1CS? Arra is sort ker\u00edtek. Ha siker\u00fclt a f\u0171r\u00e9sztelepr\u0151l a forg\u00e1ccsal megt\u00f6m\u00f6tt zs\u00e1km\u00e1nyba becsemp\u00e9szni l\u00e9ceket, Ilus n\u00e9n\u00e9mmel nyert \u00fcgy\u00fcnk volt. K\u00e9sz\u00fclhetett a jancsifalusi Kassai utcai romh\u00e1z\u00e1nak udvar\u00e1n a kiskalyiba tavaszra. Azt\u00e1n a ny\u00e1ri konyha. Hogy v\u00e1rtuk m\u00e1r!<br \/>\n\u00c1csolat. A semmib\u0151l var\u00e1zsolva. Mesters\u00e9gbeli tud\u00e1s kell ahhoz, hogy stabilan tartsa a TET\u0150T. S \u00f6r\u00fclt\u00fcnk, hogy tet\u0151 van a fej\u00fcnk felett. S azont\u00fal K\u00c9K az \u00e9g.<\/p>\n<p>Veszpr\u00e9m, SPORT-Pub<br \/>\nGy\u0151r, 1950 tel\u00e9n<\/p>\n<p>2014 janu\u00e1r<br \/>\nk\u00fcl\u00f6nd\u00edj<\/p>\n<div class='watch-action'><div class='watch-position align-left'><div class='action-like'><a class='lbg-style1 like-2153 jlk' href='javascript:void(0)' data-task='like' data-post_id='2153' data-nonce='a4559c5496' rel='nofollow'><img class='wti-pixel' src='https:\/\/fedelnelkul.hu\/wp-content\/plugins\/wti-like-post\/images\/pixel.gif' title='Like' \/><span class='lc-2153 lc'>0<\/span><\/a><\/div><\/div> <div class='status-2153 status align-left'><\/div><\/div><div class='wti-clear'><\/div>","protected":false},"excerpt":{"rendered":"<p>T\u00e9gl\u00e1val \u00e9bredtem. Kor\u00e1n kellett kelni. F\u00fajt a gy\u00e1r. Negyed\u00f3r\u00e1nk\u00e9nt hol az egyik ir\u00e1nyb\u00f3l, hol a k\u00f6zeli ipartelepr\u0151l j\u00f6tt a jelz\u00e9s: sz\u00f6v\u00f6de, fonoda-textilgy\u00e1r, vagongy\u00e1r v\u00e1rja k\u00e9tkezi munk\u00e1sait m\u0171szakra. \u00c9jjel-nappal. Szombaton is. Gyerekkorom ma is \u00e9l\u0151 friss eml\u00e9kei. Ja! A B\u00fatorgy\u00e1rat kihagytam. A t\u00e9gl\u00e1ra sem adtam magyar\u00e1zatot. T\u00e9li, s\u00f6t\u00e9t hajnalok. F\u00e1z\u00f3s \u00e9bred\u00e9s. Az iskola-kezd\u00e9s el\u0151tt m\u00e9g v\u00e1rt &hellip; <a href=\"https:\/\/fedelnelkul.hu\/en\/2018\/02\/10\/acs-mesterseg\/\" class=\"more-link\">Continue reading <span class=\"screen-reader-text\">\u00c1cs-mesters\u00e9g<\/span><\/a><\/p>\n","protected":false},"author":101,"featured_media":0,"comment_status":"closed","ping_status":"open","sticky":false,"template":"","format":"standard","meta":{"footnotes":""},"categories":[182,9],"tags":[],"class_list":["post-2153","post","type-post","status-publish","format-standard","hentry","category-182","category-szepproza"],"_links":{"self":[{"href":"https:\/\/fedelnelkul.hu\/en\/wp-json\/wp\/v2\/posts\/2153","targetHints":{"allow":["GET"]}}],"collection":[{"href":"https:\/\/fedelnelkul.hu\/en\/wp-json\/wp\/v2\/posts"}],"about":[{"href":"https:\/\/fedelnelkul.hu\/en\/wp-json\/wp\/v2\/types\/post"}],"author":[{"embeddable":true,"href":"https:\/\/fedelnelkul.hu\/en\/wp-json\/wp\/v2\/users\/101"}],"replies":[{"embeddable":true,"href":"https:\/\/fedelnelkul.hu\/en\/wp-json\/wp\/v2\/comments?post=2153"}],"version-history":[{"count":0,"href":"https:\/\/fedelnelkul.hu\/en\/wp-json\/wp\/v2\/posts\/2153\/revisions"}],"wp:attachment":[{"href":"https:\/\/fedelnelkul.hu\/en\/wp-json\/wp\/v2\/media?parent=2153"}],"wp:term":[{"taxonomy":"category","embeddable":true,"href":"https:\/\/fedelnelkul.hu\/en\/wp-json\/wp\/v2\/categories?post=2153"},{"taxonomy":"post_tag","embeddable":true,"href":"https:\/\/fedelnelkul.hu\/en\/wp-json\/wp\/v2\/tags?post=2153"}],"curies":[{"name":"wp","href":"https:\/\/api.w.org\/{rel}","templated":true}]}}