{"id":2072,"date":"2018-02-10T20:34:03","date_gmt":"2018-02-10T20:34:03","guid":{"rendered":"http:\/\/fedelnelkul.hu\/2018\/02\/10\/hamuban-a-kiraly\/"},"modified":"2018-02-10T20:34:03","modified_gmt":"2018-02-10T20:34:03","slug":"hamuban-a-kiraly","status":"publish","type":"post","link":"https:\/\/fedelnelkul.hu\/en\/2018\/02\/10\/hamuban-a-kiraly\/","title":{"rendered":"Hamuban a kir\u00e1ly"},"content":{"rendered":"<div align=\"left\">\n<font size=\"2\">P\u00f6khendi puffadt \u00far p\u00e9nz\u00e9t sz\u00e1molta,<\/font><br \/>\n<font size=\"2\">A kisimult p\u00e9nzek egym\u00e1s mellett b\u00fcszk\u00e9n \u00e1lltak..<\/font><br \/>\n<font size=\"2\">Kett\u0151 M\u00e1ty\u00e1s k\u00f6z\u00f6tt k\u00edv\u00e1ncsian v\u00e1rt egy R\u00e1k\u00f3czi.<\/font><br \/>\n<font size=\"2\">A v\u00e1rakoz\u00e1s korai volt.<\/font><br \/>\n<font size=\"2\">R\u00e1ncos k\u00e9z a hely\u00e9re tette.<\/font><\/p>\n<p><font size=\"2\">A p\u00e9nz szerelmese finoman l\u00e9pkedett,<\/font><br \/>\n<font size=\"2\">percenk\u00e9nt zseb\u00e9t cir\u00f3gatta,<\/font><br \/>\n<font size=\"2\">melyben a kir\u00e1lyok utaztak.<\/font><\/p>\n<p><font size=\"2\">Sarokhoz \u00e9rv\u00e9n k\u00f3cos kisfi\u00fa v\u00e1rta,<\/font><br \/>\n<font size=\"2\">koszos arc\u00e1t a p\u00f6khendi puffadt \u00farra t\u00e1rta.<\/font><br \/>\n<font size=\"2\">&#8211; Dr\u00e1ga \u00farfi, \u00e9hes vagyok, nem lenne egy kis apr\u00f3ja?<\/font><br \/>\n<font size=\"2\">&#8211; Mit k\u00e9pzelsz, te fi\u00fa? Apr\u00f3val s\u00e9rten\u00e9m meg a b\u00fcszke kir\u00e1lyokat? <\/font><br \/>\n<font size=\"2\">&#8211;\u00a0 Vagyunk mind! Esetleg nem sz\u00e1nna meg egy testv\u00e9remmel?<\/font><br \/>\n<font size=\"2\">&#8211; Utamb\u00f3l eltakarodj, taknyos gyerek! A zsebem lak\u00f3ib\u00f3l egy sem mehet!<\/font><\/p>\n<p><font size=\"2\">Kih\u00fazta mag\u00e1t a g\u00f6rnyedt \u00far, s tov\u00e1bb l\u00e9pett,<\/font><br \/>\n<font size=\"2\">a gyermeket mag\u00e1ra hagyta.<\/font><br \/>\n<font size=\"2\">Zseb\u00e9re tette kez\u00e9t, a kir\u00e1lyokat megsim\u00edtotta.<\/font><\/p>\n<p><font size=\"2\">Az \u00e9jszaka lesz\u00e1llt, p\u00f6khendi puffadt \u00far a kir\u00e1lyokat huzatj\u00e1ba helyezte,<\/font><br \/>\n<font size=\"2\">s \u00e1lomba mer\u00fclt.<\/font><br \/>\n<font size=\"2\">M\u00e1ty\u00e1s kir\u00e1ly, az igazs\u00e1gos, f\u00f6l\u00e9 \u00e1llt, haraggal n\u00e9zett r\u00e1!<\/font><br \/>\n<font size=\"2\">&#8211; Mondd! Te p\u00f6khendi puffadt \u00far, mi\u00e9rt nem adt\u00e1l \u00e1t a gyermeknek? \u00c9hes, beteg csal\u00e1dja engem v\u00e1rt, s te megtagadt\u00e1l!<\/font><br \/>\n<font size=\"2\">Sz\u00e9gyelld magad, gyenge rabom, <\/font><br \/>\n<font size=\"2\">t\u00f6bbet engem nem kapsz meg!<\/font><br \/>\n<font size=\"2\">Az igazs\u00e1gos k\u00f6dd\u00e9 v\u00e1lt.<\/font><\/p>\n<p><font size=\"2\">P\u00f6khendi puffadt \u00far, izzadva \u00e9bredt,<\/font><br \/>\n<font size=\"2\">l\u00e9gszomj k\u00ednozta vastag test\u00e9t.<\/font><br \/>\n<font size=\"2\">\u00c1lm\u00e1n j\u00f3t nevetett,<\/font><br \/>\n<font size=\"2\">Szerelmei\u00e9rt ny\u00falt a huzatba. <\/font><\/p>\n<p><font size=\"2\">Kisimult kir\u00e1lyok frissek voltak, a R\u00e1koczik \u00e9s m\u00f6g\u00f6tte a M\u00e1ty\u00e1sok.<\/font><br \/>\n<font size=\"2\">Az \u00far megk\u00f6nnyebb\u00fclve vigyorgott.<\/font><br \/>\n<font size=\"2\">S mintha \u00e1lma v\u00e1lt volna val\u00f3ra, a M\u00e1ty\u00e1sok elinaltak.<\/font><br \/>\n<font size=\"2\">\u00d3 dr\u00e1ga p\u00f6khendi puffadt \u00far hangosan vis\u00edtott:<\/font><br \/>\n<font size=\"2\">&#8211; \u00c9des kir\u00e1lyom elhagyott!<\/font><br \/>\n<font size=\"2\">Cs\u00f6ndes zugba k\u00f6sz\u00f6nt\u00f6tt a reggel,<\/font><br \/>\n<font size=\"2\">Nyugodt csal\u00e1d a k\u00e1lyha mellett \u00e9bredt.<\/font><br \/>\n<font size=\"2\">A t\u0171z kialudt, a hamu par\u00e1zslott,<\/font><br \/>\n<font size=\"2\">Kisfi\u00fa f\u00e1\u00e9rt futott. <\/font><\/p>\n<p><font size=\"2\">A fekete hamut vassal elkotorta,<\/font><br \/>\n<font size=\"2\">a f\u00e1t gondosan r\u00e1rakta,<\/font><br \/>\n<font size=\"2\">Ekkor vette \u00e9szre:<\/font><\/p>\n<p><font size=\"2\">A sok M\u00e1ty\u00e1s koszosan v\u00e1rta.<\/font><br \/>\n<font size=\"2\">K\u00f3cos kisfi\u00fa boldogan kiemelte, \u00e9s any\u00e1hoz vitte.<\/font><\/p>\n<\/div>\n<p><\/p>\n<div class='watch-action'><div class='watch-position align-left'><div class='action-like'><a class='lbg-style1 like-2072 jlk' href='javascript:void(0)' data-task='like' data-post_id='2072' data-nonce='a4559c5496' rel='nofollow'><img class='wti-pixel' src='https:\/\/fedelnelkul.hu\/wp-content\/plugins\/wti-like-post\/images\/pixel.gif' title='Like' \/><span class='lc-2072 lc'>0<\/span><\/a><\/div><\/div> <div class='status-2072 status align-left'><\/div><\/div><div class='wti-clear'><\/div>","protected":false},"excerpt":{"rendered":"<p>P\u00f6khendi puffadt \u00far p\u00e9nz\u00e9t sz\u00e1molta, A kisimult p\u00e9nzek egym\u00e1s mellett b\u00fcszk\u00e9n \u00e1lltak.. Kett\u0151 M\u00e1ty\u00e1s k\u00f6z\u00f6tt k\u00edv\u00e1ncsian v\u00e1rt egy R\u00e1k\u00f3czi. A v\u00e1rakoz\u00e1s korai volt. R\u00e1ncos k\u00e9z a hely\u00e9re tette. A p\u00e9nz szerelmese finoman l\u00e9pkedett, percenk\u00e9nt zseb\u00e9t cir\u00f3gatta, melyben a kir\u00e1lyok utaztak. Sarokhoz \u00e9rv\u00e9n k\u00f3cos kisfi\u00fa v\u00e1rta, koszos arc\u00e1t a p\u00f6khendi puffadt \u00farra t\u00e1rta. &#8211; Dr\u00e1ga \u00farfi, &hellip; <a href=\"https:\/\/fedelnelkul.hu\/en\/2018\/02\/10\/hamuban-a-kiraly\/\" class=\"more-link\">Continue reading <span class=\"screen-reader-text\">Hamuban a kir\u00e1ly<\/span><\/a><\/p>\n","protected":false},"author":380,"featured_media":0,"comment_status":"closed","ping_status":"open","sticky":false,"template":"","format":"standard","meta":{"footnotes":""},"categories":[173,10],"tags":[],"class_list":["post-2072","post","type-post","status-publish","format-standard","hentry","category-173","category-vers"],"_links":{"self":[{"href":"https:\/\/fedelnelkul.hu\/en\/wp-json\/wp\/v2\/posts\/2072","targetHints":{"allow":["GET"]}}],"collection":[{"href":"https:\/\/fedelnelkul.hu\/en\/wp-json\/wp\/v2\/posts"}],"about":[{"href":"https:\/\/fedelnelkul.hu\/en\/wp-json\/wp\/v2\/types\/post"}],"author":[{"embeddable":true,"href":"https:\/\/fedelnelkul.hu\/en\/wp-json\/wp\/v2\/users\/380"}],"replies":[{"embeddable":true,"href":"https:\/\/fedelnelkul.hu\/en\/wp-json\/wp\/v2\/comments?post=2072"}],"version-history":[{"count":0,"href":"https:\/\/fedelnelkul.hu\/en\/wp-json\/wp\/v2\/posts\/2072\/revisions"}],"wp:attachment":[{"href":"https:\/\/fedelnelkul.hu\/en\/wp-json\/wp\/v2\/media?parent=2072"}],"wp:term":[{"taxonomy":"category","embeddable":true,"href":"https:\/\/fedelnelkul.hu\/en\/wp-json\/wp\/v2\/categories?post=2072"},{"taxonomy":"post_tag","embeddable":true,"href":"https:\/\/fedelnelkul.hu\/en\/wp-json\/wp\/v2\/tags?post=2072"}],"curies":[{"name":"wp","href":"https:\/\/api.w.org\/{rel}","templated":true}]}}