{"id":2053,"date":"2018-02-10T20:34:03","date_gmt":"2018-02-10T20:34:03","guid":{"rendered":"http:\/\/fedelnelkul.hu\/2018\/02\/10\/relativitas\/"},"modified":"2020-03-26T18:29:31","modified_gmt":"2020-03-26T17:29:31","slug":"relativitas","status":"publish","type":"post","link":"https:\/\/fedelnelkul.hu\/en\/2018\/02\/10\/relativitas\/","title":{"rendered":"Relativit\u00e1s"},"content":{"rendered":"<p style=\"padding-left: 120px;\">A pillanat, ak\u00e1r a porh\u00f3<br \/>\nsz\u00e1ll a sz\u00e9llel, kavarog s\u00falytalan.<br \/>\nMegpihen a v\u00e1llaimra \u00fclve,<br \/>\nfeh\u00e9rre festi ritkul\u00f3 hajam.<br \/>\nBeb\u00fajik a kab\u00e1t nyitotta r\u00e9sen,<br \/>\nj\u00f3zan, hideg.<br \/>\nHallgatja l\u00e1zas l\u00fcktet\u00e9sem.<br \/>\nT\u00fal sok bel\u0151le, f\u00e1zom.<br \/>\nLes\u00f6pr\u00f6m egy kapualjhoz \u00e9rve,<br \/>\nf\u00f6l\u00f6sleges, tov\u00e1bb nem cipelem.<\/p>\n<p style=\"padding-left: 120px;\">Egy gondolatra meg\u00e1ll a kezem.<\/p>\n<p style=\"padding-left: 120px;\">A pillanat, ak\u00e1r a hirtelen cs\u00f6nd,<br \/>\nfelismer\u00e9s, a d\u00f6bbenet:<br \/>\nma sok bel\u0151le, s tal\u00e1n ler\u00e1zom,<br \/>\nholnap m\u00e1r hi\u00e1ba keresem.<br \/>\nUt\u00e1na ny\u00fal, mag\u00e1ba z\u00e1rn\u00e1<br \/>\na kapzsi tenyerem.<\/p>\n<p style=\"padding-left: 120px;\">Megb\u00e1ntam m\u00e1r. Maradjon itt velem.<\/p>\n<p style=\"padding-left: 120px;\">A pillanat a markom b\u00f6rt\u00f6n\u00e9ben<br \/>\npercc\u00e9 olvad, elfolyik az ujjaim k\u00f6z\u00fcl.<br \/>\nA sorsvonal, s a sz\u00edvver\u00e9sem<br \/>\nk\u00f6z\u00f6tti hajsz\u00e1lnyi kis r\u00e9sen &#8211;<br \/>\nmert nem becs\u00fcltem, el\u0151lem menek\u00fcl.<br \/>\nL\u00e1bam el\u0151tt a kapualjban<br \/>\naz elfolyt \u00e9vek t\u00f3cs\u00e1ja gy\u0171l.<\/p>\n<p style=\"padding-left: 120px;\">\u00c9szrev\u00e9tlen, m\u00e9gis \u00e1tl\u00e9phetetlen\u00fcl.<\/p>\n<p style=\"padding-left: 120px;\"><em>Megjelent a szerz\u0151 <a href=\"https:\/\/fedelnelkul.hu\/2019\/04\/30\/lee-jozsef-banom-is-en\/\" target=\"_blank\" rel=\"noopener noreferrer\">B\u00e1nom is \u00e9n<\/a> c\u00edm\u0171 k\u00f6tet\u00e9ben.<\/em><\/p>\n<p><span style=\"font-size: small;\">\u00a0<\/span><\/p>\n<div class='watch-action'><div class='watch-position align-left'><div class='action-like'><a class='lbg-style1 like-2053 jlk' href='javascript:void(0)' data-task='like' data-post_id='2053' data-nonce='63bf5167ec' rel='nofollow'><img class='wti-pixel' src='https:\/\/fedelnelkul.hu\/wp-content\/plugins\/wti-like-post\/images\/pixel.gif' title='Like' \/><span class='lc-2053 lc'>0<\/span><\/a><\/div><\/div> <div class='status-2053 status align-left'><\/div><\/div><div class='wti-clear'><\/div>","protected":false},"excerpt":{"rendered":"<p>A pillanat, ak\u00e1r a porh\u00f3 sz\u00e1ll a sz\u00e9llel, kavarog s\u00falytalan. Megpihen a v\u00e1llaimra \u00fclve, feh\u00e9rre festi ritkul\u00f3 hajam. Beb\u00fajik a kab\u00e1t nyitotta r\u00e9sen, j\u00f3zan, hideg. Hallgatja l\u00e1zas l\u00fcktet\u00e9sem. T\u00fal sok bel\u0151le, f\u00e1zom. Les\u00f6pr\u00f6m egy kapualjhoz \u00e9rve, f\u00f6l\u00f6sleges, tov\u00e1bb nem cipelem. Egy gondolatra meg\u00e1ll a kezem. A pillanat, ak\u00e1r a hirtelen cs\u00f6nd, felismer\u00e9s, a d\u00f6bbenet: ma &hellip; <a href=\"https:\/\/fedelnelkul.hu\/en\/2018\/02\/10\/relativitas\/\" class=\"more-link\">Continue reading <span class=\"screen-reader-text\">Relativit\u00e1s<\/span><\/a><\/p>\n","protected":false},"author":252,"featured_media":0,"comment_status":"closed","ping_status":"open","sticky":false,"template":"","format":"standard","meta":{"footnotes":""},"categories":[171,10],"tags":[],"class_list":["post-2053","post","type-post","status-publish","format-standard","hentry","category-171","category-vers"],"_links":{"self":[{"href":"https:\/\/fedelnelkul.hu\/en\/wp-json\/wp\/v2\/posts\/2053","targetHints":{"allow":["GET"]}}],"collection":[{"href":"https:\/\/fedelnelkul.hu\/en\/wp-json\/wp\/v2\/posts"}],"about":[{"href":"https:\/\/fedelnelkul.hu\/en\/wp-json\/wp\/v2\/types\/post"}],"author":[{"embeddable":true,"href":"https:\/\/fedelnelkul.hu\/en\/wp-json\/wp\/v2\/users\/252"}],"replies":[{"embeddable":true,"href":"https:\/\/fedelnelkul.hu\/en\/wp-json\/wp\/v2\/comments?post=2053"}],"version-history":[{"count":1,"href":"https:\/\/fedelnelkul.hu\/en\/wp-json\/wp\/v2\/posts\/2053\/revisions"}],"predecessor-version":[{"id":6991,"href":"https:\/\/fedelnelkul.hu\/en\/wp-json\/wp\/v2\/posts\/2053\/revisions\/6991"}],"wp:attachment":[{"href":"https:\/\/fedelnelkul.hu\/en\/wp-json\/wp\/v2\/media?parent=2053"}],"wp:term":[{"taxonomy":"category","embeddable":true,"href":"https:\/\/fedelnelkul.hu\/en\/wp-json\/wp\/v2\/categories?post=2053"},{"taxonomy":"post_tag","embeddable":true,"href":"https:\/\/fedelnelkul.hu\/en\/wp-json\/wp\/v2\/tags?post=2053"}],"curies":[{"name":"wp","href":"https:\/\/api.w.org\/{rel}","templated":true}]}}