{"id":2052,"date":"2018-02-10T20:34:03","date_gmt":"2018-02-10T20:34:03","guid":{"rendered":"http:\/\/fedelnelkul.hu\/2018\/02\/10\/talalomra\/"},"modified":"2018-02-10T20:34:03","modified_gmt":"2018-02-10T20:34:03","slug":"talalomra","status":"publish","type":"post","link":"https:\/\/fedelnelkul.hu\/en\/2018\/02\/10\/talalomra\/","title":{"rendered":"Tal\u00e1lomra"},"content":{"rendered":"<p><font size=\"2\">Eddig \u00e9s ne tov\u00e1bb<br \/>\nMondan\u00e1m<br \/>\nDe mikor hajnal\u00e1n<br \/>\nMelyik \u00e9jszak\u00e1n<br \/>\n\u0150rl\u0151d\u00f6m<br \/>\nVigy\u00e1zom szavaim<br \/>\nKi ne cs\u00fasszanak<br \/>\nPr\u00e9selt ajkaim<br \/>\nVicsor\u00e1n<\/p>\n<p>El\u00e9g volt<br \/>\nS\u00f3hajt\u00e1m<br \/>\n\u00c1rvult \u00e9jszak\u00e1k hajnal\u00e1n<br \/>\nPirkad<br \/>\nGy\u00f6ngy\u00f6z\u0151 homlokom<br \/>\nOtt bel\u00fcl<br \/>\nMegy tov\u00e1bb<br \/>\nEgy sz\u00f3ra r\u00edmelve<\/p>\n<p>A sz\u00f3 rest, \u00e9s kifakult<br \/>\nIsm\u00e9tli \u00f6nmag\u00e1t<br \/>\nMit sem tanult <br \/>\nAzon az \u00e9jszak\u00e1n<\/p>\n<p>Nincs ki\u00fat<br \/>\nA kelepce v\u00e9szesen z\u00e1r<br \/>\nHa vil\u00e1gosodik<br \/>\n\u00dajabb lecke v\u00e1r<\/p>\n<p>Csak egy sz\u00f3t<br \/>\nAmi m\u00e1s<br \/>\nHiggadt \u00e9s \u00f6nfeledt<br \/>\nCsod\u00e1ra feltal\u00e1l<br \/>\nKics\u00faszna, elv\u00e9tve<br \/>\nHib\u00e1tlanul<br \/>\nKi ebb\u0151l &#8211; ki abb\u00f3l<br \/>\nTanul (biztosan?)<\/p>\n<p>\u00c9n nem, nekem el\u00e9g<br \/>\nUtolj\u00e1ra az is<br \/>\nHa a v\u00e9gzet<br \/>\nMondja ki tal\u00e1lomra<\/p>\n<p>Azt az utols\u00f3t<br \/>\nAmit tartogattam<br \/>\n\u00c1lmomban egyszer<br \/>\nHal\u00e1lomra.<\/p>\n<p><\/font><\/p>\n<div class='watch-action'><div class='watch-position align-left'><div class='action-like'><a class='lbg-style1 like-2052 jlk' href='javascript:void(0)' data-task='like' data-post_id='2052' data-nonce='63bf5167ec' rel='nofollow'><img class='wti-pixel' src='https:\/\/fedelnelkul.hu\/wp-content\/plugins\/wti-like-post\/images\/pixel.gif' title='Like' \/><span class='lc-2052 lc'>0<\/span><\/a><\/div><\/div> <div class='status-2052 status align-left'><\/div><\/div><div class='wti-clear'><\/div>","protected":false},"excerpt":{"rendered":"<p>Eddig \u00e9s ne tov\u00e1bb Mondan\u00e1m De mikor hajnal\u00e1n Melyik \u00e9jszak\u00e1n \u0150rl\u0151d\u00f6m Vigy\u00e1zom szavaim Ki ne cs\u00fasszanak Pr\u00e9selt ajkaim Vicsor\u00e1n El\u00e9g volt S\u00f3hajt\u00e1m \u00c1rvult \u00e9jszak\u00e1k hajnal\u00e1n Pirkad Gy\u00f6ngy\u00f6z\u0151 homlokom Ott bel\u00fcl Megy tov\u00e1bb Egy sz\u00f3ra r\u00edmelve A sz\u00f3 rest, \u00e9s kifakult Ism\u00e9tli \u00f6nmag\u00e1t Mit sem tanult Azon az \u00e9jszak\u00e1n Nincs ki\u00fat A kelepce v\u00e9szesen z\u00e1r Ha &hellip; <a href=\"https:\/\/fedelnelkul.hu\/en\/2018\/02\/10\/talalomra\/\" class=\"more-link\">Continue reading <span class=\"screen-reader-text\">Tal\u00e1lomra<\/span><\/a><\/p>\n","protected":false},"author":101,"featured_media":0,"comment_status":"closed","ping_status":"open","sticky":false,"template":"","format":"standard","meta":{"footnotes":""},"categories":[171,10],"tags":[],"class_list":["post-2052","post","type-post","status-publish","format-standard","hentry","category-171","category-vers"],"_links":{"self":[{"href":"https:\/\/fedelnelkul.hu\/en\/wp-json\/wp\/v2\/posts\/2052","targetHints":{"allow":["GET"]}}],"collection":[{"href":"https:\/\/fedelnelkul.hu\/en\/wp-json\/wp\/v2\/posts"}],"about":[{"href":"https:\/\/fedelnelkul.hu\/en\/wp-json\/wp\/v2\/types\/post"}],"author":[{"embeddable":true,"href":"https:\/\/fedelnelkul.hu\/en\/wp-json\/wp\/v2\/users\/101"}],"replies":[{"embeddable":true,"href":"https:\/\/fedelnelkul.hu\/en\/wp-json\/wp\/v2\/comments?post=2052"}],"version-history":[{"count":0,"href":"https:\/\/fedelnelkul.hu\/en\/wp-json\/wp\/v2\/posts\/2052\/revisions"}],"wp:attachment":[{"href":"https:\/\/fedelnelkul.hu\/en\/wp-json\/wp\/v2\/media?parent=2052"}],"wp:term":[{"taxonomy":"category","embeddable":true,"href":"https:\/\/fedelnelkul.hu\/en\/wp-json\/wp\/v2\/categories?post=2052"},{"taxonomy":"post_tag","embeddable":true,"href":"https:\/\/fedelnelkul.hu\/en\/wp-json\/wp\/v2\/tags?post=2052"}],"curies":[{"name":"wp","href":"https:\/\/api.w.org\/{rel}","templated":true}]}}