{"id":2030,"date":"2018-02-10T20:34:02","date_gmt":"2018-02-10T20:34:02","guid":{"rendered":"http:\/\/fedelnelkul.hu\/2018\/02\/10\/korkep-2\/"},"modified":"2019-12-14T15:40:11","modified_gmt":"2019-12-14T14:40:11","slug":"korkep-2","status":"publish","type":"post","link":"https:\/\/fedelnelkul.hu\/en\/2018\/02\/10\/korkep-2\/","title":{"rendered":"K\u00f6rk\u00e9p"},"content":{"rendered":"<p>Duruzsol a TV,<br \/>\nPedig senki se n\u00e9zi,<br \/>\nA serpeny\u0151 alj\u00e1ra<br \/>\nR\u00e1\u00e9g a pr\u00e9zli.<br \/>\nVillanyk\u00f6rte-foglalatot<br \/>\nL\u00f3b\u00e1l a l\u00e9pcs\u0151h\u00e1zi huzat,<br \/>\nKi\u00e9g majd az is:<br \/>\nHetekig t\u00f6ks\u00f6t\u00e9t marad.<\/p>\n<p>A k\u0151l\u00e9pcs\u0151n v\u00e1rja<br \/>\nEgy l\u00e1ny a kir\u00e1lyfit,<br \/>\nT\u00fal a harmincon<br \/>\n-annyit percenk\u00e9nt \u00e1s\u00edt-,<br \/>\nCsak a teste van ott,<br \/>\n\u00c9s m\u00e1r r\u00e9gen megszokt\u00e1k,<br \/>\nHogy kiker\u00fclj\u00e9k,<br \/>\nMik\u00f6zben lesik a post\u00e1t.<\/p>\n<p>Gy\u00f6ny\u00f6r\u0171 reggel,<br \/>\nT\u00e9nyleg ez kell,<br \/>\nBirk\u00f3zzunk a csekkekkel.<br \/>\n\u00c1lljunk sorba,<br \/>\nSorsunkra v\u00e1rva,<br \/>\nMent\u0151 fordul be az utc\u00e1ba\u2026<\/p>\n<p>Eszm\u00e9letlen sz\u00e9p<br \/>\nEst\u00e9t tess\u00e9k<br \/>\n\u00c1t\u00e9lni, ut\u00e1na pr\u00e9dik\u00e1ljon,<br \/>\nMi mindent csin\u00e1lna m\u00e1sk\u00e9pp,<br \/>\n\u00cdrjon r\u00f3la meghat\u00f3 essz\u00e9t,<br \/>\nA sz\u00e9tk\u00f6ny\u00f6k\u00f6lt kocsmapulton.<\/p>\n<p>Kukucsk\u00e1l\u00f3kon kereszt\u00fcl any\u00e1znak,<br \/>\nMesszire rep\u00edtik &#8220;j\u00f3 h\u00edr\u00e9t&#8221; a h\u00e1znak,<br \/>\nA tegnapokat elsz\u00e1ntan sat\u00edrozz\u00e1k,<br \/>\nElhitetik veled: a pokol mennyorsz\u00e1g.<br \/>\nFogy a gyertya- ez a term\u00e9szete,<br \/>\nF\u00fczetlapokat \u00edrsz f\u00e9ny\u00e9n\u00e9l tele,<br \/>\nSosem lehetsz k\u00e9szen, mindig lesz \u00fcres,<br \/>\nVan sok ezer \u00fat, de te csak ezen mehetsz.<\/p>\n<p>Flakonos a nyer\u0151, olcs\u00f3, nagyot \u00fct,<br \/>\nR\u00e9szletk\u00e9rd\u00e9s- szombat vagy cs\u00fct\u00f6rt\u00f6k,<br \/>\n\u00dagy t\u0171nik, este t\u00edz, itt kor\u00e1n, nem k\u00e9s\u0151,<br \/>\nPont ekkor ugrik feljebb a hanger\u0151.<br \/>\nT\u00fal kell esned a t\u0171zkereszts\u00e9gen,<br \/>\nP\u00e1r kilakoltat\u00e1son, elv\u00e1lt feles\u00e9gen.<br \/>\n\u0170znek a sz\u00e1ml\u00e1k, v\u00e9g\u00fcl te is leszaladsz<br \/>\nA sarki k\u00f6z\u00e9rtbe: v\u00e1r a Hal\u00e1los Barack\u2026<\/p>\n<p>Gy\u00f6ny\u00f6r\u0171 reggel,<br \/>\nT\u00e9nyleg ez kell,<br \/>\nBirk\u00f3zzunk a csekkekkel.<br \/>\n\u00c1lljunk sorba,<br \/>\nSorsunkra v\u00e1rva,<br \/>\nMent\u0151 fordul be az utc\u00e1ba\u2026<\/p>\n<p>Eszm\u00e9letlen sz\u00e9p<br \/>\nEst\u00e9t tess\u00e9k<br \/>\n\u00c1t\u00e9lni, ut\u00e1na pr\u00e9dik\u00e1ljon,<br \/>\nMi mindent csin\u00e1lna m\u00e1sk\u00e9pp,<br \/>\n\u00cdrjon r\u00f3la meghat\u00f3 essz\u00e9t,<br \/>\nA sz\u00e9tk\u00f6ny\u00f6k\u00f6lt kocsmapulton.<\/p>\n<div class='watch-action'><div class='watch-position align-left'><div class='action-like'><a class='lbg-style1 like-2030 jlk' href='javascript:void(0)' data-task='like' data-post_id='2030' data-nonce='3fb9406b72' rel='nofollow'><img class='wti-pixel' src='https:\/\/fedelnelkul.hu\/wp-content\/plugins\/wti-like-post\/images\/pixel.gif' title='Like' \/><span class='lc-2030 lc'>0<\/span><\/a><\/div><\/div> <div class='status-2030 status align-left'><\/div><\/div><div class='wti-clear'><\/div>","protected":false},"excerpt":{"rendered":"<p>Duruzsol a TV, Pedig senki se n\u00e9zi, A serpeny\u0151 alj\u00e1ra R\u00e1\u00e9g a pr\u00e9zli. Villanyk\u00f6rte-foglalatot L\u00f3b\u00e1l a l\u00e9pcs\u0151h\u00e1zi huzat, Ki\u00e9g majd az is: Hetekig t\u00f6ks\u00f6t\u00e9t marad. A k\u0151l\u00e9pcs\u0151n v\u00e1rja Egy l\u00e1ny a kir\u00e1lyfit, T\u00fal a harmincon -annyit percenk\u00e9nt \u00e1s\u00edt-, Csak a teste van ott, \u00c9s m\u00e1r r\u00e9gen megszokt\u00e1k, Hogy kiker\u00fclj\u00e9k, Mik\u00f6zben lesik a post\u00e1t. Gy\u00f6ny\u00f6r\u0171 reggel, &hellip; <a href=\"https:\/\/fedelnelkul.hu\/en\/2018\/02\/10\/korkep-2\/\" class=\"more-link\">Continue reading <span class=\"screen-reader-text\">K\u00f6rk\u00e9p<\/span><\/a><\/p>\n","protected":false},"author":352,"featured_media":0,"comment_status":"closed","ping_status":"open","sticky":false,"template":"","format":"standard","meta":{"footnotes":""},"categories":[169,10],"tags":[],"class_list":["post-2030","post","type-post","status-publish","format-standard","hentry","category-169","category-vers"],"_links":{"self":[{"href":"https:\/\/fedelnelkul.hu\/en\/wp-json\/wp\/v2\/posts\/2030","targetHints":{"allow":["GET"]}}],"collection":[{"href":"https:\/\/fedelnelkul.hu\/en\/wp-json\/wp\/v2\/posts"}],"about":[{"href":"https:\/\/fedelnelkul.hu\/en\/wp-json\/wp\/v2\/types\/post"}],"author":[{"embeddable":true,"href":"https:\/\/fedelnelkul.hu\/en\/wp-json\/wp\/v2\/users\/352"}],"replies":[{"embeddable":true,"href":"https:\/\/fedelnelkul.hu\/en\/wp-json\/wp\/v2\/comments?post=2030"}],"version-history":[{"count":1,"href":"https:\/\/fedelnelkul.hu\/en\/wp-json\/wp\/v2\/posts\/2030\/revisions"}],"predecessor-version":[{"id":6055,"href":"https:\/\/fedelnelkul.hu\/en\/wp-json\/wp\/v2\/posts\/2030\/revisions\/6055"}],"wp:attachment":[{"href":"https:\/\/fedelnelkul.hu\/en\/wp-json\/wp\/v2\/media?parent=2030"}],"wp:term":[{"taxonomy":"category","embeddable":true,"href":"https:\/\/fedelnelkul.hu\/en\/wp-json\/wp\/v2\/categories?post=2030"},{"taxonomy":"post_tag","embeddable":true,"href":"https:\/\/fedelnelkul.hu\/en\/wp-json\/wp\/v2\/tags?post=2030"}],"curies":[{"name":"wp","href":"https:\/\/api.w.org\/{rel}","templated":true}]}}