{"id":2008,"date":"2018-02-10T20:34:01","date_gmt":"2018-02-10T20:34:01","guid":{"rendered":"http:\/\/fedelnelkul.hu\/2018\/02\/10\/o-dombok\/"},"modified":"2018-02-10T20:34:01","modified_gmt":"2018-02-10T20:34:01","slug":"o-dombok","status":"publish","type":"post","link":"https:\/\/fedelnelkul.hu\/en\/2018\/02\/10\/o-dombok\/","title":{"rendered":"\u00d3 dombok&#8230;"},"content":{"rendered":"<div>\n\u00d3 dombok hegyes r\u00e9szek\n<\/div>\n<div>\nf\u00e1k f\u00fcvek az \u00e9g \u00e9s t\u00e9ged\n<\/div>\n<div>\nK\u00e9ked a cs\u00f3k k\u00f6zben ahogy\n<\/div>\n<div>\nn\u00e9zett &#8211; az akit csak a sz\u00fcrke\n<\/div>\n<div>\n\n<\/div>\n<div>\nbetonfed\u00e9l ami v\u00e1rhat..\n<\/div>\n<div>\n\u00f6lel\u00e9sek cs\u00f3kok a m\u00fal\u00f3\u00a0\n<\/div>\n<div>\nid\u0151 &#8211; a t\u00e1vols\u00e1g az elfogy\u00f3\u00a0\n<\/div>\n<div>\nleveg\u0151 kisebb s nagyobb\u00a0\n<\/div>\n<div>\ngondok mennyi\u00a0\n<\/div>\n<div>\nkaszabol\u00f3 k\u00e9sek\n<\/div>\n<div>\n\n<\/div>\n<div>\nhal\u00e1liz\u0171 k\u00f6nny\u00f3ce\u00e1non\n<\/div>\n<div>\nj\u00e1rm\u0171 n\u00e9lk\u00fcli tenger\u00e9szet\n<\/div>\n<div>\njaj hogy f\u00e1jhat \u00edgy ez\n<\/div>\n<div>\na marad\u00e9knyi kis \u00e9let\n<\/div>\n<div>\n\n<\/div>\n<div>\nhi\u00e1ba voltak kezdetek \u00e9s\n<\/div>\n<div>\nhi\u00e1ba j\u00f6nnek a v\u00e9gek &#8211;\n<\/div>\n<div>\npedig mily gy\u00f6ny\u00f6r\u0171 volt s\n<\/div>\n<div>\nm\u00e9gis elrontottuk s m\u00e1r\n<\/div>\n<div>\nhogy mennyire is r\u00e9gen\n<\/div>\n<div>\n\n<\/div>\n<div>\nmostanra csak a k\u00edn &#8211;\n<\/div>\n<div>\nha \u00e1llok ha l\u00e9pek&#8230;\n<\/div>\n<div>\n\n<\/div>\n<div>\nsose voltt\u00e1 v\u00e1lt minden\n<\/div>\n<div>\nkezdet gyorsul\u00f3 iramban\n<\/div>\n<div>\nsz\u00e1ll el ez a r\u00f6vid kis \u00e9let&#8230;\n<\/div>\n<div>\n\n<\/div>\n<div>\n\n<\/div>\n<div>\n\n<\/div>\n<div>\n2013 j\u00falius, 1. d\u00edj\n<\/div>\n<div class='watch-action'><div class='watch-position align-left'><div class='action-like'><a class='lbg-style1 like-2008 jlk' href='javascript:void(0)' data-task='like' data-post_id='2008' data-nonce='f48ebca404' rel='nofollow'><img class='wti-pixel' src='https:\/\/fedelnelkul.hu\/wp-content\/plugins\/wti-like-post\/images\/pixel.gif' title='Like' \/><span class='lc-2008 lc'>0<\/span><\/a><\/div><\/div> <div class='status-2008 status align-left'><\/div><\/div><div class='wti-clear'><\/div>","protected":false},"excerpt":{"rendered":"<p>\u00d3 dombok hegyes r\u00e9szek f\u00e1k f\u00fcvek az \u00e9g \u00e9s t\u00e9ged K\u00e9ked a cs\u00f3k k\u00f6zben ahogy n\u00e9zett &#8211; az akit csak a sz\u00fcrke betonfed\u00e9l ami v\u00e1rhat.. \u00f6lel\u00e9sek cs\u00f3kok a m\u00fal\u00f3\u00a0 id\u0151 &#8211; a t\u00e1vols\u00e1g az elfogy\u00f3\u00a0 leveg\u0151 kisebb s nagyobb\u00a0 gondok mennyi\u00a0 kaszabol\u00f3 k\u00e9sek hal\u00e1liz\u0171 k\u00f6nny\u00f3ce\u00e1non j\u00e1rm\u0171 n\u00e9lk\u00fcli tenger\u00e9szet jaj hogy f\u00e1jhat \u00edgy ez a marad\u00e9knyi &hellip; <a href=\"https:\/\/fedelnelkul.hu\/en\/2018\/02\/10\/o-dombok\/\" class=\"more-link\">Continue reading <span class=\"screen-reader-text\">\u00d3 dombok&#8230;<\/span><\/a><\/p>\n","protected":false},"author":96,"featured_media":0,"comment_status":"closed","ping_status":"open","sticky":false,"template":"","format":"standard","meta":{"footnotes":""},"categories":[168,10],"tags":[],"class_list":["post-2008","post","type-post","status-publish","format-standard","hentry","category-168","category-vers"],"_links":{"self":[{"href":"https:\/\/fedelnelkul.hu\/en\/wp-json\/wp\/v2\/posts\/2008","targetHints":{"allow":["GET"]}}],"collection":[{"href":"https:\/\/fedelnelkul.hu\/en\/wp-json\/wp\/v2\/posts"}],"about":[{"href":"https:\/\/fedelnelkul.hu\/en\/wp-json\/wp\/v2\/types\/post"}],"author":[{"embeddable":true,"href":"https:\/\/fedelnelkul.hu\/en\/wp-json\/wp\/v2\/users\/96"}],"replies":[{"embeddable":true,"href":"https:\/\/fedelnelkul.hu\/en\/wp-json\/wp\/v2\/comments?post=2008"}],"version-history":[{"count":0,"href":"https:\/\/fedelnelkul.hu\/en\/wp-json\/wp\/v2\/posts\/2008\/revisions"}],"wp:attachment":[{"href":"https:\/\/fedelnelkul.hu\/en\/wp-json\/wp\/v2\/media?parent=2008"}],"wp:term":[{"taxonomy":"category","embeddable":true,"href":"https:\/\/fedelnelkul.hu\/en\/wp-json\/wp\/v2\/categories?post=2008"},{"taxonomy":"post_tag","embeddable":true,"href":"https:\/\/fedelnelkul.hu\/en\/wp-json\/wp\/v2\/tags?post=2008"}],"curies":[{"name":"wp","href":"https:\/\/api.w.org\/{rel}","templated":true}]}}