{"id":19880,"date":"2026-04-22T13:39:22","date_gmt":"2026-04-22T11:39:22","guid":{"rendered":"https:\/\/fedelnelkul.hu\/?p=19880"},"modified":"2026-04-22T13:39:53","modified_gmt":"2026-04-22T11:39:53","slug":"edes-emlek","status":"publish","type":"post","link":"https:\/\/fedelnelkul.hu\/en\/2026\/04\/22\/edes-emlek\/","title":{"rendered":"\u00c9des eml\u00e9k"},"content":{"rendered":"<p><span style=\"font-weight: 400;\">\u00c9desany\u00e1m kor\u00e1n kelt, kiss\u00e9 nehez\u00e9re esett kikelni az \u00e1gyb\u00f3l n\u00f6vekv\u0151 pocakja miatt, de sok volt a tennival\u00f3, hiszen nyolc gyerek vette k\u00f6r\u00fcl. A sparheltba gy\u00fajt\u00f3st rakott \u00e9s pillanatok alatt vid\u00e1m, \u00e9l\u00e9nk pattog\u00e1ssal l\u00e1ngra lobbant a sz\u00e1raz gally. Pir\u00edtott zs\u00edros keny\u00e9r \u00e9s \u00e9getett cukortea volt a reggeli, az illata belengte a h\u00e1z minden zug\u00e1t. Lem\u00e1sztam a szalm\u00e1val kib\u00e9lelt \u00e1gyr\u00f3l, a t\u00f6bbiek is kiss\u00e9 k\u00e1b\u00e1n t\u00f6r\u00f6lgett\u00e9k ki az \u00e1lmot szem\u00fckb\u0151l. \u00c9hesek voltunk, mi mindig \u00e9hesek voltunk. Ap\u00e1m dik\u00f3ja m\u00e1r \u00fcres volt, kora hajnalban indult a hegyre, hogy azt a tem\u00e9rdek sz\u0151l\u0151t\u0151k\u00e9t rendbe tegye. K\u00e9s\u0151bb a kistes\u00f3kkal kiment\u00fcnk az udvarra j\u00e1tszani, \u00fcres konzerves dobozokkal \u00e9s fap\u00e1lcik\u00e1val imit\u00e1ltuk a f\u0151z\u00e9st, n\u00e9ha sz\u00fcrcs\u00f6l\u0151 hangon k\u00f3stoltuk a nem l\u00e9tez\u0151 paszulylevest.<\/span><\/p>\n<p><span style=\"font-weight: 400;\">Any\u00e1m szorgosan v\u00e1lyogot vetett a t\u00e1gas udvaron, deszk\u00e1b\u00f3l k\u00e9sz\u00fclt form\u00e1j\u00e1ba gyakorlott mozdulattal sim\u00edtotta bele a sarat, egy apr\u00f3 k\u00e9zjegyet hagyva minden egyes v\u00e1lyog felsz\u00edn\u00e9n. Egy ideig csak n\u00e9ztem k\u00f6r\u00fcl\u00f6tte sertepert\u00e9lve, ahogy id\u0151nk\u00e9nt let\u00f6rli s\u00e1ros k\u00e9zfej\u00e9vel a homlok\u00e1n v\u00e1nszorg\u00f3 izzads\u00e1gcseppeket, ahogy a rakonc\u00e1tlan hossz\u00fa barna haja n\u00e9ha leomlik a frissen vetett v\u00e1lyogokra, de \u0151 t\u00fcrelmesen \u00fajra kontyba rakta.<\/span><\/p>\n<p><span style=\"font-weight: 400;\">Figyeltem, ahogy szorgosan hajlong, any\u00e1m t\u00f6r\u00e9keny termete \u00f3ri\u00e1sinak t\u0171nt. Egyet gondolva megm\u00e1sztam a legk\u00f6zelebbi kis szilvaf\u00e1t, ap\u00e1m egyik f\u00e9ltett kincs\u00e9t, abszol\u00fat nem gondolva a k\u00f6vetkezm\u00e9nyekre, amit ap\u00e1m kir\u00f3hat r\u00e1m.\u00a0<\/span><\/p>\n<p><span style=\"font-weight: 400;\">Csak \u00fagy rohant az id\u0151, mez\u00edtelen l\u00e1bbal fog\u00f3csk\u00e1ztunk, b\u00faj\u00f3csk\u00e1ztunk a testv\u00e9reimmel, n\u00e9ha megkergett\u00fck az utunkba akadt ty\u00fakokat, aminek any\u00e1m nem \u00f6r\u00fclt, \u00e9s szigor\u00faan r\u00e1nk ripakodott.<\/span><\/p>\n<p><span style=\"font-weight: 400;\">Any\u00e1m a lav\u00f3rban megmosta s\u00e1ros kez\u00e9t, l\u00e1b\u00e1t \u00e9s le\u00fclt a torn\u00e1cra szusszani egy keveset, azt\u00e1n indult a konyh\u00e1ba, hogy eb\u00e9det k\u00e9sz\u00edtsen a sok kis \u00e9hes sz\u00e1jnak.<\/span><\/p>\n<p><span style=\"font-weight: 400;\">Any\u00e1m figyelmeztet\u00e9s\u00e9re az udvaron l\u00e9v\u0151 szemetet, kacatot \u00f6ssze kellett szedn\u00fcnk, mert bizony ap\u00e1m nem t\u0171rte az eff\u00e9le hanyags\u00e1got. Any\u00e1m elk\u00fcldte id\u0151sebb n\u0151v\u00e9rem friss v\u00edz\u00e9rt s r\u00e1k\u00f6t\u00f6tte, hogy siessen. \u0150 elindult kez\u00e9ben a nyikorg\u00f3 f\u00fcl\u0171 vizesv\u00f6d\u00f6rrel, a t\u0151l\u00fcnk t\u00e1volabb l\u00e9v\u0151 g\u00e9mesk\u00fatra.<\/span><\/p>\n<p><span style=\"font-weight: 400;\">M\u00e1r j\u00f3csk\u00e1n s\u00fct\u00f6tt a nap, \u00e1rny\u00e9kot keresve a szilvafa al\u00e1 telepedt\u00fcnk, krist\u00e1lycukorral megsz\u00f3rt kenyeret majszolva, vid\u00e1man diskur\u00e1ltunk, hogy mit is j\u00e1tszunk.<\/span><\/p>\n<p><span style=\"font-weight: 400;\">K\u00e9s\u0151bb megpillantottam azt a rengeteg s\u00e1rt\u00e9gl\u00e1t, amik gondtalanul ott s\u00fcttett\u00e9k hasukat a z\u00f6ld f\u0171ben meglapulva, aminek alig l\u00e1ttam a v\u00e9g\u00e9t. Egyszer\u0171en kihagyhatatlan, csod\u00e1s mulats\u00e1gnak t\u0171nt \u00e9s egyszer\u0171en nem tudtam ellen\u00e1llni, nekil\u00f3dultam s futottam egy j\u00f3kora k\u00f6rt a v\u00e1lyogt\u00e9gl\u00e1kon.<\/span><\/p>\n<p><span style=\"font-weight: 400;\">Micsoda boldogs\u00e1g!<\/span><\/p>\n<p><span style=\"font-weight: 400;\">Any\u00e1m bizony hamar felfedezte az apr\u00f3 l\u00e1bnyomokat a v\u00e1lyog tetej\u00e9n, er\u0151teljes hangj\u00e1n kiab\u00e1lt el\u0151 minket. Inger\u00fclten k\u00e9rdezte, hogy melyik\u0151nk tette? Persze egyik\u0151nk se sz\u00f3lalt meg, \u00e9n lehajtott fejjel \u00e1lltam el\u0151tte, \u00edgy a v\u00e9g\u00e9n mindh\u00e1rm\u00f3nk l\u00e1b\u00e1t beleillesztette az ott hagyott nyomba.<\/span><\/p>\n<p><span style=\"font-weight: 400;\">\u2013 H\u00e1t te volt\u00e1l az?! Huncutabb vagy mint egy kisfi\u00fa! \u2013 n\u00e9zett r\u00e1m \u00f6sszer\u00e1ncolt szem\u00f6ld\u00f6kkel.<\/span><\/p>\n<p><span style=\"font-weight: 400;\">\u00d6sszecsapta k\u00e9t tenyer\u00e9t indulatos tehetetlens\u00e9g\u00e9ben.<\/span><\/p>\n<p><span style=\"font-weight: 400;\">\u2013 Istenem! Most hogy adom el a v\u00e1lyogot? Ki fogja \u00edgy megvenni? \u2013 k\u00e9rdezte mag\u00e1t\u00f3l k\u00e9ts\u00e9gbeesetten.<\/span><\/p>\n<p><span style=\"font-weight: 400;\">Any\u00e1m hangja bossz\u00fas volt \u00e9s agg\u00f3d\u00f3. Pr\u00f3b\u00e1ltam l\u00e1thatatlann\u00e1 v\u00e1lni, \u00e9s cs\u00f6ndben elsomford\u00e1lni. A szemem sark\u00e1b\u00f3l m\u00e9g l\u00e1ttam, ahogy pr\u00f3b\u00e1lja elt\u00fcntetni a k\u00e1rt, amit okoztam.<\/span><\/p>\n<p><span style=\"font-weight: 400;\">Most m\u00e1r tudom, b\u00e1ntott a lelkiismeret, ker\u00fcltem any\u00e1mat, \u00edgy h\u00e1t sietve tettem v\u00e1ratlan l\u00e1togat\u00e1st a nagymam\u00e1n\u00e1l.<\/span><\/p>\n<p><span style=\"font-weight: 400;\">\u00c9desany\u00e1m odafent, \u00e9n idelent, tal\u00e1n egy\u00fctt mosolygunk ezen a r\u00e9gi sztorin.<\/span><\/p>\n<div class='watch-action'><div class='watch-position align-left'><div class='action-like'><a class='lbg-style1 like-19880 jlk' href='javascript:void(0)' data-task='like' data-post_id='19880' data-nonce='07417c0bc1' rel='nofollow'><img class='wti-pixel' src='https:\/\/fedelnelkul.hu\/wp-content\/plugins\/wti-like-post\/images\/pixel.gif' title='Like' \/><span class='lc-19880 lc'>0<\/span><\/a><\/div><\/div> <div class='status-19880 status align-left'><\/div><\/div><div class='wti-clear'><\/div>","protected":false},"excerpt":{"rendered":"<p>\u00c9desany\u00e1m kor\u00e1n kelt, kiss\u00e9 nehez\u00e9re esett kikelni az \u00e1gyb\u00f3l n\u00f6vekv\u0151 pocakja miatt, de sok volt a tennival\u00f3, hiszen nyolc gyerek vette k\u00f6r\u00fcl. A sparheltba gy\u00fajt\u00f3st rakott \u00e9s pillanatok alatt vid\u00e1m, \u00e9l\u00e9nk pattog\u00e1ssal l\u00e1ngra lobbant a sz\u00e1raz gally. Pir\u00edtott zs\u00edros keny\u00e9r \u00e9s \u00e9getett cukortea volt a reggeli, az illata belengte a h\u00e1z minden zug\u00e1t. Lem\u00e1sztam a &hellip; <a href=\"https:\/\/fedelnelkul.hu\/en\/2026\/04\/22\/edes-emlek\/\" class=\"more-link\">Continue reading <span class=\"screen-reader-text\">\u00c9des eml\u00e9k<\/span><\/a><\/p>\n","protected":false},"author":9440,"featured_media":0,"comment_status":"closed","ping_status":"open","sticky":false,"template":"","format":"standard","meta":{"footnotes":""},"categories":[9],"tags":[],"class_list":["post-19880","post","type-post","status-publish","format-standard","hentry","category-szepproza"],"_links":{"self":[{"href":"https:\/\/fedelnelkul.hu\/en\/wp-json\/wp\/v2\/posts\/19880","targetHints":{"allow":["GET"]}}],"collection":[{"href":"https:\/\/fedelnelkul.hu\/en\/wp-json\/wp\/v2\/posts"}],"about":[{"href":"https:\/\/fedelnelkul.hu\/en\/wp-json\/wp\/v2\/types\/post"}],"author":[{"embeddable":true,"href":"https:\/\/fedelnelkul.hu\/en\/wp-json\/wp\/v2\/users\/9440"}],"replies":[{"embeddable":true,"href":"https:\/\/fedelnelkul.hu\/en\/wp-json\/wp\/v2\/comments?post=19880"}],"version-history":[{"count":2,"href":"https:\/\/fedelnelkul.hu\/en\/wp-json\/wp\/v2\/posts\/19880\/revisions"}],"predecessor-version":[{"id":19882,"href":"https:\/\/fedelnelkul.hu\/en\/wp-json\/wp\/v2\/posts\/19880\/revisions\/19882"}],"wp:attachment":[{"href":"https:\/\/fedelnelkul.hu\/en\/wp-json\/wp\/v2\/media?parent=19880"}],"wp:term":[{"taxonomy":"category","embeddable":true,"href":"https:\/\/fedelnelkul.hu\/en\/wp-json\/wp\/v2\/categories?post=19880"},{"taxonomy":"post_tag","embeddable":true,"href":"https:\/\/fedelnelkul.hu\/en\/wp-json\/wp\/v2\/tags?post=19880"}],"curies":[{"name":"wp","href":"https:\/\/api.w.org\/{rel}","templated":true}]}}