{"id":19877,"date":"2026-04-22T13:38:03","date_gmt":"2026-04-22T11:38:03","guid":{"rendered":"https:\/\/fedelnelkul.hu\/?p=19877"},"modified":"2026-04-22T13:38:03","modified_gmt":"2026-04-22T11:38:03","slug":"a-lathatatlan-osveny","status":"publish","type":"post","link":"https:\/\/fedelnelkul.hu\/en\/2026\/04\/22\/a-lathatatlan-osveny\/","title":{"rendered":"A L\u00e1thatatlan \u00d6sv\u00e9ny"},"content":{"rendered":"<p><span style=\"font-weight: 400;\">A 3-as metr\u00f3 alulj\u00e1r\u00f3ja d\u00e9lut\u00e1n \u00f6t \u00f3rakor nem emberi tart\u00f3zkod\u00e1sra val\u00f3 hely. Ez a Betondzsungel gyomra. Izzadts\u00e1gszag, olcs\u00f3 parf\u00fcm \u00e9s a s\u00ednekr\u0151l felsz\u00e1ll\u00f3 f\u00e9mpor \u00edze keveredik a leveg\u0151ben. Az emberek nem j\u00e1rnak, hanem h\u00f6mp\u00f6ly\u00f6gnek, mint egy megvadult csorda, k\u00f6ny\u00f6k\u00f6lnek, l\u00f6kd\u00f6s\u0151dnek, telefonba ord\u00edtanak.<\/span><\/p>\n<p><span style=\"font-weight: 400;\">Pali a falhoz lapulva \u00e1llt, kez\u00e9ben a feh\u00e9r bottal. Sz\u00e1m\u00e1ra ez a dzsungel nem l\u00e1that\u00f3, de ann\u00e1l hangosabb \u00e9s f\u00e9lelmetesebb. \u2013 Menj m\u00e1r arr\u00e9bb, te szerencs\u00e9tlen! \u2013 l\u00f6kte oldalba egy siet\u0151 aktat\u00e1sk\u00e1s. Pali csak b\u00f3lintott, \u00e9s szorosabbra h\u00fazta mag\u00e1n a kopott kab\u00e1tot. Megszokta. \u0150 itt csak egy akad\u00e1ly a betonon. Egy fekv\u0151rend\u0151r a rohan\u00f3 vil\u00e1gban.<\/span><\/p>\n<p><span style=\"font-weight: 400;\">Azt\u00e1n hirtelen megt\u00f6rt\u00e9nt. Egy \u00e9les csattan\u00e1s, majd a sik\u00edt\u00f3 f\u00e9kek hangja, \u00e9s v\u00e9g\u00fcl: a csend. Azt\u00e1n a s\u00f6t\u00e9ts\u00e9g. Az \u00e1ram elment. A v\u00e9szvil\u00e1g\u00edt\u00e1s nem kapcsolt be. A betondzsungel egyetlen pillanat alatt elvesztette a szem\u00e9t. A n\u00e9ma d\u00f6bbenetet sikolyok t\u00f6rt\u00e9k meg. A s\u00f6t\u00e9tben a \u201ecsorda\u201d p\u00e1nikba esett. Az emberek, akik az im\u00e9nt m\u00e9g magabiztosan g\u00e1zoltak \u00e1t mindenen, most vakon kap\u00e1l\u00f3ztak. \u00dctk\u00f6ztek, kiab\u00e1ltak, s\u00edrtak. A betonfalak, amik eddig az ir\u00e1nyt adt\u00e1k, most b\u00f6rt\u00f6nn\u00e9 v\u00e1ltak.<\/span><\/p>\n<p><span style=\"font-weight: 400;\">Pali azonban nem \u00e9rzett f\u00e9lelmet. Neki a s\u00f6t\u00e9ts\u00e9g nem ellens\u00e9g volt, hanem otthon. \u00c9s akkor meghallotta. Nem f\u00fcllel, hanem valahol legbel\u00fcl. Egy finom, ritmusos dobog\u00e1st. Mintha pat\u00e1k kopogn\u00e1nak a k\u00f6v\u00f6n, de nem a menek\u00fcl\u00e9s, hanem a vezet\u00e9s ritmus\u00e1ra. A Csodaszarvas. Nem l\u00e1tta, hiszen hogyan is l\u00e1thatta volna? De \u00e9rezte a jelenl\u00e9t\u00e9t. \u00c9rezte a huzatot, amit az agancsai kavartak a s\u0171r\u0171, f\u00fclledt leveg\u0151ben. A huzat a kij\u00e1rat fel\u0151l j\u00f6tt. A tisztas\u00e1g fel\u0151l.<\/span><\/p>\n<p><span style=\"font-weight: 400;\">Pali felegyenesedett. A g\u00f6rnyedt koldus tart\u00e1sa elt\u0171nt. A feh\u00e9r botja koppant a k\u00f6v\u00f6n. Kopp. Kopp. Kopp. A hang \u00e9les volt \u00e9s tiszta a p\u00e1nikzajban. \u2013 H\u00e9! \u2013 ki\u00e1ltotta el mag\u00e1t. A hangja meglep\u0151en er\u0151s volt. \u2013 \u00c9n l\u00e1tom az utat! \u2013 A kiab\u00e1l\u00e1s elcsendesedett. \u2013 K\u00f6vess\u00e9k a hangot! \u2013 mondta Pali, \u00e9s elindult.<\/span><\/p>\n<p><span style=\"font-weight: 400;\">A botja volt az agancs, ami letapogatta a teret. \u0150 l\u00e9pett el\u00f6l, a \u201eszerencs\u00e9tlen\u201d, a \u201evak koldus\u201d, m\u00f6g\u00f6tte pedig a v\u00e1rosi ragadoz\u00f3k, a menedzserek, a di\u00e1kok, a divatos h\u00f6lgyek, most mind engedelmesen, egym\u00e1sba kapaszkodva k\u00f6vett\u00e9k. Pali vezette \u0151ket. A Csodaszarvas nyom\u00e1ban j\u00e1rt, a l\u00e1thatatlan \u00f6sv\u00e9nyen, fel a mozg\u00f3l\u00e9pcs\u0151n, ami most csak egy meredek hegyoldal volt, \u00e1t a forg\u00f3kapukon, amik most csak bokrok voltak az erd\u0151ben. \u00c9rezte a kinti leveg\u0151 illat\u00e1t. Az es\u0151 szag\u00e1t.<\/span><\/p>\n<p><span style=\"font-weight: 400;\">Ahogy ki\u00e9rtek a felsz\u00ednre, az utcai l\u00e1mp\u00e1k f\u00e9nye megcsillant az arcokon. Az emberek hunyorogtak, h\u00e1l\u00e1lkodtak, egym\u00e1st \u00f6lelgett\u00e9k. \u2013 Ki volt az? Ki vezetett ki minket? \u2013 k\u00e9rdezgett\u00e9k. De Pali m\u00e1r nem volt ott a k\u00f6z\u00e9ppontban. Visszah\u00faz\u00f3dott a metr\u00f3kij\u00e1rat melletti kisz\u00f6gell\u00e9sbe, a megszokott hely\u00e9re. Hallotta a h\u00e1l\u00e1lkod\u00e1st, de nem ment oda a dics\u00e9ret\u00e9rt. A kez\u00e9ben szorongatta a botot. A sz\u00edve m\u00e9g mindig a Csodaszarvas ritmus\u00e1ra dobogott. \u2013 Kivezettem \u0151ket \u2013 gondolta csendesen. \u2013 De \u00e9n m\u00e9g nem \u00e9rtem ki. Meg\u00e9rintette a mellkas\u00e1t. \u2013 A felsz\u00ednre \u00e9rni kev\u00e9s. A f\u00e9nybe kell \u00e9rni. \u00c9s am\u00edg a lelkemben s\u00f6t\u00e9t van, addig hi\u00e1ba s\u00fct a nap.<\/span><\/p>\n<p><span style=\"font-weight: 400;\">Aznap este, a betonon \u00fclve, Pali m\u00e1r nem a s\u00f6t\u00e9ts\u00e9get hallgatta, hanem azt a bels\u0151 dobog\u00e1st kereste \u00fajra. Tudta: a Csodaszarvas nem t\u0171nt el. Csak most m\u00e1r nem kifel\u00e9 vezeti, hanem befel\u00e9, egyre feljebb, a val\u00f3di tiszt\u00e1s fel\u00e9, ahol a l\u00e9lek v\u00e9gre megpihenhet.<\/span><\/p>\n<div class='watch-action'><div class='watch-position align-left'><div class='action-like'><a class='lbg-style1 like-19877 jlk' href='javascript:void(0)' data-task='like' data-post_id='19877' data-nonce='07417c0bc1' rel='nofollow'><img class='wti-pixel' src='https:\/\/fedelnelkul.hu\/wp-content\/plugins\/wti-like-post\/images\/pixel.gif' title='Like' \/><span class='lc-19877 lc'>0<\/span><\/a><\/div><\/div> <div class='status-19877 status align-left'><\/div><\/div><div class='wti-clear'><\/div>","protected":false},"excerpt":{"rendered":"<p>A 3-as metr\u00f3 alulj\u00e1r\u00f3ja d\u00e9lut\u00e1n \u00f6t \u00f3rakor nem emberi tart\u00f3zkod\u00e1sra val\u00f3 hely. Ez a Betondzsungel gyomra. Izzadts\u00e1gszag, olcs\u00f3 parf\u00fcm \u00e9s a s\u00ednekr\u0151l felsz\u00e1ll\u00f3 f\u00e9mpor \u00edze keveredik a leveg\u0151ben. Az emberek nem j\u00e1rnak, hanem h\u00f6mp\u00f6ly\u00f6gnek, mint egy megvadult csorda, k\u00f6ny\u00f6k\u00f6lnek, l\u00f6kd\u00f6s\u0151dnek, telefonba ord\u00edtanak. Pali a falhoz lapulva \u00e1llt, kez\u00e9ben a feh\u00e9r bottal. Sz\u00e1m\u00e1ra ez a dzsungel &hellip; <a href=\"https:\/\/fedelnelkul.hu\/en\/2026\/04\/22\/a-lathatatlan-osveny\/\" class=\"more-link\">Continue reading <span class=\"screen-reader-text\">A L\u00e1thatatlan \u00d6sv\u00e9ny<\/span><\/a><\/p>\n","protected":false},"author":9218,"featured_media":0,"comment_status":"closed","ping_status":"open","sticky":false,"template":"","format":"standard","meta":{"footnotes":""},"categories":[9],"tags":[],"class_list":["post-19877","post","type-post","status-publish","format-standard","hentry","category-szepproza"],"_links":{"self":[{"href":"https:\/\/fedelnelkul.hu\/en\/wp-json\/wp\/v2\/posts\/19877","targetHints":{"allow":["GET"]}}],"collection":[{"href":"https:\/\/fedelnelkul.hu\/en\/wp-json\/wp\/v2\/posts"}],"about":[{"href":"https:\/\/fedelnelkul.hu\/en\/wp-json\/wp\/v2\/types\/post"}],"author":[{"embeddable":true,"href":"https:\/\/fedelnelkul.hu\/en\/wp-json\/wp\/v2\/users\/9218"}],"replies":[{"embeddable":true,"href":"https:\/\/fedelnelkul.hu\/en\/wp-json\/wp\/v2\/comments?post=19877"}],"version-history":[{"count":2,"href":"https:\/\/fedelnelkul.hu\/en\/wp-json\/wp\/v2\/posts\/19877\/revisions"}],"predecessor-version":[{"id":19879,"href":"https:\/\/fedelnelkul.hu\/en\/wp-json\/wp\/v2\/posts\/19877\/revisions\/19879"}],"wp:attachment":[{"href":"https:\/\/fedelnelkul.hu\/en\/wp-json\/wp\/v2\/media?parent=19877"}],"wp:term":[{"taxonomy":"category","embeddable":true,"href":"https:\/\/fedelnelkul.hu\/en\/wp-json\/wp\/v2\/categories?post=19877"},{"taxonomy":"post_tag","embeddable":true,"href":"https:\/\/fedelnelkul.hu\/en\/wp-json\/wp\/v2\/tags?post=19877"}],"curies":[{"name":"wp","href":"https:\/\/api.w.org\/{rel}","templated":true}]}}