{"id":19873,"date":"2026-04-22T13:33:25","date_gmt":"2026-04-22T11:33:25","guid":{"rendered":"https:\/\/fedelnelkul.hu\/?p=19873"},"modified":"2026-04-22T13:33:25","modified_gmt":"2026-04-22T11:33:25","slug":"falak-kozott","status":"publish","type":"post","link":"https:\/\/fedelnelkul.hu\/en\/2026\/04\/22\/falak-kozott\/","title":{"rendered":"Falak k\u00f6z\u00f6tt"},"content":{"rendered":"<ol>\n<li><span style=\"font-weight: 400;\"> fejezet<\/span><\/li>\n<\/ol>\n<p>&nbsp;<\/p>\n<p><span style=\"font-weight: 400;\">Falak k\u00f6z\u00f6tt n\u0151ttem fel. Nemcsak k\u0151b\u0151l rakott, hideg falak k\u00f6z\u00f6tt, hanem szavakb\u00f3l, n\u00e9z\u00e9sekb\u0151l, szab\u00e1lyokb\u00f3l, csendekb\u0151l. Olykor a meg nem \u00e9rt\u00e9s falai z\u00e1rtak k\u00f6r\u00fcl. Egy olyan vil\u00e1gba \u00e9rkeztem, ahol a l\u00e1t\u00e1s hi\u00e1nya nemcsak a szem k\u00e9rd\u00e9se volt, hanem az is, hogy m\u00e1sok hogyan \u201el\u00e1ttak\u201d engem \u2013 vagy ink\u00e1bb hogyan nem.<\/span><\/p>\n<p><span style=\"font-weight: 400;\">De nem volt mindig s\u00f6t\u00e9t. Voltak f\u00e9nyek is. Egy-egy \u00e9rint\u00e9s, egy \u00f6lel\u00e9s, egy dallam \u2013 ezek vil\u00e1g\u00edtottak, mint apr\u00f3 m\u00e9csesek a z\u00e1rt ajt\u00f3k m\u00f6g\u00f6tt. A hangok, szagok, \u00edzek eml\u00e9kekk\u00e9 \u00e1lltak \u00f6ssze bennem, mintha valami m\u00e1sf\u00e9le l\u00e1t\u00e1som lenne. Bels\u0151 l\u00e1t\u00e1s. Ez az \u00e9n t\u00f6rt\u00e9netem. Egy kisl\u00e1ny\u00e9, aki kicsit m\u00e1sk\u00e9pp \u00e9rz\u00e9kelte a vil\u00e1got, de tal\u00e1n \u00e9pp ez\u00e9rt sok mindent jobban meg\u00e9rzett.<\/span><\/p>\n<ol start=\"1990\">\n<li><span style=\"font-weight: 400;\"> augusztus 2-\u00e1n sz\u00fclettem, egy forr\u00f3 ny\u00e1ri napon. A k\u00f3rh\u00e1zban aggodalommal teltek a percek. Anyut azonnal cs\u00e1sz\u00e1rozni kellett. Elaltatt\u00e1k, nem tudott semmir\u0151l. A k\u00f6ld\u00f6kzsin\u00f3r a nyakamra tekeredett, szorosan, mint egy s\u00f6t\u00e9t k\u00edgy\u00f3, ami azt s\u00fagta: \u201ecsendben maradsz\u201d. A sz\u00edvem elhallgatott. A m\u0171t\u0151asztalon der\u00fclt ki minden, ott, ahol m\u00e1r nem j\u00e1rt el\u00e9g oxig\u00e9n.<\/span><\/li>\n<\/ol>\n<p><span style=\"font-weight: 400;\">De amikor kiszabad\u00edtottak, fels\u00edrtam. El\u0151sz\u00f6r halkan, azt\u00e1n egyre er\u0151sebben. A sz\u00edvem \u00fajra vert. Ez volt az els\u0151 gy\u0151zelmem \u2013 az els\u0151 fal, amit le kellett bontanom, miel\u0151tt b\u00e1rki l\u00e1thatott volna.<\/span><\/p>\n<p><span style=\"font-weight: 400;\">Anyu, mire mag\u00e1hoz t\u00e9rt, m\u00e1r megsz\u00fclt engem. K\u00e9s\u0151bb mes\u00e9lte: a has\u00e1t szinte kett\u00e9fesz\u00edtette a m\u00e9retem, \u00e9n pedig csak n\u0151ttem odabent, makacsul, er\u0151sen, mintha m\u00e1r akkor tudtam volna, hogy az \u00e9let\u00e9rt harcolni kell majd.<\/span><\/p>\n<p><span style=\"font-weight: 400;\">Egy furcsa, csendes vil\u00e1gba \u00e9rkeztem, ahol m\u00e9g senki sem sejtette, hogy nem fogom l\u00e1tni azt, amit m\u00e1sok. Hogy nem a szemem vezet majd, hanem a tenyerem, a f\u00fclem, a b\u0151r\u00f6m. A szeretet. \u00c9s n\u00e9ha a f\u00e9lelem is.<\/span><\/p>\n<p><span style=\"font-weight: 400;\">Anyu huszonk\u00e9t \u00e9ves volt. Fiatal, de er\u0151s. A n\u0151v\u00e9rem \u2013 pontosabban f\u00e9ltestv\u00e9rem \u2013 m\u00e1r ott volt el\u0151ttem. \u0150 l\u00e1tott, \u00e9n nem. Ez lett a legnagyobb k\u00fcl\u00f6nbs\u00e9g k\u00f6zt\u00fcnk, b\u00e1r akkor m\u00e9g nem sejtett\u00fck, mennyire m\u00e1s lesz \u00edgy a vil\u00e1g.<\/span><\/p>\n<p><span style=\"font-weight: 400;\">A rendszerv\u00e1lt\u00e1s ut\u00e1n j\u00e1rtunk. Pap\u00edron \u00faj korszak kezd\u0151d\u00f6tt, de a falvakban, a csal\u00e1di h\u00e1zakban m\u00e9g a r\u00e9gi szagok, hangok \u00e9s szok\u00e1sok maradtak. Sz\u00f3lt a Calypso R\u00e1di\u00f3, recsegve. A sparhelt meleg\u00edtette a vizet, sok helyen m\u00e9g k\u00fatb\u00f3l h\u00fazt\u00e1k. Trabantok, Lad\u00e1k, Wartburgok poroltak az utc\u00e1kon, a boltok polcain alig volt v\u00e1laszt\u00e9k, \u00e9s ha valami \u00faj \u00e9rkezett \u2013 ban\u00e1n vagy Nesquik \u2013, abb\u00f3l \u00fcnnep lett.<\/span><\/p>\n<p><span style=\"font-weight: 400;\">Telefonunk nem volt. A h\u00edrek sz\u00e1jr\u00f3l sz\u00e1jra j\u00e1rtak, a t\u00e9v\u00e9ben bemond\u00f3n\u0151k olvast\u00e1k fel a programot. A nap ritmus\u00e1t a harangsz\u00f3, a r\u00e1di\u00f3, a vacsor\u00e1ra f\u0151tt krumpli adta. A gyerekek szabadon m\u00e1szk\u00e1ltak az utc\u00e1n, m\u00edg s\u00f6t\u00e9ted\u00e9skor ki nem sz\u00f3ltak a feln\u0151ttek: \u201eGyere be, m\u00e1r vacsora van!\u201d<\/span><\/p>\n<p><span style=\"font-weight: 400;\">Ez volt az a vil\u00e1g, amelybe belesz\u00fclettem. Vak kisl\u00e1nyk\u00e9nt, aki m\u00e9gsem akart a s\u00f6t\u00e9ts\u00e9gben maradni. Tapogat\u00f3zva, f\u00e9lve, de elsz\u00e1ntan indultam el \u2013 egy olyan vil\u00e1g fel\u00e9, amely vagy elfogadott, vagy csak megtanult elviselni.<\/span><\/p>\n<p><span style=\"font-weight: 400;\">\u00c9s hogy hov\u00e1 vezetett az \u00fat?<\/span><\/p>\n<p><span style=\"font-weight: 400;\">Oda, ahol falak k\u00f6z\u00f6tt kellett megtanulnom, hogyan lehet t\u00fal\u00e9lni, meg\u00e9rteni \u2013 \u00e9s szeretni.<\/span><span style=\"font-weight: 400;\"><\/p>\n<p><\/span><\/p>\n<div class='watch-action'><div class='watch-position align-left'><div class='action-like'><a class='lbg-style1 like-19873 jlk' href='javascript:void(0)' data-task='like' data-post_id='19873' data-nonce='07417c0bc1' rel='nofollow'><img class='wti-pixel' src='https:\/\/fedelnelkul.hu\/wp-content\/plugins\/wti-like-post\/images\/pixel.gif' title='Like' \/><span class='lc-19873 lc'>0<\/span><\/a><\/div><\/div> <div class='status-19873 status align-left'><\/div><\/div><div class='wti-clear'><\/div>","protected":false},"excerpt":{"rendered":"<p>fejezet &nbsp; Falak k\u00f6z\u00f6tt n\u0151ttem fel. Nemcsak k\u0151b\u0151l rakott, hideg falak k\u00f6z\u00f6tt, hanem szavakb\u00f3l, n\u00e9z\u00e9sekb\u0151l, szab\u00e1lyokb\u00f3l, csendekb\u0151l. Olykor a meg nem \u00e9rt\u00e9s falai z\u00e1rtak k\u00f6r\u00fcl. Egy olyan vil\u00e1gba \u00e9rkeztem, ahol a l\u00e1t\u00e1s hi\u00e1nya nemcsak a szem k\u00e9rd\u00e9se volt, hanem az is, hogy m\u00e1sok hogyan \u201el\u00e1ttak\u201d engem \u2013 vagy ink\u00e1bb hogyan nem. De nem volt mindig &hellip; <a href=\"https:\/\/fedelnelkul.hu\/en\/2026\/04\/22\/falak-kozott\/\" class=\"more-link\">Continue reading <span class=\"screen-reader-text\">Falak k\u00f6z\u00f6tt<\/span><\/a><\/p>\n","protected":false},"author":9439,"featured_media":0,"comment_status":"closed","ping_status":"open","sticky":false,"template":"","format":"standard","meta":{"footnotes":""},"categories":[9],"tags":[],"class_list":["post-19873","post","type-post","status-publish","format-standard","hentry","category-szepproza"],"_links":{"self":[{"href":"https:\/\/fedelnelkul.hu\/en\/wp-json\/wp\/v2\/posts\/19873","targetHints":{"allow":["GET"]}}],"collection":[{"href":"https:\/\/fedelnelkul.hu\/en\/wp-json\/wp\/v2\/posts"}],"about":[{"href":"https:\/\/fedelnelkul.hu\/en\/wp-json\/wp\/v2\/types\/post"}],"author":[{"embeddable":true,"href":"https:\/\/fedelnelkul.hu\/en\/wp-json\/wp\/v2\/users\/9439"}],"replies":[{"embeddable":true,"href":"https:\/\/fedelnelkul.hu\/en\/wp-json\/wp\/v2\/comments?post=19873"}],"version-history":[{"count":2,"href":"https:\/\/fedelnelkul.hu\/en\/wp-json\/wp\/v2\/posts\/19873\/revisions"}],"predecessor-version":[{"id":19875,"href":"https:\/\/fedelnelkul.hu\/en\/wp-json\/wp\/v2\/posts\/19873\/revisions\/19875"}],"wp:attachment":[{"href":"https:\/\/fedelnelkul.hu\/en\/wp-json\/wp\/v2\/media?parent=19873"}],"wp:term":[{"taxonomy":"category","embeddable":true,"href":"https:\/\/fedelnelkul.hu\/en\/wp-json\/wp\/v2\/categories?post=19873"},{"taxonomy":"post_tag","embeddable":true,"href":"https:\/\/fedelnelkul.hu\/en\/wp-json\/wp\/v2\/tags?post=19873"}],"curies":[{"name":"wp","href":"https:\/\/api.w.org\/{rel}","templated":true}]}}