{"id":1971,"date":"2018-02-10T20:34:00","date_gmt":"2018-02-10T20:34:00","guid":{"rendered":"http:\/\/fedelnelkul.hu\/2018\/02\/10\/szilencia\/"},"modified":"2018-02-10T20:34:00","modified_gmt":"2018-02-10T20:34:00","slug":"szilencia","status":"publish","type":"post","link":"https:\/\/fedelnelkul.hu\/en\/2018\/02\/10\/szilencia\/","title":{"rendered":"Szilencia"},"content":{"rendered":"<p><font size=\"2\"><\/p>\n<div align=\"left\">\n<p>\n<font size=\"2\">Nem tudok m\u00e1r \u00edrni<br \/>\nnincs mir\u0151l<br \/>\nbelen\u00e9zek a t\u00fck\u00f6rbe<br \/>\na hal\u00e1l n\u00e9z<br \/>\nvissza r\u00e1m<br \/>\n<\/font>\n<\/p>\n<p>\n<font size=\"2\"><br \/>\nmegfogja a kezem<br \/>\nvezeti a tollat<br \/>\nm\u00edg szememb\u0151l<br \/>\nkin\u00e9zve f\u00fcty\u00f6l&#8230;<br \/>\n<\/font>\n<\/p>\n<p>\n<font size=\"2\"><br \/>\ns\u00fcv\u00f6lt a g\u0151ze<br \/>\n\u00f6regszik a vers<br \/>\nr\u00e1ncos a b\u0151re<br \/>\nreped\u00e9seib\u0151l<br \/>\n<\/font>\n<\/p>\n<p>\n<font size=\"2\"><br \/>\nk\u00edn sziv\u00e1rog f\u00e1j r\u00edm<br \/>\na v\u00e9re klapancia<br \/>\nnem is m\u00e1s mis-<br \/>\nm\u00e1solt s tolvajl\u00e1s<br \/>\nfalon a f\u00fcle \u00e1thall<br \/>\n<\/font>\n<\/p>\n<p>\n<font size=\"2\"><br \/>\ngat\u00f3zva rugdal<br \/>\nMag\u00e1ba motyogva<br \/>\nd\u00fadol b\u00fabos a dal<br \/>\nki nem s\u00fcl semmi<br \/>\nbel\u0151le szaga van<br \/>\nillata \u00e9s b\u0171ze<br \/>\n<\/font>\n<\/p>\n<p>\n<font size=\"2\"><br \/>\nr\u00e9gi kurva ez m\u00e1r<br \/>\nstr\u00f3f\u00e1ja &#8211; mind &#8211; csak<br \/>\nmegszok\u00e1sb\u00f3l risz\u00e1l<br \/>\nteh\u00e9nlep\u00e9ny szilvalekv\u00e1r<br \/>\n&#8222;\u00fcres&#8221; keny\u00e9r tiszta<br \/>\n<\/font>\n<\/p>\n<p>\n<font size=\"2\"><br \/>\nv\u00e1kuum kisz\u00edvn\u00e1<br \/>\naz \u00edzt minden<br \/>\nkibaszott \u00e9jszak\u00e1b\u00f3l<br \/>\nIgen hi\u00e1nyos \u00e9rtelem<br \/>\nny\u00fczsg\u0151 bes\u0171r\u00edtett<br \/>\nrahedli s\u00e9relem &#8211;<br \/>\nmindent\u0151l f\u00e9l<br \/>\ns nem eg\u00e9sz mint<br \/>\n<\/font>\n<\/p>\n<p>\n<font size=\"2\"><br \/>\nmacska mely nem<br \/>\neger\u00e9sz csak<br \/>\nvakar\u00e1sz &#8211; mert<br \/>\nigencsak bolh\u00e1s..<br \/>\n<\/font>\n<\/p>\n<p>\n<font size=\"2\"><br \/>\ns igenis hazudik<br \/>\n\u00e9letet hal\u00e1lt<br \/>\nszerelmet t\u00f6r\u00f6tt<br \/>\nm\u00faltat hamis<br \/>\nj\u00f6v\u0151t r\u00fat dolgokat<br \/>\n<\/font>\n<\/p>\n<p>\n<font size=\"2\"><br \/>\nsz\u00e9pnek l\u00e1t s r\u00fatnak<br \/>\nmeg a sz\u00e9pet bele<br \/>\nn\u00e9z egy t\u00fck\u00f6rbe<br \/>\nvisszan\u00e9z az eny\u00e9szet<br \/>\n<\/font>\n<\/p>\n<p>\n<font size=\"2\"><br \/>\nvadul teny\u00e9szik szisszen<br \/>\nmert full\u00e1nkoz hoz<br \/>\nhull\u00e1t geszteny\u00e9t<br \/>\nhullajt ott cseppre<br \/>\ncsepp &#8211; vagy te abrosz<br \/>\naz albatrosz meg matrac<\/p>\n<p><\/font>\n<\/p>\n<p>\n<font size=\"2\">de leng leng a sz\u00e1rny<br \/>\nszleng avagy sziv\u00e1rv\u00e1ny<br \/>\nL\u00e1tv\u00e1nya sz\u00edvt\u00e1j\u00e9k &#8211;<br \/>\nez meg ell\u00e1tm\u00e1ny&#8230;<br \/>\n<\/font>\n<\/p>\n<p>\n<font size=\"2\"><br \/>\nSz\u00f3tlan a k\u00f6lt\u0151k t\u00f6rzse<br \/>\n\u00e9s igencsak s\u00f3talan m\u00e1r<br \/>\nsem cukor nincs benne<br \/>\n<\/font>\n<\/p>\n<p>\n<font size=\"2\"><br \/>\ncsak mint ler\u00e1ntott keszty\u0171<br \/>\nkifordult keser\u0171 \u00fcres poh\u00e1r<\/font>\n<\/p>\n<p>\n<font size=\"2\">Dvorcs\u00e1k G\u00e1bor<\/font>\n<\/p>\n<\/div>\n<p><\/font><\/p>\n<div class='watch-action'><div class='watch-position align-left'><div class='action-like'><a class='lbg-style1 like-1971 jlk' href='javascript:void(0)' data-task='like' data-post_id='1971' data-nonce='f48ebca404' rel='nofollow'><img class='wti-pixel' src='https:\/\/fedelnelkul.hu\/wp-content\/plugins\/wti-like-post\/images\/pixel.gif' title='Like' \/><span class='lc-1971 lc'>0<\/span><\/a><\/div><\/div> <div class='status-1971 status align-left'><\/div><\/div><div class='wti-clear'><\/div>","protected":false},"excerpt":{"rendered":"<p>Nem tudok m\u00e1r \u00edrni nincs mir\u0151l belen\u00e9zek a t\u00fck\u00f6rbe a hal\u00e1l n\u00e9z vissza r\u00e1m megfogja a kezem vezeti a tollat m\u00edg szememb\u0151l kin\u00e9zve f\u00fcty\u00f6l&#8230; s\u00fcv\u00f6lt a g\u0151ze \u00f6regszik a vers r\u00e1ncos a b\u0151re reped\u00e9seib\u0151l k\u00edn sziv\u00e1rog f\u00e1j r\u00edm a v\u00e9re klapancia nem is m\u00e1s mis- m\u00e1solt s tolvajl\u00e1s falon a f\u00fcle \u00e1thall gat\u00f3zva rugdal Mag\u00e1ba &hellip; <a href=\"https:\/\/fedelnelkul.hu\/en\/2018\/02\/10\/szilencia\/\" class=\"more-link\">Continue reading <span class=\"screen-reader-text\">Szilencia<\/span><\/a><\/p>\n","protected":false},"author":96,"featured_media":0,"comment_status":"closed","ping_status":"open","sticky":false,"template":"","format":"standard","meta":{"footnotes":""},"categories":[164,10],"tags":[],"class_list":["post-1971","post","type-post","status-publish","format-standard","hentry","category-164","category-vers"],"_links":{"self":[{"href":"https:\/\/fedelnelkul.hu\/en\/wp-json\/wp\/v2\/posts\/1971","targetHints":{"allow":["GET"]}}],"collection":[{"href":"https:\/\/fedelnelkul.hu\/en\/wp-json\/wp\/v2\/posts"}],"about":[{"href":"https:\/\/fedelnelkul.hu\/en\/wp-json\/wp\/v2\/types\/post"}],"author":[{"embeddable":true,"href":"https:\/\/fedelnelkul.hu\/en\/wp-json\/wp\/v2\/users\/96"}],"replies":[{"embeddable":true,"href":"https:\/\/fedelnelkul.hu\/en\/wp-json\/wp\/v2\/comments?post=1971"}],"version-history":[{"count":0,"href":"https:\/\/fedelnelkul.hu\/en\/wp-json\/wp\/v2\/posts\/1971\/revisions"}],"wp:attachment":[{"href":"https:\/\/fedelnelkul.hu\/en\/wp-json\/wp\/v2\/media?parent=1971"}],"wp:term":[{"taxonomy":"category","embeddable":true,"href":"https:\/\/fedelnelkul.hu\/en\/wp-json\/wp\/v2\/categories?post=1971"},{"taxonomy":"post_tag","embeddable":true,"href":"https:\/\/fedelnelkul.hu\/en\/wp-json\/wp\/v2\/tags?post=1971"}],"curies":[{"name":"wp","href":"https:\/\/api.w.org\/{rel}","templated":true}]}}