{"id":19462,"date":"2026-02-12T15:33:00","date_gmt":"2026-02-12T14:33:00","guid":{"rendered":"https:\/\/fedelnelkul.hu\/?p=19462"},"modified":"2026-02-12T16:02:50","modified_gmt":"2026-02-12T15:02:50","slug":"elso-kezbol-a-hajlektalansagrol-2","status":"publish","type":"post","link":"https:\/\/fedelnelkul.hu\/en\/2026\/02\/12\/elso-kezbol-a-hajlektalansagrol-2\/","title":{"rendered":"Els\u0151 K\u00e9zb\u0151l a Hajl\u00e9ktalans\u00e1gr\u00f3l"},"content":{"rendered":"<h2>Hajl\u00e9ktalan emberek programja egy befogad\u00f3 t\u00e1rsadalom\u00e9rt<\/h2>\n<p><img loading=\"lazy\" decoding=\"async\" class=\"size-full wp-image-19464 alignleft\" src=\"https:\/\/fedelnelkul.hu\/wp-content\/uploads\/2026\/02\/plakat.jpg\" alt=\"\" width=\"266\" height=\"371\" srcset=\"https:\/\/fedelnelkul.hu\/wp-content\/uploads\/2026\/02\/plakat.jpg 266w, https:\/\/fedelnelkul.hu\/wp-content\/uploads\/2026\/02\/plakat-215x300.jpg 215w\" sizes=\"auto, (max-width: 266px) 100vw, 266px\" \/><\/p>\n<p>Hajl\u00e9ktalan emberek, aktivist\u00e1k \u00e9s szoci\u00e1lis munk\u00e1sok r\u00e9szv\u00e9tel\u00e9vel l\u00e9trej\u00f6tt \u00e9rz\u00e9keny\u00edt\u0151 programunkat a Fed\u00e9l N\u00e9lk\u00fcl utcalapon kereszt\u00fcl a <a href=\"http:\/\/www.menhely.hu\/\">Menhely Alap\u00edtv\u00e1ny<\/a> t\u00e1mogatja.<\/p>\n<p>T\u00e1rsadalmi szeml\u00e9letform\u00e1l\u00f3 programunk keret\u00e9ben 2009 \u00f3ta j\u00e1runk k\u00f6z\u00e9piskol\u00e1kba, oktat\u00e1si int\u00e9zm\u00e9nyekbe, kerekasztal-besz\u00e9lget\u00e9sekre, fesztiv\u00e1lokra \u00e9s c\u00e9gekhez el\u0151adni hajl\u00e9ktalans\u00e1g t\u00e9m\u00e1ban, m\u00e9ghozz\u00e1 az \u00e9rintettek f\u0151szerepl\u00e9s\u00e9vel \u00e9s ir\u00e1ny\u00edt\u00e1s\u00e1val, ahol szakmai szerepet kapnak szoci\u00e1lis munk\u00e1sok \u00e9s lakhat\u00e1si aktivist\u00e1k is.<\/p>\n<p>Egy\u00fcttm\u0171k\u00f6d\u00fcnk el\u0151ad\u00f3kat adva m\u00e1s \u00e9rz\u00e9keny\u00edt\u0151 programokkal, mint p\u00e9ld\u00e1ul az \u00c9l\u0151 K\u00f6nyvt\u00e1r vagy <a href=\"http:\/\/fedelnelkul.hu\/rendezvenyek\/\">szeml\u00e9letform\u00e1l\u00f3 sz\u00ednh\u00e1zi el\u0151ad\u00e1sok<\/a>.<\/p>\n<h4>Programjainkr\u00f3l, ezek id\u0151tartam\u00e1r\u00f3l \u00e9s technikai felt\u00e9teleir\u0151l b\u0151vebb inform\u00e1ci\u00f3t <a href=\"https:\/\/www.facebook.com\/ElsoKezbolAHajlektalansagrol\" target=\"_blank\" rel=\"noopener\">facebook oldalunkon<\/a> vagy az al\u00e1bbi el\u00e9rhet\u0151s\u00e9geken kaphat:<\/h4>\n<h4>programkoordin\u00e1tor:<\/h4>\n<ul>\n<li>Gede M\u00e1rton: ekh kukac menhely.hu, tel.: +3670 564 5438<\/li>\n<\/ul>\n<h4>helyettes koordin\u00e1tor:<\/h4>\n<ul>\n<li>Elekes \u00c1gnes: ekhlevelezes kukac gmail.com, tel.: +3670 804 5312<\/li>\n<\/ul>\n<h4>p\u00e1ly\u00e1zati felel\u0151s:<\/h4>\n<ul>\n<li>Sonkoly-Domby Annina: fedelnelkul kukac fedelnelkul.hu, tel.: +3620 277 5030<\/li>\n<\/ul>\n<h4>facebook oldalunk:<\/h4>\n<ul>\n<li><a href=\"https:\/\/www.facebook.com\/ElsoKezbolAHajlektalansagrol\" target=\"_blank\" rel=\"noopener\">https:\/\/www.facebook.com\/ElsoKezbolAHajlektalansagrol<\/a><\/li>\n<\/ul>\n<p>&nbsp;<\/p>\n<div class='watch-action'><div class='watch-position align-left'><div class='action-like'><a class='lbg-style1 like-19462 jlk' href='javascript:void(0)' data-task='like' data-post_id='19462' data-nonce='807cc292ff' rel='nofollow'><img class='wti-pixel' src='https:\/\/fedelnelkul.hu\/wp-content\/plugins\/wti-like-post\/images\/pixel.gif' title='Like' \/><span class='lc-19462 lc'>0<\/span><\/a><\/div><\/div> <div class='status-19462 status align-left'><\/div><\/div><div class='wti-clear'><\/div>","protected":false},"excerpt":{"rendered":"<p>Hajl\u00e9ktalan emberek programja egy befogad\u00f3 t\u00e1rsadalom\u00e9rt Hajl\u00e9ktalan emberek, aktivist\u00e1k \u00e9s szoci\u00e1lis munk\u00e1sok r\u00e9szv\u00e9tel\u00e9vel l\u00e9trej\u00f6tt \u00e9rz\u00e9keny\u00edt\u0151 programunkat a Fed\u00e9l N\u00e9lk\u00fcl utcalapon kereszt\u00fcl a Menhely Alap\u00edtv\u00e1ny t\u00e1mogatja. T\u00e1rsadalmi szeml\u00e9letform\u00e1l\u00f3 programunk keret\u00e9ben 2009 \u00f3ta j\u00e1runk k\u00f6z\u00e9piskol\u00e1kba, oktat\u00e1si int\u00e9zm\u00e9nyekbe, kerekasztal-besz\u00e9lget\u00e9sekre, fesztiv\u00e1lokra \u00e9s c\u00e9gekhez el\u0151adni hajl\u00e9ktalans\u00e1g t\u00e9m\u00e1ban, m\u00e9ghozz\u00e1 az \u00e9rintettek f\u0151szerepl\u00e9s\u00e9vel \u00e9s ir\u00e1ny\u00edt\u00e1s\u00e1val, ahol szakmai szerepet kapnak szoci\u00e1lis munk\u00e1sok \u00e9s &hellip; <a href=\"https:\/\/fedelnelkul.hu\/en\/2026\/02\/12\/elso-kezbol-a-hajlektalansagrol-2\/\" class=\"more-link\">Continue reading <span class=\"screen-reader-text\">Els\u0151 K\u00e9zb\u0151l a Hajl\u00e9ktalans\u00e1gr\u00f3l<\/span><\/a><\/p>\n","protected":false},"author":9195,"featured_media":18533,"comment_status":"closed","ping_status":"open","sticky":false,"template":"","format":"standard","meta":{"footnotes":""},"categories":[499,253],"tags":[],"class_list":["post-19462","post","type-post","status-publish","format-standard","has-post-thumbnail","hentry","category-uj","category-beszamolo"],"_links":{"self":[{"href":"https:\/\/fedelnelkul.hu\/en\/wp-json\/wp\/v2\/posts\/19462","targetHints":{"allow":["GET"]}}],"collection":[{"href":"https:\/\/fedelnelkul.hu\/en\/wp-json\/wp\/v2\/posts"}],"about":[{"href":"https:\/\/fedelnelkul.hu\/en\/wp-json\/wp\/v2\/types\/post"}],"author":[{"embeddable":true,"href":"https:\/\/fedelnelkul.hu\/en\/wp-json\/wp\/v2\/users\/9195"}],"replies":[{"embeddable":true,"href":"https:\/\/fedelnelkul.hu\/en\/wp-json\/wp\/v2\/comments?post=19462"}],"version-history":[{"count":5,"href":"https:\/\/fedelnelkul.hu\/en\/wp-json\/wp\/v2\/posts\/19462\/revisions"}],"predecessor-version":[{"id":19469,"href":"https:\/\/fedelnelkul.hu\/en\/wp-json\/wp\/v2\/posts\/19462\/revisions\/19469"}],"wp:featuredmedia":[{"embeddable":true,"href":"https:\/\/fedelnelkul.hu\/en\/wp-json\/wp\/v2\/media\/18533"}],"wp:attachment":[{"href":"https:\/\/fedelnelkul.hu\/en\/wp-json\/wp\/v2\/media?parent=19462"}],"wp:term":[{"taxonomy":"category","embeddable":true,"href":"https:\/\/fedelnelkul.hu\/en\/wp-json\/wp\/v2\/categories?post=19462"},{"taxonomy":"post_tag","embeddable":true,"href":"https:\/\/fedelnelkul.hu\/en\/wp-json\/wp\/v2\/tags?post=19462"}],"curies":[{"name":"wp","href":"https:\/\/api.w.org\/{rel}","templated":true}]}}