{"id":1945,"date":"2018-02-10T20:33:59","date_gmt":"2018-02-10T20:33:59","guid":{"rendered":"http:\/\/fedelnelkul.hu\/2018\/02\/10\/requiem\/"},"modified":"2018-02-10T20:33:59","modified_gmt":"2018-02-10T20:33:59","slug":"requiem","status":"publish","type":"post","link":"https:\/\/fedelnelkul.hu\/en\/2018\/02\/10\/requiem\/","title":{"rendered":"Requiem"},"content":{"rendered":"<p><font size=\"2\"><\/p>\n<div align=\"justify\">\n<p>\n<font size=\"2\">V\u00e9gezt\u00e9l magaddal,<br \/>\nMert \u00c9leted ciroksepr\u0171k\u00e9nt viharzott,<br \/>\n\u00c9s fels\u00f6p\u00f6rted vele elt\u00e9kozolt lehet\u0151s\u00e9geid szemet\u00e9t.<br \/>\nNem engedted, hogy od\u00e9bb vigyelek a g\u00f6d\u00f6rt\u0151l,<br \/>\nL\u00e1tnom kellett 23 \u00e9v k\u00e9ts\u00e9gbeesett kapkod\u00e1s\u00e1t,<br \/>\n\u00c9s v\u00e9gletes l\u00e9p\u00e9s\u00e9t.<br \/>\nA telefonomban m\u00e9g itt \u0151rz\u00f6m legutols\u00f3 \u00fczeneted.<br \/>\nK\u00e9ptelen vagyok kit\u00f6r\u00f6lni&#8230;<br \/>\nAz utak r\u00f6g\u00f6sek s\u00edrodhoz felkapaszkodva,<br \/>\n\u00c9s amikor ott vagyok, Detti,<br \/>\nEg\u00e9sz l\u00e9nyemet k\u00f6r\u00fclfonja<br \/>\nHi\u00e1nyod.<br \/>\n\u00d6t \u00e9v t\u00e1vlat\u00e1b\u00f3l is olyanok hajnalaim,<br \/>\nMintha kisz\u00f3ln\u00e1l a konyh\u00e1b\u00f3l:<br \/>\nElk\u00e9sz\u00fclt a k\u00e1v\u00e9!<\/p>\n<p>Dr\u00e1ga Bernadett! <br \/>\nSoha nem felejtelek el! <br \/>\nNyugodj b\u00e9k\u00e9ben!\u00a0\u00a0\u00a0\u00a0 <\/font>\n<\/p>\n<\/div>\n<p><\/font><\/p>\n<div class='watch-action'><div class='watch-position align-left'><div class='action-like'><a class='lbg-style1 like-1945 jlk' href='javascript:void(0)' data-task='like' data-post_id='1945' data-nonce='f48ebca404' rel='nofollow'><img class='wti-pixel' src='https:\/\/fedelnelkul.hu\/wp-content\/plugins\/wti-like-post\/images\/pixel.gif' title='Like' \/><span class='lc-1945 lc'>0<\/span><\/a><\/div><\/div> <div class='status-1945 status align-left'><\/div><\/div><div class='wti-clear'><\/div>","protected":false},"excerpt":{"rendered":"<p>V\u00e9gezt\u00e9l magaddal, Mert \u00c9leted ciroksepr\u0171k\u00e9nt viharzott, \u00c9s fels\u00f6p\u00f6rted vele elt\u00e9kozolt lehet\u0151s\u00e9geid szemet\u00e9t. Nem engedted, hogy od\u00e9bb vigyelek a g\u00f6d\u00f6rt\u0151l, L\u00e1tnom kellett 23 \u00e9v k\u00e9ts\u00e9gbeesett kapkod\u00e1s\u00e1t, \u00c9s v\u00e9gletes l\u00e9p\u00e9s\u00e9t. A telefonomban m\u00e9g itt \u0151rz\u00f6m legutols\u00f3 \u00fczeneted. K\u00e9ptelen vagyok kit\u00f6r\u00f6lni&#8230; Az utak r\u00f6g\u00f6sek s\u00edrodhoz felkapaszkodva, \u00c9s amikor ott vagyok, Detti, Eg\u00e9sz l\u00e9nyemet k\u00f6r\u00fclfonja Hi\u00e1nyod. \u00d6t \u00e9v t\u00e1vlat\u00e1b\u00f3l &hellip; <a href=\"https:\/\/fedelnelkul.hu\/en\/2018\/02\/10\/requiem\/\" class=\"more-link\">Continue reading <span class=\"screen-reader-text\">Requiem<\/span><\/a><\/p>\n","protected":false},"author":352,"featured_media":0,"comment_status":"closed","ping_status":"open","sticky":false,"template":"","format":"standard","meta":{"footnotes":""},"categories":[161,10],"tags":[],"class_list":["post-1945","post","type-post","status-publish","format-standard","hentry","category-161","category-vers"],"_links":{"self":[{"href":"https:\/\/fedelnelkul.hu\/en\/wp-json\/wp\/v2\/posts\/1945","targetHints":{"allow":["GET"]}}],"collection":[{"href":"https:\/\/fedelnelkul.hu\/en\/wp-json\/wp\/v2\/posts"}],"about":[{"href":"https:\/\/fedelnelkul.hu\/en\/wp-json\/wp\/v2\/types\/post"}],"author":[{"embeddable":true,"href":"https:\/\/fedelnelkul.hu\/en\/wp-json\/wp\/v2\/users\/352"}],"replies":[{"embeddable":true,"href":"https:\/\/fedelnelkul.hu\/en\/wp-json\/wp\/v2\/comments?post=1945"}],"version-history":[{"count":0,"href":"https:\/\/fedelnelkul.hu\/en\/wp-json\/wp\/v2\/posts\/1945\/revisions"}],"wp:attachment":[{"href":"https:\/\/fedelnelkul.hu\/en\/wp-json\/wp\/v2\/media?parent=1945"}],"wp:term":[{"taxonomy":"category","embeddable":true,"href":"https:\/\/fedelnelkul.hu\/en\/wp-json\/wp\/v2\/categories?post=1945"},{"taxonomy":"post_tag","embeddable":true,"href":"https:\/\/fedelnelkul.hu\/en\/wp-json\/wp\/v2\/tags?post=1945"}],"curies":[{"name":"wp","href":"https:\/\/api.w.org\/{rel}","templated":true}]}}