{"id":19422,"date":"2025-12-30T02:32:38","date_gmt":"2025-12-30T01:32:38","guid":{"rendered":"https:\/\/fedelnelkul.hu\/?p=19422"},"modified":"2025-12-30T02:32:38","modified_gmt":"2025-12-30T01:32:38","slug":"10-lakasmenet","status":"publish","type":"post","link":"https:\/\/fedelnelkul.hu\/en\/2025\/12\/30\/10-lakasmenet\/","title":{"rendered":"10. LAK\u00c1SMENET"},"content":{"rendered":"<p><i><span style=\"font-weight: 400;\">A V\u00e1ros Mindenki\u00e9 (AVM) 2022. szeptember 18-\u00e1n imm\u00e1r 10. alkalommal szervezi meg a Lak\u00e1smenetet, ezt a s\u00e9t\u00e1val egybek\u00f6t\u00f6tt demonstr\u00e1ci\u00f3t, hogy hangot adjon a legs\u00e9r\u00fcl\u00e9kenyebb t\u00e1rsadalmi csoport \u2013 azaz hajl\u00e9ktalann\u00e1 v\u00e1lt embert\u00e1rsaink \u2013 k\u00f6vetel\u00e9seinek, \u00e9s t\u00fcntessen a m\u00e9ltatlan lakhat\u00e1si k\u00f6r\u00fclm\u00e9nyek \u00e9s a lak\u00e1s\u00edns\u00e9g minden form\u00e1ja ellen.<\/span><\/i><\/p>\n<p>&nbsp;<\/p>\n<p><span style=\"font-weight: 400;\">Ma Magyarorsz\u00e1gon mintegy 3 milli\u00f3 embert, a lakoss\u00e1g egyharmad\u00e1t \u00e9rinti a lakhat\u00e1si szeg\u00e9nys\u00e9g. M\u00e1rpedig biztos lakhat\u00e1s n\u00e9lk\u00fcl nincs emberhez m\u00e9lt\u00f3 \u00e9let, nincsenek bens\u0151s\u00e9ges emberi kapcsolatok, \u00e9s nincs eg\u00e9szs\u00e9g. A korm\u00e1nynak az lenne a feladata, hogy enyh\u00edtse a lakhat\u00e1si v\u00e1ls\u00e1got, ehelyett azonban g\u00e1tl\u00e1stalanul elm\u00e9ly\u00edti azt k\u00f6vetkezetesen szeg\u00e9nyellenes oszt\u00e1lypolitik\u00e1j\u00e1val.<\/span><\/p>\n<p><span style=\"font-weight: 400;\">A V\u00e1ros Mindenki\u00e9 olyan lak\u00e1spolitikai koncepci\u00f3 kidolgoz\u00e1s\u00e1ra \u00e9s megval\u00f3s\u00edt\u00e1s\u00e1ra akarja r\u00e1b\u00edrni a d\u00f6nt\u00e9shoz\u00f3kat, amely cs\u00f6kkenti a t\u00e1rsadalmi egyenl\u0151tlens\u00e9geket, \u00e9s hossz\u00fa t\u00e1von kisz\u00e1m\u00edthat\u00f3; amely a hajl\u00e9ktalann\u00e1 v\u00e1l\u00e1s megel\u0151z\u00e9s\u00e9t szolg\u00e1l\u00f3 t\u00e1mogat\u00e1si rendszer ki\u00e9p\u00edt\u00e9s\u00e9re, illetve a hajl\u00e9ktalansz\u00e1ll\u00f3kr\u00f3l kivezet\u0151 utak megteremt\u00e9s\u00e9re t\u00f6rekszik; \u00e9s amely jelent\u0151sen kisz\u00e9les\u00edti a megfizethet\u0151 lak\u00e1sok k\u00f6r\u00e9t. Szeptember 18-\u00e1n ez\u00e9rt fogunk t\u00fcntetni.<\/span><\/p>\n<p><span style=\"font-weight: 400;\">Mit k\u00f6vetel\u00fcnk?<\/span><\/p>\n<p><span style=\"font-weight: 400;\">Felel\u0151s lak\u00e1spolitik\u00e1t!<\/span><\/p>\n<p><span style=\"font-weight: 400;\">Otthont t\u00f6megsz\u00e1ll\u00f3k helyett!<\/span><\/p>\n<p><span style=\"font-weight: 400;\">C\u00e9lzott lakhat\u00e1si programokat az ell\u00e1t\u00f3rendszerb\u0151l val\u00f3 szabadul\u00e1s \u00e9rdek\u00e9ben!<\/span><\/p>\n<p><span style=\"font-weight: 400;\">A k\u00f6ztulajdon\u00fa b\u00e9rlak\u00e1sszektor b\u0151v\u00edt\u00e9s\u00e9t!<\/span><\/p>\n<p><span style=\"font-weight: 400;\">Az embertelen kilakoltat\u00e1si elj\u00e1r\u00e1sok megsz\u00fcntet\u00e9s\u00e9t!<\/span><\/p>\n<p><span style=\"font-weight: 400;\">Szolidarit\u00e1st a legszeg\u00e9nyebbekkel!<\/span><\/p>\n<p><span style=\"font-weight: 400;\">\u00c9rdemi v\u00e1laszokat a napr\u00f3l napra s\u00falyosbod\u00f3 lakhat\u00e1si v\u00e1ls\u00e1gra!<\/span><\/p>\n<p>&nbsp;<\/p>\n<p><b>Vonuljunk egy\u00fctt a 10. Lak\u00e1smeneten, mert els\u0151 a biztos lakhat\u00e1s!\u00a0<\/b><\/p>\n<p><b>Demonstr\u00e1ci\u00f3nk szeptember 18-\u00e1n, vas\u00e1rnap 15:30 \u00f3rakor kezd\u0151dik a Bak\u00e1ts t\u00e9ren. Innen vonulunk \u00e1t a Palotanegyedb\u0151l a Magdolna negyedbe,\u00a0<\/b><\/p>\n<p><b>c\u00e9l\u00e1llom\u00e1sunk pedig az egykori K\u00f6zt\u00e1rsas\u00e1g t\u00e9r (a jelenlegi II. J\u00e1nos P\u00e1l p\u00e1pa t\u00e9r), ahol koncerttel z\u00e1rjuk t\u00fcntet\u00e9s\u00fcnket. A Lak\u00e1smeneten felsz\u00f3lalnak A V\u00e1ros Mindenki\u00e9 egykori \u00e9s jelenlegi tagjai, valamint testv\u00e9rszervezeteinek k\u00e9pvisel\u0151i.<\/b><\/p>\n<p><b>Legy\u00fcnk min\u00e9l t\u00f6bben!<\/b><\/p>\n<p>&nbsp;<\/p>\n<p style=\"text-align: right;\"><span style=\"font-weight: 400;\">A V\u00e1ros Mindenki\u00e9<\/span><\/p>\n<div class='watch-action'><div class='watch-position align-left'><div class='action-like'><a class='lbg-style1 like-19422 jlk' href='javascript:void(0)' data-task='like' data-post_id='19422' data-nonce='63bf5167ec' rel='nofollow'><img class='wti-pixel' src='https:\/\/fedelnelkul.hu\/wp-content\/plugins\/wti-like-post\/images\/pixel.gif' title='Like' \/><span class='lc-19422 lc'>0<\/span><\/a><\/div><\/div> <div class='status-19422 status align-left'><\/div><\/div><div class='wti-clear'><\/div>","protected":false},"excerpt":{"rendered":"<p>A V\u00e1ros Mindenki\u00e9 (AVM) 2022. szeptember 18-\u00e1n imm\u00e1r 10. alkalommal szervezi meg a Lak\u00e1smenetet, ezt a s\u00e9t\u00e1val egybek\u00f6t\u00f6tt demonstr\u00e1ci\u00f3t, hogy hangot adjon a legs\u00e9r\u00fcl\u00e9kenyebb t\u00e1rsadalmi csoport \u2013 azaz hajl\u00e9ktalann\u00e1 v\u00e1lt embert\u00e1rsaink \u2013 k\u00f6vetel\u00e9seinek, \u00e9s t\u00fcntessen a m\u00e9ltatlan lakhat\u00e1si k\u00f6r\u00fclm\u00e9nyek \u00e9s a lak\u00e1s\u00edns\u00e9g minden form\u00e1ja ellen. &nbsp; Ma Magyarorsz\u00e1gon mintegy 3 milli\u00f3 embert, a lakoss\u00e1g egyharmad\u00e1t &hellip; <a href=\"https:\/\/fedelnelkul.hu\/en\/2025\/12\/30\/10-lakasmenet\/\" class=\"more-link\">Continue reading <span class=\"screen-reader-text\">10. LAK\u00c1SMENET<\/span><\/a><\/p>\n","protected":false},"author":9337,"featured_media":0,"comment_status":"open","ping_status":"open","sticky":false,"template":"","format":"standard","meta":{"footnotes":""},"categories":[564,253],"tags":[],"class_list":["post-19422","post","type-post","status-publish","format-standard","hentry","category-564","category-beszamolo"],"_links":{"self":[{"href":"https:\/\/fedelnelkul.hu\/en\/wp-json\/wp\/v2\/posts\/19422","targetHints":{"allow":["GET"]}}],"collection":[{"href":"https:\/\/fedelnelkul.hu\/en\/wp-json\/wp\/v2\/posts"}],"about":[{"href":"https:\/\/fedelnelkul.hu\/en\/wp-json\/wp\/v2\/types\/post"}],"author":[{"embeddable":true,"href":"https:\/\/fedelnelkul.hu\/en\/wp-json\/wp\/v2\/users\/9337"}],"replies":[{"embeddable":true,"href":"https:\/\/fedelnelkul.hu\/en\/wp-json\/wp\/v2\/comments?post=19422"}],"version-history":[{"count":2,"href":"https:\/\/fedelnelkul.hu\/en\/wp-json\/wp\/v2\/posts\/19422\/revisions"}],"predecessor-version":[{"id":19424,"href":"https:\/\/fedelnelkul.hu\/en\/wp-json\/wp\/v2\/posts\/19422\/revisions\/19424"}],"wp:attachment":[{"href":"https:\/\/fedelnelkul.hu\/en\/wp-json\/wp\/v2\/media?parent=19422"}],"wp:term":[{"taxonomy":"category","embeddable":true,"href":"https:\/\/fedelnelkul.hu\/en\/wp-json\/wp\/v2\/categories?post=19422"},{"taxonomy":"post_tag","embeddable":true,"href":"https:\/\/fedelnelkul.hu\/en\/wp-json\/wp\/v2\/tags?post=19422"}],"curies":[{"name":"wp","href":"https:\/\/api.w.org\/{rel}","templated":true}]}}