{"id":19152,"date":"2025-12-29T12:46:36","date_gmt":"2025-12-29T11:46:36","guid":{"rendered":"https:\/\/fedelnelkul.hu\/?p=19152"},"modified":"2025-12-29T12:46:36","modified_gmt":"2025-12-29T11:46:36","slug":"ikonok-2","status":"publish","type":"post","link":"https:\/\/fedelnelkul.hu\/en\/2025\/12\/29\/ikonok-2\/","title":{"rendered":"Ikonok"},"content":{"rendered":"<p><span style=\"font-weight: 400;\">Mintha a csillag<\/span><\/p>\n<p><span style=\"font-weight: 400;\">neh\u00e9zked\u00e9si csendben<\/span><\/p>\n<p><span style=\"font-weight: 400;\">valami semmi<\/span><\/p>\n<p><span style=\"font-weight: 400;\">az ami volt<\/span><\/p>\n<p><span style=\"font-weight: 400;\">csak ritka sz\u0151ttes\u0171 visszhang<\/span><\/p>\n<p><span style=\"font-weight: 400;\">kering\u0151 ez\u00fcst\u00f6s \u00e1ram<\/span><\/p>\n<p><span style=\"font-weight: 400;\">f\u00e9nyh\u00e1rty\u00e1s t\u00e9li levelek alatt<\/span><\/p>\n<p>&nbsp;<\/p>\n<p><span style=\"font-weight: 400;\">**<\/span><\/p>\n<p>&nbsp;<\/p>\n<p><span style=\"font-weight: 400;\">Nem tudni mi k\u00f6vet t\u00e9ged<\/span><\/p>\n<p><span style=\"font-weight: 400;\">mi h\u00edv<\/span><\/p>\n<p><span style=\"font-weight: 400;\">De l\u00e1tod az arcot a szob\u00e1t<\/span><\/p>\n<p><span style=\"font-weight: 400;\">hogy felsz\u00e1ll<\/span><\/p>\n<p><span style=\"font-weight: 400;\">\u00e9s ki\u00faszik el\u00e9d<\/span><\/p>\n<p><span style=\"font-weight: 400;\">a december estek arany\u00e1n<\/span><\/p>\n<p><span style=\"font-weight: 400;\">\u00c9s mennyi kis sz\u00e9ps\u00e9g z\u00fazal\u00e9k<\/span><\/p>\n<p><span style=\"font-weight: 400;\">a t\u00e1rgyak rejtett sz\u00edn\u00e9n<\/span><\/p>\n<p><span style=\"font-weight: 400;\">\u00c9s a h\u00e1z<\/span><\/p>\n<p><span style=\"font-weight: 400;\">ahol a kert<\/span><\/p>\n<p><span style=\"font-weight: 400;\">\u00f3 majdnem egy \u00e9nek<\/span><\/p>\n<p><span style=\"font-weight: 400;\">ahogy a t\u00fcrelmes h\u00f3es\u00e9s emeli<\/span><\/p>\n<p><span style=\"font-weight: 400;\">\u00f3ri\u00e1s tiszta falait<\/span><\/p>\n<p>&nbsp;<\/p>\n<p><span style=\"font-weight: 400;\">*<\/span><\/p>\n<p>&nbsp;<\/p>\n<p><span style=\"font-weight: 400;\">Egy-egy szemcs\u00e9kig lecsiszolt hajnalk<\/span><\/p>\n<p><span style=\"font-weight: 400;\">egy dallam egy hang<\/span><\/p>\n<p><span style=\"font-weight: 400;\">t\u00e1volodik \u00e9s k\u00f6zel\u00edt<\/span><\/p>\n<p><span style=\"font-weight: 400;\">a meghitt gyermekkor hely\u00e9n<\/span><\/p>\n<p><span style=\"font-weight: 400;\">s egy mindenn\u00e9l par\u00e1nyibb csill\u00e1m<\/span><\/p>\n<p><span style=\"font-weight: 400;\">ahogy ig\u00e9z \u00e9s h\u00edv<\/span><\/p>\n<p><span style=\"font-weight: 400;\">a vizek tiszt\u00e1s\u00e1n \u00e1t<\/span><\/p>\n<p><span style=\"font-weight: 400;\">m\u00e1r l\u00e1tod<\/span><\/p>\n<p><span style=\"font-weight: 400;\">a der\u00e9kig-haj\u00fa any\u00e1t<\/span><\/p>\n<p><span style=\"font-weight: 400;\">ti\u00e9d e cs\u00f6ppnyi kis ragyog\u00e1s<\/span><\/p>\n<p><span style=\"font-weight: 400;\">ti\u00e9d a felt\u00e1mad\u00e1s a sz\u00e9lben<\/span><\/p>\n<p><span style=\"font-weight: 400;\">\u00e9s az arcok \u00e9s nevek<\/span><\/p>\n<p><span style=\"font-weight: 400;\">szavak<\/span><\/p>\n<p><span style=\"font-weight: 400;\">old\u00e1sa k\u00f6t\u00e9se<\/span><\/p>\n<p><span style=\"font-weight: 400;\">mintha csak<\/span><\/p>\n<p><span style=\"font-weight: 400;\">maroknyi k\u00e9ve<\/span><\/p>\n<p><span style=\"font-weight: 400;\">vagy felfoghatatlan<\/span><\/p>\n<p><span style=\"font-weight: 400;\">folytonos jelz\u00e9s<\/span><\/p>\n<p><span style=\"font-weight: 400;\">korom \u00e9s f\u00e9ny<\/span><\/p>\n<p><span style=\"font-weight: 400;\">a l\u00e9legz\u0151 ikonok hely\u00e9n<\/span><\/p>\n<div class='watch-action'><div class='watch-position align-left'><div class='action-like'><a class='lbg-style1 like-19152 jlk' href='javascript:void(0)' data-task='like' data-post_id='19152' data-nonce='24627af277' rel='nofollow'><img class='wti-pixel' src='https:\/\/fedelnelkul.hu\/wp-content\/plugins\/wti-like-post\/images\/pixel.gif' title='Like' \/><span class='lc-19152 lc'>0<\/span><\/a><\/div><\/div> <div class='status-19152 status align-left'><\/div><\/div><div class='wti-clear'><\/div>","protected":false},"excerpt":{"rendered":"<p>Mintha a csillag neh\u00e9zked\u00e9si csendben valami semmi az ami volt csak ritka sz\u0151ttes\u0171 visszhang kering\u0151 ez\u00fcst\u00f6s \u00e1ram f\u00e9nyh\u00e1rty\u00e1s t\u00e9li levelek alatt &nbsp; ** &nbsp; Nem tudni mi k\u00f6vet t\u00e9ged mi h\u00edv De l\u00e1tod az arcot a szob\u00e1t hogy felsz\u00e1ll \u00e9s ki\u00faszik el\u00e9d a december estek arany\u00e1n \u00c9s mennyi kis sz\u00e9ps\u00e9g z\u00fazal\u00e9k a t\u00e1rgyak rejtett sz\u00edn\u00e9n &hellip; <a href=\"https:\/\/fedelnelkul.hu\/en\/2025\/12\/29\/ikonok-2\/\" class=\"more-link\">Continue reading <span class=\"screen-reader-text\">Ikonok<\/span><\/a><\/p>\n","protected":false},"author":9363,"featured_media":0,"comment_status":"open","ping_status":"open","sticky":false,"template":"","format":"standard","meta":{"footnotes":""},"categories":[574,10],"tags":[],"class_list":["post-19152","post","type-post","status-publish","format-standard","hentry","category-574","category-vers"],"_links":{"self":[{"href":"https:\/\/fedelnelkul.hu\/en\/wp-json\/wp\/v2\/posts\/19152","targetHints":{"allow":["GET"]}}],"collection":[{"href":"https:\/\/fedelnelkul.hu\/en\/wp-json\/wp\/v2\/posts"}],"about":[{"href":"https:\/\/fedelnelkul.hu\/en\/wp-json\/wp\/v2\/types\/post"}],"author":[{"embeddable":true,"href":"https:\/\/fedelnelkul.hu\/en\/wp-json\/wp\/v2\/users\/9363"}],"replies":[{"embeddable":true,"href":"https:\/\/fedelnelkul.hu\/en\/wp-json\/wp\/v2\/comments?post=19152"}],"version-history":[{"count":2,"href":"https:\/\/fedelnelkul.hu\/en\/wp-json\/wp\/v2\/posts\/19152\/revisions"}],"predecessor-version":[{"id":19154,"href":"https:\/\/fedelnelkul.hu\/en\/wp-json\/wp\/v2\/posts\/19152\/revisions\/19154"}],"wp:attachment":[{"href":"https:\/\/fedelnelkul.hu\/en\/wp-json\/wp\/v2\/media?parent=19152"}],"wp:term":[{"taxonomy":"category","embeddable":true,"href":"https:\/\/fedelnelkul.hu\/en\/wp-json\/wp\/v2\/categories?post=19152"},{"taxonomy":"post_tag","embeddable":true,"href":"https:\/\/fedelnelkul.hu\/en\/wp-json\/wp\/v2\/tags?post=19152"}],"curies":[{"name":"wp","href":"https:\/\/api.w.org\/{rel}","templated":true}]}}