{"id":1906,"date":"2018-02-10T20:33:58","date_gmt":"2018-02-10T20:33:58","guid":{"rendered":"http:\/\/fedelnelkul.hu\/2018\/02\/10\/az-ev-dolgozoja-2012-beszelgetes-balogh-laszloval\/"},"modified":"2018-02-10T20:33:58","modified_gmt":"2018-02-10T20:33:58","slug":"az-ev-dolgozoja-2012-beszelgetes-balogh-laszloval","status":"publish","type":"post","link":"https:\/\/fedelnelkul.hu\/en\/2018\/02\/10\/az-ev-dolgozoja-2012-beszelgetes-balogh-laszloval\/","title":{"rendered":"Az \u00c9v Dolgoz\u00f3ja 2012. &#8211; Besz\u00e9lget\u00e9s Balogh L\u00e1szl\u00f3val"},"content":{"rendered":"<p>\nBalogh L\u00e1szl\u00f3 id\u00e9n harmadszor nyerte el a megtisztel\u0151 c\u00edmet, melyet az \u00e9v sor\u00e1n legt\u00f6bb lapot elad\u00f3 terjeszt\u0151nk \u00e9rdemel ki. Ideje volt interj\u00fara cs\u00e1b\u00edtanom, \u00e9s bemutatni az Olvas\u00f3knak a terjeszt\u0151t az \u00fajs\u00e1g m\u00f6g\u00f6tt.\n<\/p>\n<p>\nAz \u00c9v Dolgoz\u00f3ja lett, zsin\u00f3rban harmadszor. Maximalizmus?<br \/>\nNem mondan\u00e1m, csak \u00e9ppen van c\u00e9lom. \u00c9s egy ideje a lapterjeszt\u00e9ssel tudom megval\u00f3s\u00edtani.<br \/>\nMire gondol, mes\u00e9lne kicsit ezekr\u0151l a c\u00e9lokr\u00f3l, \u00e9s hogy hogyan ker\u00fclt kapcsolatba a Fed\u00e9l N\u00e9lk\u00fcllel?<br \/>\nN\u00e9h\u00e1ny \u00e9ve siker\u00fclt alb\u00e9rletbe ker\u00fcln\u00f6m, az\u00f3ta is fizetem. Ez a lap elad\u00e1s\u00e1b\u00f3l finansz\u00edrozhat\u00f3, ez a munk\u00e1m. A Fed\u00e9l N\u00e9lk\u00fclt el\u00e9g r\u00e9g\u00f3ta ismerem, m\u00e9g ismertem Ungi Tibit, a lap alap\u00edt\u00f3j\u00e1t is. Amikor m\u00e9g a K\u00f6nyves K\u00e1lm\u00e1n k\u00f6r\u00fati hajl\u00e9ktalansz\u00e1ll\u00f3 munk\u00e1ssz\u00e1ll\u00f3k\u00e9nt m\u0171k\u00f6d\u00f6tt, \u00e9n is laktam ott egy darabig, \u00e9s Tibi m\u00e1r akkor tartotta a kapcsolatot az emberekkel, \u00e9s eml\u00e9kszem, t\u00f6bbsz\u00f6r ki\u00e1llt azok\u00e9rt, akiket valamilyen s\u00e9relem \u00e9rt. A lapot viszont csak j\u00f3val k\u00e9s\u0151bb kezdtem el \u00e1rulni.<br \/>\nMikort\u00f3l tudhatjuk terjeszt\u0151ink k\u00f6z\u00f6tt?<br \/>\nH\u00fa, ez hossz\u00fa t\u00f6rt\u00e9net. 26 \u00e9ve vagyok hajl\u00e9ktalan, de csak p\u00e1r \u00e9ve vagyok terjeszt\u0151. Pesten sz\u00fcletettem, \u00e9desany\u00e1m meghalt 12 \u00e9ves koromban, ap\u00e1m \u00fajran\u0151s\u00fclt, de vele ezut\u00e1n havonta tal\u00e1lkoztunk csak. 20 \u00e9ves koromban ugyanis a sz\u00fcleim elk\u00fcldtek a h\u00e1zt\u00f3l: \u00e1lljak saj\u00e1t l\u00e1bamra. Van szakm\u00e1m: targonc\u00e1s vagyok, dolgoztam is benne, m\u00edg le nem sz\u00e1zal\u00e9koltak, a t\u00fcd\u0151m nem b\u00edrta. 25 \u00e9vesen munkak\u00e9ptelennek nyilv\u00e1n\u00edtottak, \u00e9s hajl\u00e9ktalan lettem. K\u00f6t\u0151d\u00e9sem nemigen volt Pesten, \u00e9s nem is igaz\u00e1n szerettem a nagyv\u00e1rost, a munk\u00e1ssz\u00e1ll\u00f3k is megsz\u0171ntek, \u00edgy fogtam magam, \u00e9s lementem a Balatonra. <br \/>\nA rokkantk\u00e9nt kapott havi \u00f6sszeg m\u00e1r akkoriban is zsebp\u00e9nznek volt el\u00e9g, \u00edgy tarh\u00e1lni kezdtem.<br \/>\nEkkoriban m\u00e1r utc\u00e1n \u00e9lt?<br \/>\nIgen, nagyon sok\u00e1ig. \u00c9jszak\u00e1nk\u00e9nt n\u00e9gyen-\u00f6ten a v\u00e1r\u00f3termekben aludtunk, nappal mindenki ment a maga dolg\u00e1ra. Az emberek el\u00e9g hamar megszoktak minket, senkit sem \u00e9rdekelt\u00fcnk. Sajnos m\u00e1r a munk\u00e1ssz\u00e1ll\u00f3n elkezdtem alkoholt fogyasztani, ott ez adja mag\u00e1t, gyakorlatilag mindenki iszik, olyan vil\u00e1g. \u00c9s itt Balatonon ha nem ittam, nem is tudtam tarh\u00e1lni, nem ment. Ha j\u00f3zan voltam, akkor vagy f\u00e9l \u00f3r\u00e1t fil\u00f3ztam, odamenjek-e vagy sem, \u00e9s hogy kihez.<br \/>\nSz\u00e9gyellte, hogy koldulni k\u00e9nyszer\u00fcl?<br \/>\nKoldul\u00e1s \u00e9s tarh\u00e1l\u00e1s nem ugyanaz, az\u00e9rt van k\u00fcl\u00f6nbs\u00e9g. A koldul\u00e1s szerintem az, hogy meg\u00e1llok egy helyben, tartom a poharat vagy a kezemet, \u00e9s v\u00e1rom a csod\u00e1t. \u00c9n tarh\u00e1ltam, ami azt jelenti, hogy pr\u00f3b\u00e1ltam megk\u00e9rni embereket, hogy seg\u00edtsenek, amivel tudnak. \u00c9n mindig \u00fagy fogtam fel, hogy ha nem megyek oda valakihez, hogy seg\u00edtsen, akkor kereszt\u00fcl n\u00e9z rajtam, \u00e9s ha ittam, akkor nem \u00e9rdekelt annyira, mit gondolnak m\u00e1sok. <br \/>\n\u00c9s mi hozta a v\u00e1ltoz\u00e1st?<br \/>\nEl\u00e9gg\u00e9 kezdtem r\u00e1menni erre az \u00e9letre, \u00e9s azt l\u00e1ttam: vagy megd\u00f6gl\u00f6k vagy abbahagyom az iv\u00e1st. Az ut\u00f3bbi mellett d\u00f6nt\u00f6ttem, \u00e9s 19 \u00e9v italoz\u00e1st hagytam abba egyik pillanatr\u00f3l a m\u00e1sikra. Otthagytam az eg\u00e9szet, ahogy volt, a &#8222;bar\u00e1tokat&#8221; \u00e9s az iv\u00e1szatot. Egyed\u00fcl maradtam, de nem vagyok mag\u00e1nyos. Ez az \u00faj \u00e9let m\u0171k\u00f6dik.<br \/>\nMennyire van k\u00f6ze a lapterjeszt\u00e9snek az \u00faj \u00e9lethez?<br \/>\nMint mondtam, r\u00e9g\u00f3ta ismertem m\u00e1r a lapot, de Pesten nem akartam dolgozni. Azt\u00e1n Balatonon sem, mert ott hossz\u00fa ideig m\u00e1s \u00e9letet \u00e9ltem. Ha az ember \u00faj \u00e9letet kezd, menjen \u00faj helyre. Amikor letettem az italt, akkor gondoltam r\u00e1, hogy terjeszt\u0151nek \u00e1llok, \u00e9s sokadik \u00e9ve utazok Pestre a szerkeszt\u0151s\u00e9gbe, hogy ott megvegyem a lapot, majd hazafel\u00e9 Sz\u00e9kesfeh\u00e9rv\u00e1ron, a helysz\u00ednemen munk\u00e1ba \u00e1llok. <br \/>\nMennyi id\u0151be \u00e9s lapba ker\u00fclt, m\u00edg siker\u00fclt alb\u00e9rletbe ker\u00fclnie?<br \/>\nMeg nem tudn\u00e1m mondani, h\u00e1ny darab \u00fajs\u00e1got kellett az alb\u00e9rlethez eladni, de igaz\u00e1b\u00f3l ha belegondolok, nem annyira sokat. De h\u00e1t megvolt m\u00e1r a c\u00e9l, \u00e9s ennek megfelel\u0151en kezdtem neki. Amikor el\u0151sz\u00f6r vettem \u00fajs\u00e1got, ki voltak akadva, pedig nem is volt olyan sok: 400 db-ot vittem, amit k\u00e9t h\u00e9t alatt eladtam. H\u00e1t \u00edgy kezd\u0151d\u00f6tt.<br \/>\nSz\u00f3val m\u0171k\u00f6dik a dolog. De vajon szereti is, amit csin\u00e1l?<br \/>\nTudja, dolgozn\u00e9k m\u00e1st, ha lenne mit, \u00e9s tudn\u00e1m is csin\u00e1lni. Most azt l\u00e1tom, mindenkinek neh\u00e9z. Akinek munk\u00e1ja van, nagyon kapaszkodik bel\u00e9, ha belegondolok, \u00e9n ink\u00e1bb vagyok szabad, mint egyesek. Persze, ha nincs is a sz\u00f3 szoros \u00e9rtelm\u00e9ben f\u0151n\u00f6k\u00f6m, \u00e9n az Olvas\u00f3kt\u00f3l f\u00fcgg\u00f6k, \u00edgy nekem se k\u00f6nny\u0171. \u00c9s a saj\u00e1t bajaival, \u00e9let\u00e9vel elfoglalt emberekt\u0151l k\u00fcl\u00f6nb\u00f6z\u0151 reakci\u00f3kat kapok. Engem sosem az zavar, ha valaki nem v\u00e1s\u00e1rol t\u0151lem \u00fajs\u00e1got, hanem ahogyan teszi ezt. Sokan akarj\u00e1k len\u00e9zni ezt a munk\u00e1t, pedig \u00e9n nem sz\u00e9gyellem, dolgozom. Van, aki szememre h\u00e1nyja, hogy mi\u00e9rt nem megyek el dolgozni &#8211; na ez el\u00e9gg\u00e9 bosszant, hisz \u00e9ppen azt csin\u00e1lom. De tudom, honnan f\u00faj a sz\u00e9l, sok t\u00f6rzsv\u00e1s\u00e1rl\u00f3m is akad, akikkel besz\u00e9lgetek, mert terjeszt\u00e9s k\u00f6zben azt is lehet, \u00e9s el\u00e9g sok minden sz\u00f3ba j\u00f6n. Most sokszor olyanokat mes\u00e9lnek a munkahely\u00fckr\u0151l, a f\u0151n\u00f6k\u00fckr\u0151l, hogy csak n\u00e9zek, \u00e9s sajn\u00e1lom \u0151ket. Egym\u00e1st taposs\u00e1k, mert f\u00e9lnek, f\u00e9ltik a saj\u00e1t \u00e1ll\u00e1sukat, \u00e9s szomor\u00faak. Ma mindenki nehezen \u00e9l, igaz\u00e1b\u00f3l nem l\u00e1tom, hogy olyan nagy k\u00fcl\u00f6nbs\u00e9g lenne ak\u00f6z\u00f6tt, ahogy \u00e9n \u00e9lek, \u00e9s ahogy m\u00e1sok. R\u00e9gen nem volt olyan neh\u00e9z fenntartani egy alb\u00e9rletet egy fizet\u00e9sb\u0151l, ma ez m\u00e1r nagyon nem \u00edgy van. Egy fizet\u00e9s nem el\u00e9g egy alb\u00e9rletre. \u00c9s akkor m\u00e9g hol van a meg\u00e9lhet\u00e9s? Ha egy \u00f6regasszony ad 50 Ft-ot, szerintem az t\u0151le nagy dolog, \u00e9s nekem sokat jelent, mert seg\u00edteni akar.<br \/>\nHogy \u00e9rzi, \u00d6n lehet az \u00c9v Dolgoz\u00f3ja 2014-ben is?<br \/>\nH\u00e1t, nem tudom, nekem az a fontos, hogy legal\u00e1bbis egyel\u0151re meg tudok \u00e9lni. De most egy\u00e9rtelm\u0171en van egy lefel\u00e9 tendencia. Kevesebbet v\u00e1s\u00e1rolnak, \u00e9s aki teszi, az is kevesebbet ad. Saj\u00e1t lak\u00e1sra sosem fog futni, de az alb\u00e9rletet nem hagyom. Ez a munk\u00e1m, oda kell \u00e1llni id\u0151j\u00e1r\u00e1st\u00f3l f\u00fcggetlen\u00fcl, \u00e9s csin\u00e1lni. B\u00e1r nem is annyira fizikailag, hanem szellemileg megterhel\u0151, a reakci\u00f3k \u00e9s a bizonytalans\u00e1g miatt. De van c\u00e9lom, nem akarom elvesz\u00edteni a lakhat\u00e1somat, \u00edgy nem baj, ha esik, kapucniban is lehet terjeszteni. Egyszer elmaradtam 3 h\u00e9tig, mert pajzsmiriggyel m\u0171t\u00f6ttek. Amikor visszaj\u00f6ttem, sokan k\u00e9rdezt\u00e9k, hol j\u00e1rtam eddig, mi van velem, ami j\u00f3l esett. Ami teh\u00e1t rajtam \u00e1ll, megteszem, dolgozom, \u00e9s rem\u00e9lem a legjobbakat.<br \/>\nK\u00f6sz\u00f6n\u00f6m, hogy id\u0151t szak\u00edtott r\u00e1nk, a szerkeszt\u0151s\u00e9g \u00e9s tal\u00e1n az Olvas\u00f3 nev\u00e9ben is k\u00edv\u00e1nhatok \u00d6nnek sok kitart\u00e1st \u00e9s v\u00e1s\u00e1rl\u00f3t 2014-ben is!\n<\/p>\n<p><\/p>\n<div class='watch-action'><div class='watch-position align-left'><div class='action-like'><a class='lbg-style1 like-1906 jlk' href='javascript:void(0)' data-task='like' data-post_id='1906' data-nonce='aaba13ab08' rel='nofollow'><img class='wti-pixel' src='https:\/\/fedelnelkul.hu\/wp-content\/plugins\/wti-like-post\/images\/pixel.gif' title='Like' \/><span class='lc-1906 lc'>0<\/span><\/a><\/div><\/div> <div class='status-1906 status align-left'><\/div><\/div><div class='wti-clear'><\/div>","protected":false},"excerpt":{"rendered":"<p>Balogh L\u00e1szl\u00f3 id\u00e9n harmadszor nyerte el a megtisztel\u0151 c\u00edmet, melyet az \u00e9v sor\u00e1n legt\u00f6bb lapot elad\u00f3 terjeszt\u0151nk \u00e9rdemel ki. Ideje volt interj\u00fara cs\u00e1b\u00edtanom, \u00e9s bemutatni az Olvas\u00f3knak a terjeszt\u0151t az \u00fajs\u00e1g m\u00f6g\u00f6tt. Az \u00c9v Dolgoz\u00f3ja lett, zsin\u00f3rban harmadszor. Maximalizmus? Nem mondan\u00e1m, csak \u00e9ppen van c\u00e9lom. \u00c9s egy ideje a lapterjeszt\u00e9ssel tudom megval\u00f3s\u00edtani. Mire gondol, mes\u00e9lne &hellip; <a href=\"https:\/\/fedelnelkul.hu\/en\/2018\/02\/10\/az-ev-dolgozoja-2012-beszelgetes-balogh-laszloval\/\" class=\"more-link\">Continue reading <span class=\"screen-reader-text\">Az \u00c9v Dolgoz\u00f3ja 2012. &#8211; Besz\u00e9lget\u00e9s Balogh L\u00e1szl\u00f3val<\/span><\/a><\/p>\n","protected":false},"author":534,"featured_media":0,"comment_status":"closed","ping_status":"open","sticky":false,"template":"","format":"standard","meta":{"footnotes":""},"categories":[157,8],"tags":[],"class_list":["post-1906","post","type-post","status-publish","format-standard","hentry","category-157","category-interju"],"_links":{"self":[{"href":"https:\/\/fedelnelkul.hu\/en\/wp-json\/wp\/v2\/posts\/1906","targetHints":{"allow":["GET"]}}],"collection":[{"href":"https:\/\/fedelnelkul.hu\/en\/wp-json\/wp\/v2\/posts"}],"about":[{"href":"https:\/\/fedelnelkul.hu\/en\/wp-json\/wp\/v2\/types\/post"}],"author":[{"embeddable":true,"href":"https:\/\/fedelnelkul.hu\/en\/wp-json\/wp\/v2\/users\/534"}],"replies":[{"embeddable":true,"href":"https:\/\/fedelnelkul.hu\/en\/wp-json\/wp\/v2\/comments?post=1906"}],"version-history":[{"count":0,"href":"https:\/\/fedelnelkul.hu\/en\/wp-json\/wp\/v2\/posts\/1906\/revisions"}],"wp:attachment":[{"href":"https:\/\/fedelnelkul.hu\/en\/wp-json\/wp\/v2\/media?parent=1906"}],"wp:term":[{"taxonomy":"category","embeddable":true,"href":"https:\/\/fedelnelkul.hu\/en\/wp-json\/wp\/v2\/categories?post=1906"},{"taxonomy":"post_tag","embeddable":true,"href":"https:\/\/fedelnelkul.hu\/en\/wp-json\/wp\/v2\/tags?post=1906"}],"curies":[{"name":"wp","href":"https:\/\/api.w.org\/{rel}","templated":true}]}}