{"id":1892,"date":"2018-02-10T20:33:57","date_gmt":"2018-02-10T20:33:57","guid":{"rendered":"http:\/\/fedelnelkul.hu\/2018\/02\/10\/nekem-a-tuzliliom\/"},"modified":"2018-02-10T20:33:57","modified_gmt":"2018-02-10T20:33:57","slug":"nekem-a-tuzliliom","status":"publish","type":"post","link":"https:\/\/fedelnelkul.hu\/en\/2018\/02\/10\/nekem-a-tuzliliom\/","title":{"rendered":"Nekem a t\u0171zliliom"},"content":{"rendered":"<p><font size=\"2\"><br \/>\nKeser\u0171 d\u00fch marcangol.<br \/>\nA tehetetlens\u00e9g meg\u00f6l.<br \/>\nEml\u00e9kezz bar\u00e1tom a ny\u00e1rra:<br \/>\na hal\u00e1l aratott k\u00f6z\u00f6tt\u00fcnk.<br \/>\nNekem a t\u0171zliliom az \u00e9let vir\u00e1ga.<br \/>\nM\u00edg forr\u00f3 szirma f\u00e9nyesen ragyog,<br \/>\na teremt\u0151 nem alkotta hi\u00e1ba<br \/>\nm\u0171v\u00e9t. \u00c9rtelme van annak, hogy itt vagyunk.<br \/>\nEml\u00e9kezz bar\u00e1tom: a T\u0171zliliom t\u00e9ren<br \/>\nsirattuk a haldokl\u00f3 \u00fcr\u00fcgy\u00e9n \u00f6nmagunk,<br \/>\ns\u0171r\u0171n kortyolva italunkat<br \/>\nlassan megfakult b\u00e1natunk.<br \/>\nNekem a t\u0171zliliom az \u00e9let vir\u00e1ga.<br \/>\nM\u00edg forr\u00f3 szirma f\u00e9nyesen ragyog,<br \/>\n\u00fagy \u00e9rzem, a teremt\u0151 nem adott hi\u00e1ba,<br \/>\n\u00c9s ha elvette, amit adott, annak oka volt.<\/p>\n<p><em><strong>2013 janu\u00e1r, k\u00fcl\u00f6nd\u00edj<\/strong><\/em><\/p>\n<p><\/font><\/p>\n<div class='watch-action'><div class='watch-position align-left'><div class='action-like'><a class='lbg-style1 like-1892 jlk' href='javascript:void(0)' data-task='like' data-post_id='1892' data-nonce='a4559c5496' rel='nofollow'><img class='wti-pixel' src='https:\/\/fedelnelkul.hu\/wp-content\/plugins\/wti-like-post\/images\/pixel.gif' title='Like' \/><span class='lc-1892 lc'>0<\/span><\/a><\/div><\/div> <div class='status-1892 status align-left'><\/div><\/div><div class='wti-clear'><\/div>","protected":false},"excerpt":{"rendered":"<p>Keser\u0171 d\u00fch marcangol. A tehetetlens\u00e9g meg\u00f6l. Eml\u00e9kezz bar\u00e1tom a ny\u00e1rra: a hal\u00e1l aratott k\u00f6z\u00f6tt\u00fcnk. Nekem a t\u0171zliliom az \u00e9let vir\u00e1ga. M\u00edg forr\u00f3 szirma f\u00e9nyesen ragyog, a teremt\u0151 nem alkotta hi\u00e1ba m\u0171v\u00e9t. \u00c9rtelme van annak, hogy itt vagyunk. Eml\u00e9kezz bar\u00e1tom: a T\u0171zliliom t\u00e9ren sirattuk a haldokl\u00f3 \u00fcr\u00fcgy\u00e9n \u00f6nmagunk, s\u0171r\u0171n kortyolva italunkat lassan megfakult b\u00e1natunk. Nekem a &hellip; <a href=\"https:\/\/fedelnelkul.hu\/en\/2018\/02\/10\/nekem-a-tuzliliom\/\" class=\"more-link\">Continue reading <span class=\"screen-reader-text\">Nekem a t\u0171zliliom<\/span><\/a><\/p>\n","protected":false},"author":157,"featured_media":0,"comment_status":"closed","ping_status":"open","sticky":false,"template":"","format":"standard","meta":{"footnotes":""},"categories":[155,10],"tags":[],"class_list":["post-1892","post","type-post","status-publish","format-standard","hentry","category-155","category-vers"],"_links":{"self":[{"href":"https:\/\/fedelnelkul.hu\/en\/wp-json\/wp\/v2\/posts\/1892","targetHints":{"allow":["GET"]}}],"collection":[{"href":"https:\/\/fedelnelkul.hu\/en\/wp-json\/wp\/v2\/posts"}],"about":[{"href":"https:\/\/fedelnelkul.hu\/en\/wp-json\/wp\/v2\/types\/post"}],"author":[{"embeddable":true,"href":"https:\/\/fedelnelkul.hu\/en\/wp-json\/wp\/v2\/users\/157"}],"replies":[{"embeddable":true,"href":"https:\/\/fedelnelkul.hu\/en\/wp-json\/wp\/v2\/comments?post=1892"}],"version-history":[{"count":0,"href":"https:\/\/fedelnelkul.hu\/en\/wp-json\/wp\/v2\/posts\/1892\/revisions"}],"wp:attachment":[{"href":"https:\/\/fedelnelkul.hu\/en\/wp-json\/wp\/v2\/media?parent=1892"}],"wp:term":[{"taxonomy":"category","embeddable":true,"href":"https:\/\/fedelnelkul.hu\/en\/wp-json\/wp\/v2\/categories?post=1892"},{"taxonomy":"post_tag","embeddable":true,"href":"https:\/\/fedelnelkul.hu\/en\/wp-json\/wp\/v2\/tags?post=1892"}],"curies":[{"name":"wp","href":"https:\/\/api.w.org\/{rel}","templated":true}]}}