{"id":18866,"date":"2025-12-28T23:16:29","date_gmt":"2025-12-28T22:16:29","guid":{"rendered":"https:\/\/fedelnelkul.hu\/?p=18866"},"modified":"2025-12-29T00:39:39","modified_gmt":"2025-12-28T23:39:39","slug":"duda-eva-egymast-segitve-es-epitve","status":"publish","type":"post","link":"https:\/\/fedelnelkul.hu\/en\/2025\/12\/28\/duda-eva-egymast-segitve-es-epitve\/","title":{"rendered":"Duda \u00c9va:  \u201eEgym\u00e1st seg\u00edtve \u00e9s \u00e9p\u00edtve\u201d"},"content":{"rendered":"<p><b>Egym\u00e1st seg\u00edtve \u00e9s \u00e9p\u00edtve\u00a0<\/b><\/p>\n<p><span style=\"font-weight: 400;\">\u00a0<\/span><\/p>\n<p><i><span style=\"font-weight: 400;\">Duda \u00c9va rendez\u0151, koreogr\u00e1fus, csod\u00e1latos m\u0171v\u00e9sz \u00e9s remek szervez\u0151. P\u00e1ly\u00e1j\u00e1nak h\u00fasz \u00e9v\u00e9r\u0151l, terveir\u0151l, \u00e9s felel\u0151ss\u00e9gteljes t\u00e1rsadalmi szerep\u00e9r\u0151l is besz\u00e9lgett\u00fcnk.<\/span><\/i><\/p>\n<p><span style=\"font-weight: 400;\">\u00a0<\/span><\/p>\n<p><b>T\u00f6bb mint 20 \u00e9ve vagy m\u00e1r a p\u00e1ly\u00e1n. Tudn\u00e1l m\u00e9rf\u00f6ldk\u00f6veket eml\u00edteni, amik meghat\u00e1roz\u00f3ak voltak?<\/b><\/p>\n<p><span style=\"font-weight: 400;\">A f\u0151iskola elv\u00e9gz\u00e9se ut\u00e1n k\u00e9t ir\u00e1nyba indultam el, \u00e9s mindkett\u0151n ma is haladok. Az egyik a k\u00eds\u00e9rletez\u0151 \u00fat, saj\u00e1t, \u00f6n\u00e1ll\u00f3 m\u0171vek l\u00e9trehoz\u00e1s\u00e1val. 2003-ban volt az els\u0151 saj\u00e1t rendez\u00e9s\u0171, <\/span><b><i>Bolyong\u00f3<\/i><\/b> <span style=\"font-weight: 400;\">c\u00edm\u0171 el\u0151ad\u00e1som, a Kis Herceg inspir\u00e1ci\u00f3j\u00e1ra. Ez a produkci\u00f3 \u00e9s a <\/span><b><i>Faun<\/i><\/b><span style=\"font-weight: 400;\">, amelyet az Egy Faun d\u00e9lut\u00e1nja c\u00edm\u0171 m\u0171b\u0151l \u00edrtam \u00e1t, adapt\u00e1ci\u00f3k voltak, de az \u00f6sszes t\u00f6bbi darabom saj\u00e1t szerzem\u00e9ny. M\u00e9g fiatal koromban kezdtem el \u00f6n\u00e1ll\u00f3 \u00fatra t\u00e9rni, megkeresni a forr\u00e1sokat ahhoz, hogy szabadon, f\u00fcggetlen\u00fcl tudjak dolgozni, azaz t\u00e1ncel\u0151ad\u00e1sokat l\u00e9trehozni nem sz\u00f3rakoztat\u00f3, hanem m\u0171v\u00e9szi c\u00e9lokkal.\u00a0<\/span><\/p>\n<p><span style=\"font-weight: 400;\">Ezzel p\u00e1rhuzamosan egy m\u00e1sik vonalon is elindultam, k\u00f6zrem\u0171k\u00f6dve nagyl\u00e9tsz\u00e1m\u00fa sz\u00ednh\u00e1zi produkci\u00f3k, musicalek, oper\u00e1k, zen\u00e9s el\u0151ad\u00e1sok megkoreograf\u00e1l\u00e1s\u00e1ban.<\/span> <span style=\"font-weight: 400;\">Ilyenkor felk\u00e9r\u00e9sekre dolgozom \u00e9s alkalmazkodnom kell ugyan, m\u00e9gis felh\u0151tlen \u00e9rz\u00e9s, hogy nem minden\u00e9rt, csak a saj\u00e1t munk\u00e1m\u00e9rt vagyok felel\u0151s, ami felszabad\u00edt\u00f3. A m\u00e1sik oldalon, ahol \u00e9n vagyok egy produkci\u00f3 \u00e9letreh\u00edv\u00f3ja, gy\u00fajt\u00f3pontja, \u00e9s gyakorlatilag a producere is, ott a kezdetekt\u0151l \u00e9n viszem v\u00e9gig a folyamatokat \u00e9s ez\u00e1ltal j\u00f3val nagyobb felel\u0151ss\u00e9g h\u00e1rul r\u00e1m. Mindk\u00e9t verzi\u00f3ban otthon \u00e9rzem magam, de m\u00e1sk\u00e9pp \u00e9lem meg.<\/span><\/p>\n<p><span style=\"font-weight: 400;\">Fontos m\u00e9rf\u00f6ldk\u0151 volt az \u00e9letemben, amikor 22 \u00e9ves koromban Ker\u00e9nyi Mikl\u00f3s G\u00e1bor, aki akkor az Operah\u00e1z f\u0151rendez\u0151je volt, elh\u00edvott, hogy a Szegedi Szabadt\u00e9ri J\u00e1t\u00e9kokon, az egyik oper\u00e1j\u00e1hoz k\u00e9sz\u00edtsek koreogr\u00e1fi\u00e1t. Ez \u00f3ri\u00e1si dolog volt, senki ilyen fiatalon ott nem r\u00fagott m\u00e9g labd\u00e1ba \u00e9s onnant\u00f3l m\u00e9g sok-sok \u00e9ven kereszt\u00fcl sok ezer ember l\u00e1tta ott a munk\u00e1imat, r\u00e1ad\u00e1sul hazai p\u00e1ly\u00e1n, mivel eredend\u0151en szegedi vagyok.<\/span><\/p>\n<p><span style=\"font-weight: 400;\">Miut\u00e1n v\u00e9geztem a tanulm\u00e1nyaimmal Budapesten, nagyon j\u00f3 alkot\u00f3i kapcsolat alakult ki k\u00f6z\u00f6tt\u00fcnk Ker\u00f3val, hossz\u00fa ideig dolgoztunk egy\u00fctt. K\u00f6zben \u0151 az Operettsz\u00ednh\u00e1z igazgat\u00f3ja lett, \u00e9s ott sz\u00e1mos sikerprodukci\u00f3nak voltam koreogr\u00e1fusa, de a legend\u00e1s<\/span><b><i> R\u00f3me\u00f3 \u00e9s J\u00falia<\/i><\/b><span style=\"font-weight: 400;\"> c\u00edm\u0171 el\u0151ad\u00e1s volt az a munk\u00e1m, amelyet k\u00f6vet\u0151en egym\u00e1s ut\u00e1n j\u00f6ttek a felk\u00e9r\u00e9sek.<\/span><\/p>\n<p><span style=\"font-weight: 400;\">A kort\u00e1rst\u00e1nc ter\u00fclet\u00e9n a <\/span><i><span style=\"font-weight: 400;\">Bolyong\u00f3<\/span><\/i><span style=\"font-weight: 400;\"> ut\u00e1n az <\/span><b><i>Ar\u00e9na<\/i><\/b><span style=\"font-weight: 400;\"> c\u00edm\u0171 el\u0151ad\u00e1s volt a k\u00f6vetkez\u0151, ami egy fontos \u00e1llom\u00e1s volt az \u00e9letemben, ezt pedig a K\u00f6z\u00e9p-Eur\u00f3pa T\u00e1ncsz\u00ednh\u00e1z t\u00e1ncosaival mutattunk be a mostani Bethlen T\u00e9ri Sz\u00ednh\u00e1zban. J\u00f3 n\u00e9h\u00e1ny \u00e9v szabad\u00fasz\u00e1s ut\u00e1n pedig megalap\u00edtottam a saj\u00e1t egy\u00fcttesemet, a jelenleg 12 \u00e9ve m\u0171k\u00f6d\u0151 Duda \u00c9va T\u00e1rsulatot.<\/span><\/p>\n<p><span style=\"font-weight: 400;\">\u00a0<\/span><\/p>\n<p><b>Hogyan dolgozol? Mi inspir\u00e1l, valamilyen zene vagy t\u00e9ma?<\/b><\/p>\n<p><span style=\"font-weight: 400;\">Sokf\u00e9le inspir\u00e1ci\u00f3s forr\u00e1s l\u00e9tezik sz\u00e1momra, de n\u00e1lam \u00e1ltal\u00e1ban a t\u00e9ma a meghat\u00e1roz\u00f3. Valami piszk\u00e1l, nem hagy nyugodni, \u00e9s akkor avval foglalkoznom kell, de \u00fagyis utat t\u00f6r mag\u00e1nak. Sokf\u00e9le dologba mer\u00fcltem el, t\u00e1rsadalmi sz\u00e9ls\u0151s\u00e9gek, kl\u00edma \u00e9s \u00f6kol\u00f3giai v\u00e9szhelyzet, kr\u00edzishelyzetek, addikt\u00edv t\u00e9m\u00e1k, szerelmi viszonyaink, k\u00fcl\u00f6nf\u00e9le emberi j\u00e1tszm\u00e1ink, de sz\u00fcletett olyan el\u0151ad\u00e1s is, aminek a szexualit\u00e1s, az erotika volt a f\u00f3kusz\u00e1ban, \u00e9s olyan is, amiben a f\u00e9rfiak szerepk\u00f6reit vizsg\u00e1ltam. T\u00f6bbnyire \u00e9l\u0151 zeneszerz\u0151kkel dolgozom, de olykor a t\u00e9m\u00e1khoz keresem az ahhoz illeszked\u0151 zen\u00e9ket. Van olyan el\u0151ad\u00e1s, aminek nagyon eklektikus a zenei vil\u00e1ga, \u00e9s van, amelyik tiszt\u00e1n egy st\u00edlusban marad v\u00e9gig. Mindenesetre az a csod\u00e1latos ebben, hogy teljes szabads\u00e1ggal foglalkozhatok avval, ami engem \u00e9rdekel.<\/span><\/p>\n<p><span style=\"font-weight: 400;\">\u00a0<\/span><\/p>\n<p><b>Az ut\u00f3bbi legeml\u00e9kezetesebb el\u0151ad\u00e1saidban mi a legfontosabb, leg\u00e9rdekesebb?<\/b><\/p>\n<p><span style=\"font-weight: 400;\">A Frida Kahlo \u00e9let\u00e9b\u0151l k\u00e9sz\u00fclt <\/span><b><i>FRIDA<\/i><\/b><span style=\"font-weight: 400;\"> c\u00edm\u0171 el\u0151ad\u00e1somban p\u00e9ld\u00e1ul a fest\u0151n\u0151 \u00e9let\u00e9n kereszt\u00fcl a m\u0171v\u00e9szl\u00e9t amplit\u00fad\u00f3i, az anyas\u00e1g ir\u00e1nti v\u00e1gy \u00e9s az emberfeletti k\u00fczdelem jelent meg teljes \u00f6sszm\u0171v\u00e9szeti arzen\u00e1llal, hiszen vet\u00edt\u00e9s, \u00e9l\u0151zene, sz\u00edn\u00e9szet, t\u00e1ncm\u0171v\u00e9szet egyszerre t\u00f6rt\u00e9nt a sz\u00ednpadon. Nagyon izgalmas munka volt, most \u00e9pp \u00faj helysz\u00ednt keres\u00fcnk, hogy \u00fajra j\u00e1tszhassuk.<\/span><\/p>\n<p><span style=\"font-weight: 400;\">A <\/span><b><i>MIRROR <\/i><\/b><span style=\"font-weight: 400;\">egy vad \u00e9s m\u00e9gis l\u00e1gy anyagb\u00f3l gy\u00fart el\u0151ad\u00e1s, amelyben t\u00f6bb kor\u00e1bbi el\u0151ad\u00e1som t\u00e9m\u00e1j\u00e1t dolgoztam \u00fajra. S\u00f6t\u00e9t t\u00f3nus\u00fa \u00e9s nagyon emocion\u00e1lis, az emberek k\u00f6zti verseng\u00e9st \u00e9s \u00e1lland\u00f3 dominanciaharcot helyezi el\u0151t\u00e9rbe. Eg\u00e9sz m\u00e1s vil\u00e1g a <\/span><b><i>RAMAZURI<\/i><\/b><span style=\"font-weight: 400;\">, ami egy k\u00f6nnyed, \u00e9letigenl\u0151, sz\u00ednes \u00e9s der\u0171s el\u0151ad\u00e1s, ami azt c\u00e9lozza, hogy r\u00e1csod\u00e1lkozzunk a vil\u00e1gra, \u00e9s pozit\u00edv t\u00f6ltettel menjen haza a n\u00e9z\u0151. \u00c9l\u0151zen\u00e9s produkci\u00f3, amiben beatbox \u00e9s heged\u0171 van, \u00e9s a formanyelv\u00e9t tekintve pedig a t\u00e1nc cirkuszi elemekkel \u00f6tv\u00f6z\u0151dik. A n\u00e9z\u0151k mosolyogva j\u00f6nnek ki, \u00e9s nagyon j\u00f3 \u00e9rz\u00e9s, hogy tudok ilyet csin\u00e1lni.\u00a0<\/span><\/p>\n<p><span style=\"font-weight: 400;\">\u00a0<\/span><\/p>\n<p><b>Az elm\u00falt k\u00e9t \u00e9v, a pand\u00e9mia id\u0151szaka milyen hat\u00e1ssal volt a t\u00e1rsulatra?<\/b><\/p>\n<p><span style=\"font-weight: 400;\">A t\u00e1ncosok \u00e9lete jelent\u0151sen \u00e1talakult, hiszen nagyon sokat mozognak \u00e9s \u00e1ltal\u00e1ban csak aludni j\u00e1rnak haza,<\/span> <span style=\"font-weight: 400;\">eg\u00e9sz nap pr\u00f3ba, gyakorl\u00e1s, \u00e9s ut\u00e1na este el\u0151ad\u00e1s. Ezekt\u0151l meg lettek fosztva. Mindenkit megviselt a helyzet, \u00e9s sokan el\u00e9g depresszi\u00f3sak is lettek. Kital\u00e1ltam, hogy otthoni, r\u00f6vid, t\u00e1ncos kisvide\u00f3kat szerkeszt\u00fcnk. K\u00fcl\u00f6nb\u00f6z\u0151 feladatokat adtam ki, amit hetente, otthon kellett megcsin\u00e1lniuk. Online ment minden, megmutattuk egym\u00e1snak, v\u00e9lem\u00e9nyezt\u00fck, kritiz\u00e1ltuk, \u00f6tleteket adtunk egym\u00e1snak, \u00fajra megcsin\u00e1ltuk, \u00e9s lett bel\u0151le egy nagyon izgalmas vide\u00f3anyag, amit meg is osztottunk a Facebookon. Szuper reakci\u00f3k j\u00f6ttek. Szerencs\u00e9re senkit nem kellett elk\u00fcldeni, mindenkit tudtunk fizetni, aki el\u0151tte alkalmaz\u00e1sban volt. Nagyon-nagyon \u00f6r\u00fcl\u00f6k, hogy ezt ar\u00e1nylag j\u00f3l \u00e1t tudtuk v\u00e9szelni, \u00e9s rem\u00e9lem, hogy m\u00e1r a v\u00e9g\u00e9n vagyunk ennek a j\u00e1rv\u00e1nynak, vagy k\u00e9pesek lesz\u00fcnk megtanulni egy\u00fctt \u00e9lni vele valahogy hossz\u00fat\u00e1von.<\/span><\/p>\n<p><span style=\"font-weight: 400;\">\u00a0<\/span><\/p>\n<p><b><img loading=\"lazy\" decoding=\"async\" class=\"wp-image-18872 alignleft\" src=\"https:\/\/fedelnelkul.hu\/wp-content\/uploads\/2025\/12\/dudaeva3-1024x683.jpg\" alt=\"\" width=\"366\" height=\"244\" srcset=\"https:\/\/fedelnelkul.hu\/wp-content\/uploads\/2025\/12\/dudaeva3-1024x683.jpg 1024w, https:\/\/fedelnelkul.hu\/wp-content\/uploads\/2025\/12\/dudaeva3-300x200.jpg 300w, https:\/\/fedelnelkul.hu\/wp-content\/uploads\/2025\/12\/dudaeva3-768x512.jpg 768w, https:\/\/fedelnelkul.hu\/wp-content\/uploads\/2025\/12\/dudaeva3-1536x1024.jpg 1536w, https:\/\/fedelnelkul.hu\/wp-content\/uploads\/2025\/12\/dudaeva3-2048x1365.jpg 2048w\" sizes=\"auto, (max-width: 366px) 100vw, 366px\" \/>Hogyan v\u00e1lt fontoss\u00e1 sz\u00e1modra, hogy t\u00e1rsadalmi k\u00e9rd\u00e9sekben is megsz\u00f3lalj?<\/b><\/p>\n<p><span style=\"font-weight: 400;\">\u00c9rz\u00e9keny antenn\u00e1im vannak, \u00e9szreveszem m\u00e1sok akaratlan jelz\u00e9seit, de figyelem is az embereket, foglalkozom a viselked\u00e9s\u00fckkel, mozdulataikkal, gesztusaikkal. Fontosnak tartom, hogy azt a kis id\u0151t, amit itt \u00e9s egy\u00fctt t\u00f6lt\u00fcnk, ne \u00f6nz\u0151en, egym\u00e1st kirekesztve, hanem egym\u00e1snak \u00e9lm\u00e9nyeket adva \u00e9s lehet\u0151s\u00e9geket teremtve, egym\u00e1st seg\u00edtve \u00e9s \u00e9p\u00edtve t\u00f6lts\u00fck. K\u00f6nnyen be lehet vonni az embert egy k\u00f6z\u00f6ss\u00e9gbe, de ki is sz\u00e1llhat abb\u00f3l, \u00e9s k\u00f6nnyen ki is lehet rekeszteni. Az ember pedig csord\u00e1ban szeret lenni, arra vagyunk predesztin\u00e1lva, hogy k\u00f6z\u00f6ss\u00e9gben \u00e9lj\u00fcnk. \u00c9szre kell venn\u00fcnk az apr\u00f3 lehet\u0151s\u00e9geket egym\u00e1s megseg\u00edt\u00e9s\u00e9re, \u00e9s \u00e9szre kell venn\u00fcnk azt is, hogy hol tudunk nagyobb l\u00e9p\u00e9seket tenni egym\u00e1s ir\u00e1nt. Ilyen p\u00e9ld\u00e1ul az Oltalom Karitat\u00edv Egyes\u00fclet, akik t\u00f6bb ezer h\u00e1tr\u00e1nyos helyzet\u0171 gyereknek, id\u0151snek, hajl\u00e9ktalan embernek seg\u00edtenek, adnak \u00e9telt, tanul\u00e1si, gy\u00f3gyul\u00e1si lehet\u0151s\u00e9get. Ha valaki felv\u00e1llalja a feladatot, hogy hivat\u00e1sszer\u0171en seg\u00edt, akkor nek\u00fcnk, akiknek pedig van lehet\u0151s\u00e9g\u00fcnk r\u00e1, kutyak\u00f6teless\u00e9g\u00fcnk ezeket a szervezeteket seg\u00edteni, ak\u00e1r anyagilag, ak\u00e1r \u00f6nk\u00e9ntesk\u00e9nt.<\/span><\/p>\n<p><span style=\"font-weight: 400;\">R\u00e9miszt\u0151, hogy ma olyanokat, akik k\u00f6zfeladatot l\u00e1tnak el, amit norm\u00e1lis esetben az \u00e1llamnak kellene elv\u00e9gezni \u2013 gondj\u00e1t viselni a perif\u00e9ri\u00e1ra szorult embereknek, szoci\u00e1lis h\u00e1l\u00f3t ny\u00fajtani nekik, seg\u00edteni visszarendez\u0151dni a t\u00e1rsadalomba \u2013\u00a0 a hatalom jelen pillanatban kriminaliz\u00e1l, nagy er\u0151kkel folyamatosan vegz\u00e1l, \u00e9s ellehetetlen\u00edteni igyekszik. Nagyon komolyan felteszem azt a k\u00e9rd\u00e9st is, hogy hol van a t\u00f6bbi egyh\u00e1zf\u0151, amikor mell\u00e9 k\u00e9ne \u00e1llni egy t\u00e1rsuknak, aki r\u00e1ad\u00e1sul pont azt teszi, amit J\u00e9zus tan\u00edtott? Sz\u00e9gyen a hallgat\u00e1suk.<\/span><\/p>\n<p><span style=\"font-weight: 400;\">\u00a0<\/span><\/p>\n<p><b>Milyen kapcsolat f\u0171z a no\u00c1r Mozgalomhoz?<\/b><\/p>\n<p><span style=\"font-weight: 400;\">F\u00e9rjemmel, Moln\u00e1r \u00c1ronnal k\u00f6z\u00f6sen alap\u00edtottuk n\u00e9h\u00e1ny \u00e9ve ezt az akkor m\u00e9g csak zenei, m\u0171v\u00e9szeti form\u00e1ci\u00f3t, ami az\u00f3ta mozgalomm\u00e1 n\u0151tte ki mag\u00e1t. Fontos nekem, hogy a szakmai tud\u00e1somat bele tudom tenni olyan \u00fcgyekbe, amivel a \u201ek\u00f6zj\u00f3t\u201d szolg\u00e1lhatom, gondolatokra, aktivit\u00e1sra \u00e9s b\u00e1tors\u00e1gra \u00f6szt\u00f6n\u00f6zve az embereket. F\u0151k\u00e9pp a klipek kreat\u00edv, vizu\u00e1lis megjelen\u00e9s\u00e9vel, m\u0171v\u00e9szi kidolgoz\u00e1s\u00e1val foglalkozom, valamint a koreogr\u00e1fiai \u00e9s rendez\u0151i feladatait v\u00e9gzem.<\/span><\/p>\n<p><span style=\"font-weight: 400;\">\u00a0<\/span><\/p>\n<p><b>M\u0171v\u00e9sz vagy, de csod\u00e1latos szervez\u0151 is. Ez adotts\u00e1g benned?<\/b><\/p>\n<p><span style=\"font-weight: 400;\">Tal\u00e1n adotts\u00e1g, de rengeteget tanultam rossz d\u00f6nt\u00e9sekb\u0151l \u00e9s hib\u00e1kb\u00f3l. Sok m\u0171v\u00e9sz nem szeret foglalkozni h\u00e1tt\u00e9r munk\u00e1kkal, de engem \u00e9rdekel. Nemcsak meg\u00e1lmodni vagy kital\u00e1lni szeretek dolgokat, de az \u00f6tletek megval\u00f3s\u00edt\u00e1sa, a hogyan \u00e9s annak folyamatai is \u00e9rdekelnek. Nagyon szeretem \u00e1tl\u00e1tni az \u00f6sszef\u00fcgg\u00e9seket, \u00e9lvezem, ahogy egy szikr\u00e1b\u00f3l \u00f6tlet lesz, \u00e9s szeretem kital\u00e1lni \u00e9s megtervezni, hogyan \u00e9rdemes eljutni a v\u00e9gc\u00e9lig, majd\u00a0csapatban ezen dolgozni, m\u00edg egy id\u0151 m\u00falva kialakul egy el\u0151ad\u00e1s, vagy egy vide\u00f3klip vagy \u00e9pp egy fesztiv\u00e1l. T\u00fal nagy \u00e9s m\u00e1gikus sz\u00f3 ez, de m\u00e9giscsak teremt\u00e9s, mert a semmib\u0151l l\u00e9trehozunk valamit. Ez nekem rengeteg pozit\u00edv energi\u00e1t ad.\u00a0<\/span><\/p>\n<p><span style=\"font-weight: 400;\">\u00a0<\/span><\/p>\n<p><b>Tervezed m\u00e1r a k\u00f6vetkez\u0151 munk\u00e1t?<img loading=\"lazy\" decoding=\"async\" class=\" wp-image-18871 alignright\" src=\"https:\/\/fedelnelkul.hu\/wp-content\/uploads\/2025\/12\/dudaeva1-1024x683.jpg\" alt=\"\" width=\"449\" height=\"299\" srcset=\"https:\/\/fedelnelkul.hu\/wp-content\/uploads\/2025\/12\/dudaeva1-1024x683.jpg 1024w, https:\/\/fedelnelkul.hu\/wp-content\/uploads\/2025\/12\/dudaeva1-300x200.jpg 300w, https:\/\/fedelnelkul.hu\/wp-content\/uploads\/2025\/12\/dudaeva1-768x512.jpg 768w, https:\/\/fedelnelkul.hu\/wp-content\/uploads\/2025\/12\/dudaeva1-1536x1024.jpg 1536w, https:\/\/fedelnelkul.hu\/wp-content\/uploads\/2025\/12\/dudaeva1-2048x1365.jpg 2048w\" sizes=\"auto, (max-width: 449px) 100vw, 449px\" \/><\/b><\/p>\n<p><span style=\"font-weight: 400;\">J\u00f3 n\u00e9h\u00e1ny produkci\u00f3 terve van szimult\u00e1n a fejemben, de \u00e1ltal\u00e1ban intu\u00edci\u00f3 alapj\u00e1n d\u0151l el, hogy mibe v\u00e1gok bele, kiv\u00e9ve, amikor felk\u00e9r\u00e9sre dolgozom. El\u00e9g neh\u00e9z viszont a kiforratlan tervekr\u0151l besz\u00e9lni, \u00fagyhogy maradjunk abban, \u00e9rlel\u0151dnek dolgok, de most el\u00e9g bizonytalan a helyzet, bizonytalanok a k\u00f6r\u00fclm\u00e9nyek, ami bizonytalann\u00e1 teszi a tervez\u00e9st is.<\/span><\/p>\n<p><span style=\"font-weight: 400;\">\u00a0<\/span><\/p>\n<p><b>Mi adja a siker \u00e9rz\u00e9s\u00e9t neked?<\/b><\/p>\n<p><span style=\"font-weight: 400;\">Ha a sok belefektetett munka v\u00e9g\u00fcl tal\u00e1lkozik a n\u00e9z\u0151k tetsz\u00e9s\u00e9vel, az nagyon j\u00f3 \u00e9rz\u00e9s.<\/span><span style=\"font-weight: 400;\"> De <\/span><span style=\"font-weight: 400;\">csod\u00e1latos az is, hogy azokkal az emberekkel, akikkel v\u00e9gigcsin\u00e1lunk egy-egy munkafolyamatot, k\u00f6z\u00f6ss\u00e9gk\u00e9nt \u00e1t\u00e9l\u00fcnk valamit egy\u00fctt, r\u00e1tal\u00e1lunk, felfedezhet\u00fcnk dolgokat egy\u00fctt, \u00e9s \u00e1ltala jobban megismerj\u00fck egym\u00e1st, tanulunk egym\u00e1st\u00f3l, \u00e9s tanulhatunk magunkr\u00f3l is.<\/span><\/p>\n<p><span style=\"font-weight: 400;\">\u00a0<\/span><\/p>\n<p><b>V\u00e1ltoztak a kort\u00e1rs t\u00e1nc ir\u00e1nti \u00e9rz\u00e9seid az \u00e9vek alatt?<\/b><\/p>\n<p><span style=\"font-weight: 400;\">\u00d6nmag\u00e1t\u00f3l a t\u00e1nct\u00f3l kiss\u00e9 elt\u00e1volodtam, b\u00e1r nagyon sz\u00edvesen n\u00e9zem, de a komplexebb feladatok vonzanak, \u00e9s nagyon izgat a filmez\u00e9s vil\u00e1ga is. Nagyobb perspekt\u00edv\u00e1ban gondolkodom, \u00f6sszm\u0171v\u00e9szeti ir\u00e1nyok fel\u00e9 t\u00f6rekszem, de szeretn\u00e9m t\u00e1g\u00edtani a tud\u00e1somat picit m\u00e1s ir\u00e1nyba is, ahol az eg\u00e9szs\u00e9gtudatoss\u00e1g, a ter\u00e1pia \u00e9s a t\u00e1nc szorosan tud \u00f6sszehangol\u00f3dni, de ez m\u00e9g csup\u00e1n egy d\u00e9delgetett terv.<\/span><\/p>\n<p><span style=\"font-weight: 400;\"><br \/>\n<em>szerz\u0151: Fridrich Piroska<\/em><\/span><\/p>\n<p><em>fot\u00f3: L\u00e9k\u00f3 Tam\u00e1s<\/em><\/p>\n<div class='watch-action'><div class='watch-position align-left'><div class='action-like'><a class='lbg-style1 like-18866 jlk' href='javascript:void(0)' data-task='like' data-post_id='18866' data-nonce='f48ebca404' rel='nofollow'><img class='wti-pixel' src='https:\/\/fedelnelkul.hu\/wp-content\/plugins\/wti-like-post\/images\/pixel.gif' title='Like' \/><span class='lc-18866 lc'>0<\/span><\/a><\/div><\/div> <div class='status-18866 status align-left'><\/div><\/div><div class='wti-clear'><\/div>","protected":false},"excerpt":{"rendered":"<p>Egym\u00e1st seg\u00edtve \u00e9s \u00e9p\u00edtve\u00a0 \u00a0 Duda \u00c9va rendez\u0151, koreogr\u00e1fus, csod\u00e1latos m\u0171v\u00e9sz \u00e9s remek szervez\u0151. P\u00e1ly\u00e1j\u00e1nak h\u00fasz \u00e9v\u00e9r\u0151l, terveir\u0151l, \u00e9s felel\u0151ss\u00e9gteljes t\u00e1rsadalmi szerep\u00e9r\u0151l is besz\u00e9lgett\u00fcnk. \u00a0 T\u00f6bb mint 20 \u00e9ve vagy m\u00e1r a p\u00e1ly\u00e1n. Tudn\u00e1l m\u00e9rf\u00f6ldk\u00f6veket eml\u00edteni, amik meghat\u00e1roz\u00f3ak voltak? A f\u0151iskola elv\u00e9gz\u00e9se ut\u00e1n k\u00e9t ir\u00e1nyba indultam el, \u00e9s mindkett\u0151n ma is haladok. Az egyik a &hellip; <a href=\"https:\/\/fedelnelkul.hu\/en\/2025\/12\/28\/duda-eva-egymast-segitve-es-epitve\/\" class=\"more-link\">Continue reading <span class=\"screen-reader-text\">Duda \u00c9va:  \u201eEgym\u00e1st seg\u00edtve \u00e9s \u00e9p\u00edtve\u201d<\/span><\/a><\/p>\n","protected":false},"author":125,"featured_media":18870,"comment_status":"open","ping_status":"open","sticky":false,"template":"","format":"standard","meta":{"footnotes":""},"categories":[576,8,276],"tags":[],"class_list":["post-18866","post","type-post","status-publish","format-standard","has-post-thumbnail","hentry","category-576","category-interju","category-sztarinterju"],"_links":{"self":[{"href":"https:\/\/fedelnelkul.hu\/en\/wp-json\/wp\/v2\/posts\/18866","targetHints":{"allow":["GET"]}}],"collection":[{"href":"https:\/\/fedelnelkul.hu\/en\/wp-json\/wp\/v2\/posts"}],"about":[{"href":"https:\/\/fedelnelkul.hu\/en\/wp-json\/wp\/v2\/types\/post"}],"author":[{"embeddable":true,"href":"https:\/\/fedelnelkul.hu\/en\/wp-json\/wp\/v2\/users\/125"}],"replies":[{"embeddable":true,"href":"https:\/\/fedelnelkul.hu\/en\/wp-json\/wp\/v2\/comments?post=18866"}],"version-history":[{"count":6,"href":"https:\/\/fedelnelkul.hu\/en\/wp-json\/wp\/v2\/posts\/18866\/revisions"}],"predecessor-version":[{"id":18875,"href":"https:\/\/fedelnelkul.hu\/en\/wp-json\/wp\/v2\/posts\/18866\/revisions\/18875"}],"wp:featuredmedia":[{"embeddable":true,"href":"https:\/\/fedelnelkul.hu\/en\/wp-json\/wp\/v2\/media\/18870"}],"wp:attachment":[{"href":"https:\/\/fedelnelkul.hu\/en\/wp-json\/wp\/v2\/media?parent=18866"}],"wp:term":[{"taxonomy":"category","embeddable":true,"href":"https:\/\/fedelnelkul.hu\/en\/wp-json\/wp\/v2\/categories?post=18866"},{"taxonomy":"post_tag","embeddable":true,"href":"https:\/\/fedelnelkul.hu\/en\/wp-json\/wp\/v2\/tags?post=18866"}],"curies":[{"name":"wp","href":"https:\/\/api.w.org\/{rel}","templated":true}]}}